{"id":1503,"date":"2020-11-02T10:54:51","date_gmt":"2020-11-02T09:54:51","guid":{"rendered":"https:\/\/powiatlwowecki.pl\/?p=1503"},"modified":"2020-11-02T10:54:51","modified_gmt":"2020-11-02T09:54:51","slug":"mistrzostwa-powiatu-sztafetowe-biegi-przelajowe","status":"publish","type":"post","link":"https:\/\/powiatlwowecki.pl\/mistrzostwa-powiatu-sztafetowe-biegi-przelajowe\/","title":{"rendered":"MISTRZOSTWA POWIATU &#8211; SZTAFETOWE BIEGI PRZE\u0141AJOWE"},"content":{"rendered":"<div class=\"fusion-fullwidth fullwidth-box fusion-builder-row-1 nonhundred-percent-fullwidth non-hundred-percent-height-scrolling\" style=\"--awb-border-radius-top-left:0px;--awb-border-radius-top-right:0px;--awb-border-radius-bottom-right:0px;--awb-border-radius-bottom-left:0px;--awb-flex-wrap:wrap;\" ><div class=\"fusion-builder-row fusion-row\"><div class=\"fusion-layout-column fusion_builder_column fusion-builder-column-0 fusion_builder_column_1_1 1_1 fusion-one-full fusion-column-first fusion-column-last\" style=\"--awb-bg-size:cover;\"><div class=\"fusion-column-wrapper fusion-column-has-shadow fusion-flex-column-wrapper-legacy\"><div class=\"fusion-text fusion-text-1\"><p>Dnia 6 pa\u017adziernika 2020 roku na Stadionie Miejskim w Lw\u00f3wku \u015al\u0105skim odby\u0142y si\u0119 Mistrzostwa Powiatu Lw\u00f3weckiego SZS w Sztafetowych Biegach Prze\u0142ajowych. Zawody rozegrane zosta\u0142y w re\u017cimie sanitarnym w trzech kategoriach wiekowych tj. igrzyska dzieci (rocznik 2008 i m\u0142odsi), igrzyska m\u0142odzie\u017cy (rocznik 2006 i 2005), licealiada m\u0142odzie\u017cy (rocznik 2001 i m\u0142odsi). Organizatorem zawod\u00f3w by\u0142 Powiatowy SZS w Lw\u00f3wku \u015al\u0105skim, zawody finansowane by\u0142y ze \u015brodk\u00f3w dotacji Gminy i Miasta Lw\u00f3wek \u015al\u0105ski oraz Powiatu Lw\u00f3weckiego. S\u0119dzi\u0105 g\u0142\u00f3wnym wszystkich bieg\u00f3w by\u0142 p. Grzegorz Po\u0142aczewski. W zawodach wystartowa\u0142o oko\u0142o 140 zawodniczek i zawodnik\u00f3w szk\u00f3\u0142 Powiatu Lw\u00f3weckiego. Zwyci\u0119zcy poszczeg\u00f3lnych bieg\u00f3w awansowali do Fina\u0142u Dolno\u015bl\u0105skiego, kt\u00f3ry zaplanowany jest na pa\u017adziernika 2020 roku w Olszynie. Gratulacje i \u017cyczymy dalszych sukces\u00f3w sportowych.<\/p>\n<\/div>\n<div>\n<p><span style=\"text-decoration: underline;\"><strong>IGRZYSKA DZIECI \u2013 ROCZNIK 2008 I M\u0141ODSI (KLASY VI i M\u0141ODSI)<\/strong><\/span><\/p>\n<p><strong>Dziewcz\u0119ta &#8211; dystans \u2013 6 x 800m<\/strong><\/p>\n<\/div>\n<div class=\"table-1\">\n<table width=\"100%\">\n<thead>\n<tr>\n<th align=\"left\">I miejsce<\/th>\n<th align=\"left\">SP nr 2 Lw\u00f3wek \u015al\u0105ski<\/th>\n<th align=\"left\">op. Magdalena Paw\u0142owicz<\/th>\n<\/tr>\n<\/thead>\n<tbody>\n<tr>\n<td align=\"left\">II miejsce<\/td>\n<td align=\"left\">Sp nr 1 Lw\u00f3wek \u015al\u0105ski<\/td>\n<td align=\"left\">op. Marek Bialic<\/td>\n<\/tr>\n<tr>\n<td align=\"left\">III miejsce<\/td>\n<td align=\"left\">SP nr 1 Gryf\u00f3w \u015al\u0105ski<\/td>\n<td align=\"left\">op. Miros\u0142aw Mleczak<\/td>\n<\/tr>\n<tr>\n<td align=\"left\">IV miejsce<\/td>\n<td align=\"left\">SP nr 3 Lw\u00f3wek \u015al\u0105ski<\/td>\n<td align=\"left\">op. Danuta Pogoda<\/td>\n<\/tr>\n<tr>\n<td align=\"left\">V miejsce<br \/>\n(PK)<\/td>\n<td align=\"left\">Sp nr 2 Lw\u00f3wek \u015al\u0105ski<\/td>\n<td align=\"left\">op. Magdalena Paw\u0142owicz<\/td>\n<\/tr>\n<\/tbody>\n<\/table>\n<p><strong>SP 2 Lw\u00f3wek \u015al\u0105ski:<\/strong><\/p>\n<p>Wiktoria Sikora, Weronika Roso\u0142ek, Martyna Michalska, Weronika Dancewicz, Anna Paciejewska, Lena Widuch.<\/p>\n<\/div>\n\n<div class=\"table-1\">\n<p><strong>Ch\u0142opcy &#8211; dystans \u2013 6 x 1000m<\/strong><\/p>\n<table width=\"100%\">\n<thead>\n<tr>\n<th align=\"left\">I miejsce<\/th>\n<th align=\"left\">SP nr 2 Lw\u00f3wek \u015al\u0105ski<\/th>\n<th align=\"left\">op. Magdalena Paw\u0142owicz<\/th>\n<\/tr>\n<\/thead>\n<tbody>\n<tr>\n<td align=\"left\">II miejsce<\/td>\n<td align=\"left\">SP nr 1 Lw\u00f3wek \u015al\u0105ski<\/td>\n<td align=\"left\">op. Miros\u0142aw Mleczek<\/td>\n<\/tr>\n<tr>\n<td align=\"left\">III miejsce<br \/>\n(PK)<\/td>\n<td align=\"left\">SP nr 2 Lw\u00f3wek \u015al\u0105ski<\/td>\n<td align=\"left\">op. Magdalena Paw\u0142owicz<\/td>\n<\/tr>\n<\/tbody>\n<\/table>\n<p><strong>SP 2 Lw\u00f3wek \u015al\u0105ski:<\/strong><\/p>\n<p>Filip Siedlecki, Wiktor Niedzielski, Jakub Osty\u0144ski, Konrad Draj, Adrian Kopiec, Jacek G\u00f3rski<\/p>\n<\/div>\n\n<div class=\"table-1\">\n<p><span style=\"text-decoration: underline;\"><strong>IGRZYSKA M\u0141ODZIE\u017bY \u2013 ROCZNIK 2007\/2006 (KLASY VII\/VIII)<\/strong><\/span><\/p>\n<p><strong>Dziewcz\u0119ta &#8211; dystans \u2013 6 x 1000m<\/strong><\/p>\n<table width=\"100%\">\n<thead>\n<tr>\n<th align=\"left\">I miejsce<\/th>\n<th align=\"left\">SP Wle\u0144<\/th>\n<th align=\"left\">op. Marta \u015awierczy\u0144ska-Janur<\/th>\n<\/tr>\n<\/thead>\n<tbody>\n<tr>\n<td align=\"left\">II miejsce<\/td>\n<td align=\"left\">SP nr 1 Gryf\u00f3w \u015al\u0105ski<\/td>\n<td align=\"left\">op. Beata Hryciew-Listwan<\/td>\n<\/tr>\n<tr>\n<td align=\"left\">III miejsce<\/td>\n<td align=\"left\">SP nr 1 Lw\u00f3wek \u015al\u0105ski<\/td>\n<td align=\"left\">op. Marek Bialic<\/td>\n<\/tr>\n<tr>\n<td align=\"left\">IV miejsce<\/td>\n<td align=\"left\">SP nr 2 Lw\u00f3wek \u015al\u0105ski<\/td>\n<td align=\"left\">op. Grzegorz Po\u0142aczewski<\/td>\n<\/tr>\n<\/tbody>\n<\/table>\n<p><strong>SP Wle\u0144:<\/strong><\/p>\n<p>Katarzyna Frontczak, Wiktoria Frontczak, Martyna \u0141ukasiewicz, Aleksandra \u0141ukasik, Dorota, Morman, Korlenia Po\u017coga.<\/p>\n<\/div>\n\n<div class=\"table-1\">\n<p><strong>Ch\u0142opcy &#8211; dystans \u2013 6 x 1200m<\/strong><\/p>\n<table width=\"100%\">\n<thead>\n<tr>\n<th align=\"left\">I miejsce<\/th>\n<th align=\"left\">SP nr 2 Lw\u00f3wek \u015al\u0105ski<\/th>\n<th align=\"left\">op. Grzegorz Po\u0142\u0105czewski<\/th>\n<\/tr>\n<\/thead>\n<tbody>\n<tr>\n<td align=\"left\">II miejsce<\/td>\n<td align=\"left\">Sp nr 1 Gryf\u00f3w \u015al\u0105ski<\/td>\n<td align=\"left\">op. Beata Hryciew-Listwan<\/td>\n<\/tr>\n<tr>\n<td align=\"left\">III miejsce<\/td>\n<td align=\"left\">Sp nr 1 Lw\u00f3wek \u015al\u0105ski<\/td>\n<td align=\"left\">op. Marek Bialic<\/td>\n<\/tr>\n<tr>\n<td align=\"left\">IV miejsce<br \/>\n(PK)<\/td>\n<td align=\"left\">SP nr 2 Lw\u00f3wek \u015al\u0105ski<\/td>\n<td align=\"left\">op. Grzegorz Po\u0142aczewski<\/td>\n<\/tr>\n<\/tbody>\n<\/table>\n<p><strong>SP 2 Lw\u00f3wek \u015al\u0105ski:<\/strong><\/p>\n<p>Ignacy Zab\u0142ocki, Dominik Karp, Oliwier Tyczkowski, Norbert Herba, Hubert Burdukiewicz, Bartosz Polarczyk.<\/p>\n<\/div>\n\n<div class=\"table-1\">\n<p><span style=\"text-decoration: underline;\"><strong>LICEALIADA M\u0141ODZIE\u017bY \u2013 ROCZNIK 2001 i m\u0142odsi<\/strong><\/span><\/p>\n<p><strong>Dziewcz\u0119ta &#8211; dystans \u2013 6 x 1000m<\/strong><\/p>\n<table width=\"100%\">\n<thead>\n<tr>\n<th align=\"left\">I miejsce<\/th>\n<th align=\"left\">ZSE-T Rakowice Wielskie<\/th>\n<th align=\"left\">op. Joanna \u0141ukasik<\/th>\n<\/tr>\n<\/thead>\n<tbody>\n<tr>\n<td align=\"left\">II miejsce<\/td>\n<td align=\"left\">ZSOiZ Lw\u00f3wek \u015al\u0105ski<\/td>\n<td align=\"left\">op. Katarzyna Bialic<\/td>\n<\/tr>\n<\/tbody>\n<\/table>\n<p><strong>ZSE-T Rakowice Wielkie:<\/strong><\/p>\n<p>Kinga Benesz, Lidia Bo\u017cek, Gabriela Kowalska, Marcelina Koryluk, Julita Mazur, Karolina R\u0119kas, Magdalena Ry\u015b, Klaudia Tomaszewska, Wiktoria Fedorowicz, Wiktoria Zastawniak.<\/p>\n<\/div>\n\n<div class=\"table-1\">\n<p><strong>Ch\u0142opcy &#8211; dystans \u2013 6 x 1200m<\/strong><\/p>\n<table width=\"100%\">\n<thead>\n<tr>\n<th align=\"left\">I miejsce<\/th>\n<th align=\"left\">ZSE-T Rakowice Wielkie<\/th>\n<th align=\"left\">op. Adam Dymitroca<\/th>\n<\/tr>\n<\/thead>\n<tbody>\n<tr>\n<td align=\"left\">II miejsce<\/td>\n<td align=\"left\">ZSOiZ Lw\u00f3wek \u015al\u0105ski<\/td>\n<td align=\"left\">op. Marek Bialic<\/td>\n<\/tr>\n<tr>\n<td align=\"left\">III miejsce<\/td>\n<td align=\"left\">ZSOiZ Gryf\u00f3w \u015al\u0105ski<\/td>\n<td align=\"left\">op. Arkadiusz Cicho\u0144<\/td>\n<\/tr>\n<\/tbody>\n<\/table>\n<p><strong>ZSE-T Rakowice Wielkie:<\/strong><\/p>\n<p>Gabriel Karpowicz, Wiktor Kocot, Wojciech Kruczkowski, Konrad Liszka., Mariusz<\/p>\n<p>Wituszy\u0144ski, Aleksander Zawada, Kacper Dopieralski.<\/p>\n<p>Opracowa\u0142 G. Po\u0142aczewski<\/p>\n<\/div>\n<div class=\"awb-gallery-wrapper awb-gallery-wrapper-1 button-span-no\"><div style=\"margin:-5px;--awb-bordersize:0px;\" class=\"fusion-gallery fusion-gallery-container fusion-grid-3 fusion-columns-total-12 fusion-gallery-layout-grid fusion-gallery-1\"><div style=\"padding:5px;\" class=\"fusion-grid-column fusion-gallery-column fusion-gallery-column-3 hover-type-zoomin\"><div class=\"fusion-gallery-image\"><a href=\"https:\/\/powiatlwowecki.pl\/wp-content\/uploads\/2020\/11\/20201006_110537.jpg\" rel=\"noreferrer\" data-rel=\"iLightbox[gallery_image_1]\" class=\"fusion-lightbox\" target=\"_self\"><img decoding=\"async\" src=\"https:\/\/powiatlwowecki.pl\/wp-content\/uploads\/2020\/11\/20201006_110537.jpg\" width=\"2016\" height=\"930\" alt=\"\" title=\"20201006_110537\" aria-label=\"20201006_110537\" class=\"img-responsive wp-image-1504\" srcset=\"https:\/\/powiatlwowecki.pl\/wp-content\/uploads\/2020\/11\/20201006_110537-200x92.jpg 200w, https:\/\/powiatlwowecki.pl\/wp-content\/uploads\/2020\/11\/20201006_110537-400x185.jpg 400w, https:\/\/powiatlwowecki.pl\/wp-content\/uploads\/2020\/11\/20201006_110537-600x277.jpg 600w, https:\/\/powiatlwowecki.pl\/wp-content\/uploads\/2020\/11\/20201006_110537-800x369.jpg 800w, https:\/\/powiatlwowecki.pl\/wp-content\/uploads\/2020\/11\/20201006_110537-1200x554.jpg 1200w, https:\/\/powiatlwowecki.pl\/wp-content\/uploads\/2020\/11\/20201006_110537.jpg 2016w\" sizes=\"(min-width: 2200px) 100vw, (min-width: 784px) 397px, (min-width: 712px) 595px, (min-width: 640px) 712px, \" \/><\/a><\/div><\/div><div style=\"padding:5px;\" class=\"fusion-grid-column fusion-gallery-column fusion-gallery-column-3 hover-type-zoomin\"><div class=\"fusion-gallery-image\"><a href=\"https:\/\/powiatlwowecki.pl\/wp-content\/uploads\/2020\/11\/20201006_110605.jpg\" rel=\"noreferrer\" data-rel=\"iLightbox[gallery_image_1]\" class=\"fusion-lightbox\" target=\"_self\"><img decoding=\"async\" src=\"https:\/\/powiatlwowecki.pl\/wp-content\/uploads\/2020\/11\/20201006_110605.jpg\" width=\"2016\" height=\"930\" alt=\"\" title=\"20201006_110605\" aria-label=\"20201006_110605\" class=\"img-responsive wp-image-1505\" srcset=\"https:\/\/powiatlwowecki.pl\/wp-content\/uploads\/2020\/11\/20201006_110605-200x92.jpg 200w, https:\/\/powiatlwowecki.pl\/wp-content\/uploads\/2020\/11\/20201006_110605-400x185.jpg 400w, https:\/\/powiatlwowecki.pl\/wp-content\/uploads\/2020\/11\/20201006_110605-600x277.jpg 600w, https:\/\/powiatlwowecki.pl\/wp-content\/uploads\/2020\/11\/20201006_110605-800x369.jpg 800w, https:\/\/powiatlwowecki.pl\/wp-content\/uploads\/2020\/11\/20201006_110605-1200x554.jpg 1200w, https:\/\/powiatlwowecki.pl\/wp-content\/uploads\/2020\/11\/20201006_110605.jpg 2016w\" sizes=\"(min-width: 2200px) 100vw, (min-width: 784px) 397px, (min-width: 712px) 595px, (min-width: 640px) 712px, \" \/><\/a><\/div><\/div><div style=\"padding:5px;\" class=\"fusion-grid-column fusion-gallery-column fusion-gallery-column-3 hover-type-zoomin\"><div class=\"fusion-gallery-image\"><a href=\"https:\/\/powiatlwowecki.pl\/wp-content\/uploads\/2020\/11\/20201006_110848.jpg\" rel=\"noreferrer\" data-rel=\"iLightbox[gallery_image_1]\" class=\"fusion-lightbox\" target=\"_self\"><img decoding=\"async\" src=\"https:\/\/powiatlwowecki.pl\/wp-content\/uploads\/2020\/11\/20201006_110848.jpg\" width=\"2016\" height=\"930\" alt=\"\" title=\"20201006_110848\" aria-label=\"20201006_110848\" class=\"img-responsive wp-image-1506\" srcset=\"https:\/\/powiatlwowecki.pl\/wp-content\/uploads\/2020\/11\/20201006_110848-200x92.jpg 200w, https:\/\/powiatlwowecki.pl\/wp-content\/uploads\/2020\/11\/20201006_110848-400x185.jpg 400w, https:\/\/powiatlwowecki.pl\/wp-content\/uploads\/2020\/11\/20201006_110848-600x277.jpg 600w, https:\/\/powiatlwowecki.pl\/wp-content\/uploads\/2020\/11\/20201006_110848-800x369.jpg 800w, https:\/\/powiatlwowecki.pl\/wp-content\/uploads\/2020\/11\/20201006_110848-1200x554.jpg 1200w, https:\/\/powiatlwowecki.pl\/wp-content\/uploads\/2020\/11\/20201006_110848.jpg 2016w\" sizes=\"(min-width: 2200px) 100vw, (min-width: 784px) 397px, (min-width: 712px) 595px, (min-width: 640px) 712px, \" \/><\/a><\/div><\/div><div class=\"clearfix\"><\/div><div style=\"padding:5px;\" class=\"fusion-grid-column fusion-gallery-column fusion-gallery-column-3 hover-type-zoomin\"><div class=\"fusion-gallery-image\"><a href=\"https:\/\/powiatlwowecki.pl\/wp-content\/uploads\/2020\/11\/20201006_110916.jpg\" rel=\"noreferrer\" data-rel=\"iLightbox[gallery_image_1]\" class=\"fusion-lightbox\" target=\"_self\"><img decoding=\"async\" src=\"https:\/\/powiatlwowecki.pl\/wp-content\/uploads\/2020\/11\/20201006_110916.jpg\" width=\"2016\" height=\"930\" alt=\"\" title=\"20201006_110916\" aria-label=\"20201006_110916\" class=\"img-responsive wp-image-1507\" srcset=\"https:\/\/powiatlwowecki.pl\/wp-content\/uploads\/2020\/11\/20201006_110916-200x92.jpg 200w, https:\/\/powiatlwowecki.pl\/wp-content\/uploads\/2020\/11\/20201006_110916-400x185.jpg 400w, https:\/\/powiatlwowecki.pl\/wp-content\/uploads\/2020\/11\/20201006_110916-600x277.jpg 600w, https:\/\/powiatlwowecki.pl\/wp-content\/uploads\/2020\/11\/20201006_110916-800x369.jpg 800w, https:\/\/powiatlwowecki.pl\/wp-content\/uploads\/2020\/11\/20201006_110916-1200x554.jpg 1200w, https:\/\/powiatlwowecki.pl\/wp-content\/uploads\/2020\/11\/20201006_110916.jpg 2016w\" sizes=\"(min-width: 2200px) 100vw, (min-width: 784px) 397px, (min-width: 712px) 595px, (min-width: 640px) 712px, \" \/><\/a><\/div><\/div><div style=\"padding:5px;\" class=\"fusion-grid-column fusion-gallery-column fusion-gallery-column-3 hover-type-zoomin\"><div class=\"fusion-gallery-image\"><a href=\"https:\/\/powiatlwowecki.pl\/wp-content\/uploads\/2020\/11\/20201006_110937.jpg\" rel=\"noreferrer\" data-rel=\"iLightbox[gallery_image_1]\" class=\"fusion-lightbox\" target=\"_self\"><img decoding=\"async\" src=\"https:\/\/powiatlwowecki.pl\/wp-content\/uploads\/2020\/11\/20201006_110937.jpg\" width=\"2016\" height=\"930\" alt=\"\" title=\"20201006_110937\" aria-label=\"20201006_110937\" class=\"img-responsive wp-image-1508\" srcset=\"https:\/\/powiatlwowecki.pl\/wp-content\/uploads\/2020\/11\/20201006_110937-200x92.jpg 200w, https:\/\/powiatlwowecki.pl\/wp-content\/uploads\/2020\/11\/20201006_110937-400x185.jpg 400w, https:\/\/powiatlwowecki.pl\/wp-content\/uploads\/2020\/11\/20201006_110937-600x277.jpg 600w, https:\/\/powiatlwowecki.pl\/wp-content\/uploads\/2020\/11\/20201006_110937-800x369.jpg 800w, https:\/\/powiatlwowecki.pl\/wp-content\/uploads\/2020\/11\/20201006_110937-1200x554.jpg 1200w, https:\/\/powiatlwowecki.pl\/wp-content\/uploads\/2020\/11\/20201006_110937.jpg 2016w\" sizes=\"(min-width: 2200px) 100vw, (min-width: 784px) 397px, (min-width: 712px) 595px, (min-width: 640px) 712px, \" \/><\/a><\/div><\/div><div style=\"padding:5px;\" class=\"fusion-grid-column fusion-gallery-column fusion-gallery-column-3 hover-type-zoomin\"><div class=\"fusion-gallery-image\"><a href=\"https:\/\/powiatlwowecki.pl\/wp-content\/uploads\/2020\/11\/20201006_115354.jpg\" rel=\"noreferrer\" data-rel=\"iLightbox[gallery_image_1]\" class=\"fusion-lightbox\" target=\"_self\"><img decoding=\"async\" src=\"https:\/\/powiatlwowecki.pl\/wp-content\/uploads\/2020\/11\/20201006_115354.jpg\" width=\"2016\" height=\"930\" alt=\"\" title=\"20201006_115354\" aria-label=\"20201006_115354\" class=\"img-responsive wp-image-1509\" srcset=\"https:\/\/powiatlwowecki.pl\/wp-content\/uploads\/2020\/11\/20201006_115354-200x92.jpg 200w, https:\/\/powiatlwowecki.pl\/wp-content\/uploads\/2020\/11\/20201006_115354-400x185.jpg 400w, https:\/\/powiatlwowecki.pl\/wp-content\/uploads\/2020\/11\/20201006_115354-600x277.jpg 600w, https:\/\/powiatlwowecki.pl\/wp-content\/uploads\/2020\/11\/20201006_115354-800x369.jpg 800w, https:\/\/powiatlwowecki.pl\/wp-content\/uploads\/2020\/11\/20201006_115354-1200x554.jpg 1200w, https:\/\/powiatlwowecki.pl\/wp-content\/uploads\/2020\/11\/20201006_115354.jpg 2016w\" sizes=\"(min-width: 2200px) 100vw, (min-width: 784px) 397px, (min-width: 712px) 595px, (min-width: 640px) 712px, \" \/><\/a><\/div><\/div><div class=\"clearfix\"><\/div><div style=\"padding:5px;\" class=\"fusion-grid-column fusion-gallery-column fusion-gallery-column-3 hover-type-zoomin\"><div class=\"fusion-gallery-image\"><a href=\"https:\/\/powiatlwowecki.pl\/wp-content\/uploads\/2020\/11\/20201006_115426.jpg\" rel=\"noreferrer\" data-rel=\"iLightbox[gallery_image_1]\" class=\"fusion-lightbox\" target=\"_self\"><img decoding=\"async\" src=\"https:\/\/powiatlwowecki.pl\/wp-content\/uploads\/2020\/11\/20201006_115426.jpg\" width=\"2016\" height=\"930\" alt=\"\" title=\"20201006_115426\" aria-label=\"20201006_115426\" class=\"img-responsive wp-image-1510\" srcset=\"https:\/\/powiatlwowecki.pl\/wp-content\/uploads\/2020\/11\/20201006_115426-200x92.jpg 200w, https:\/\/powiatlwowecki.pl\/wp-content\/uploads\/2020\/11\/20201006_115426-400x185.jpg 400w, https:\/\/powiatlwowecki.pl\/wp-content\/uploads\/2020\/11\/20201006_115426-600x277.jpg 600w, https:\/\/powiatlwowecki.pl\/wp-content\/uploads\/2020\/11\/20201006_115426-800x369.jpg 800w, https:\/\/powiatlwowecki.pl\/wp-content\/uploads\/2020\/11\/20201006_115426-1200x554.jpg 1200w, https:\/\/powiatlwowecki.pl\/wp-content\/uploads\/2020\/11\/20201006_115426.jpg 2016w\" sizes=\"(min-width: 2200px) 100vw, (min-width: 784px) 397px, (min-width: 712px) 595px, (min-width: 640px) 712px, \" \/><\/a><\/div><\/div><div style=\"padding:5px;\" class=\"fusion-grid-column fusion-gallery-column fusion-gallery-column-3 hover-type-zoomin\"><div class=\"fusion-gallery-image\"><a href=\"https:\/\/powiatlwowecki.pl\/wp-content\/uploads\/2020\/11\/20201006_123224.jpg\" rel=\"noreferrer\" data-rel=\"iLightbox[gallery_image_1]\" class=\"fusion-lightbox\" target=\"_self\"><img decoding=\"async\" src=\"https:\/\/powiatlwowecki.pl\/wp-content\/uploads\/2020\/11\/20201006_123224.jpg\" width=\"2016\" height=\"930\" alt=\"\" title=\"20201006_123224\" aria-label=\"20201006_123224\" class=\"img-responsive wp-image-1511\" srcset=\"https:\/\/powiatlwowecki.pl\/wp-content\/uploads\/2020\/11\/20201006_123224-200x92.jpg 200w, https:\/\/powiatlwowecki.pl\/wp-content\/uploads\/2020\/11\/20201006_123224-400x185.jpg 400w, https:\/\/powiatlwowecki.pl\/wp-content\/uploads\/2020\/11\/20201006_123224-600x277.jpg 600w, https:\/\/powiatlwowecki.pl\/wp-content\/uploads\/2020\/11\/20201006_123224-800x369.jpg 800w, https:\/\/powiatlwowecki.pl\/wp-content\/uploads\/2020\/11\/20201006_123224-1200x554.jpg 1200w, https:\/\/powiatlwowecki.pl\/wp-content\/uploads\/2020\/11\/20201006_123224.jpg 2016w\" sizes=\"(min-width: 2200px) 100vw, (min-width: 784px) 397px, (min-width: 712px) 595px, (min-width: 640px) 712px, \" \/><\/a><\/div><\/div><div style=\"padding:5px;\" class=\"fusion-grid-column fusion-gallery-column fusion-gallery-column-3 hover-type-zoomin\"><div class=\"fusion-gallery-image\"><a href=\"https:\/\/powiatlwowecki.pl\/wp-content\/uploads\/2020\/11\/20201006_123236.jpg\" rel=\"noreferrer\" data-rel=\"iLightbox[gallery_image_1]\" class=\"fusion-lightbox\" target=\"_self\"><img decoding=\"async\" src=\"https:\/\/powiatlwowecki.pl\/wp-content\/uploads\/2020\/11\/20201006_123236.jpg\" width=\"2016\" height=\"930\" alt=\"\" title=\"20201006_123236\" aria-label=\"20201006_123236\" class=\"img-responsive wp-image-1512\" srcset=\"https:\/\/powiatlwowecki.pl\/wp-content\/uploads\/2020\/11\/20201006_123236-200x92.jpg 200w, https:\/\/powiatlwowecki.pl\/wp-content\/uploads\/2020\/11\/20201006_123236-400x185.jpg 400w, https:\/\/powiatlwowecki.pl\/wp-content\/uploads\/2020\/11\/20201006_123236-600x277.jpg 600w, https:\/\/powiatlwowecki.pl\/wp-content\/uploads\/2020\/11\/20201006_123236-800x369.jpg 800w, https:\/\/powiatlwowecki.pl\/wp-content\/uploads\/2020\/11\/20201006_123236-1200x554.jpg 1200w, https:\/\/powiatlwowecki.pl\/wp-content\/uploads\/2020\/11\/20201006_123236.jpg 2016w\" sizes=\"(min-width: 2200px) 100vw, (min-width: 784px) 397px, (min-width: 712px) 595px, (min-width: 640px) 712px, \" \/><\/a><\/div><\/div><div class=\"clearfix\"><\/div><div style=\"padding:5px;\" class=\"fusion-grid-column fusion-gallery-column fusion-gallery-column-3 hover-type-zoomin\"><div class=\"fusion-gallery-image\"><a href=\"https:\/\/powiatlwowecki.pl\/wp-content\/uploads\/2020\/11\/20201006_131748.jpg\" rel=\"noreferrer\" data-rel=\"iLightbox[gallery_image_1]\" class=\"fusion-lightbox\" target=\"_self\"><img decoding=\"async\" src=\"https:\/\/powiatlwowecki.pl\/wp-content\/uploads\/2020\/11\/20201006_131748.jpg\" width=\"2016\" height=\"930\" alt=\"\" title=\"20201006_131748\" aria-label=\"20201006_131748\" class=\"img-responsive wp-image-1513\" srcset=\"https:\/\/powiatlwowecki.pl\/wp-content\/uploads\/2020\/11\/20201006_131748-200x92.jpg 200w, https:\/\/powiatlwowecki.pl\/wp-content\/uploads\/2020\/11\/20201006_131748-400x185.jpg 400w, https:\/\/powiatlwowecki.pl\/wp-content\/uploads\/2020\/11\/20201006_131748-600x277.jpg 600w, https:\/\/powiatlwowecki.pl\/wp-content\/uploads\/2020\/11\/20201006_131748-800x369.jpg 800w, https:\/\/powiatlwowecki.pl\/wp-content\/uploads\/2020\/11\/20201006_131748-1200x554.jpg 1200w, https:\/\/powiatlwowecki.pl\/wp-content\/uploads\/2020\/11\/20201006_131748.jpg 2016w\" sizes=\"(min-width: 2200px) 100vw, (min-width: 784px) 397px, (min-width: 712px) 595px, (min-width: 640px) 712px, \" \/><\/a><\/div><\/div><div style=\"padding:5px;\" class=\"fusion-grid-column fusion-gallery-column fusion-gallery-column-3 hover-type-zoomin\"><div class=\"fusion-gallery-image\"><a href=\"https:\/\/powiatlwowecki.pl\/wp-content\/uploads\/2020\/11\/20201006_131823.jpg\" rel=\"noreferrer\" data-rel=\"iLightbox[gallery_image_1]\" class=\"fusion-lightbox\" target=\"_self\"><img decoding=\"async\" src=\"https:\/\/powiatlwowecki.pl\/wp-content\/uploads\/2020\/11\/20201006_131823.jpg\" width=\"2016\" height=\"930\" alt=\"\" title=\"20201006_131823\" aria-label=\"20201006_131823\" class=\"img-responsive wp-image-1514\" srcset=\"https:\/\/powiatlwowecki.pl\/wp-content\/uploads\/2020\/11\/20201006_131823-200x92.jpg 200w, https:\/\/powiatlwowecki.pl\/wp-content\/uploads\/2020\/11\/20201006_131823-400x185.jpg 400w, https:\/\/powiatlwowecki.pl\/wp-content\/uploads\/2020\/11\/20201006_131823-600x277.jpg 600w, https:\/\/powiatlwowecki.pl\/wp-content\/uploads\/2020\/11\/20201006_131823-800x369.jpg 800w, https:\/\/powiatlwowecki.pl\/wp-content\/uploads\/2020\/11\/20201006_131823-1200x554.jpg 1200w, https:\/\/powiatlwowecki.pl\/wp-content\/uploads\/2020\/11\/20201006_131823.jpg 2016w\" sizes=\"(min-width: 2200px) 100vw, (min-width: 784px) 397px, (min-width: 712px) 595px, (min-width: 640px) 712px, \" \/><\/a><\/div><\/div><div style=\"padding:5px;\" class=\"fusion-grid-column fusion-gallery-column fusion-gallery-column-3 hover-type-zoomin\"><div class=\"fusion-gallery-image\"><a href=\"https:\/\/powiatlwowecki.pl\/wp-content\/uploads\/2020\/11\/20201006_131855.jpg\" rel=\"noreferrer\" data-rel=\"iLightbox[gallery_image_1]\" class=\"fusion-lightbox\" target=\"_self\"><img decoding=\"async\" src=\"https:\/\/powiatlwowecki.pl\/wp-content\/uploads\/2020\/11\/20201006_131855.jpg\" width=\"2016\" height=\"930\" alt=\"\" title=\"20201006_131855\" aria-label=\"20201006_131855\" class=\"img-responsive wp-image-1515\" srcset=\"https:\/\/powiatlwowecki.pl\/wp-content\/uploads\/2020\/11\/20201006_131855-200x92.jpg 200w, https:\/\/powiatlwowecki.pl\/wp-content\/uploads\/2020\/11\/20201006_131855-400x185.jpg 400w, https:\/\/powiatlwowecki.pl\/wp-content\/uploads\/2020\/11\/20201006_131855-600x277.jpg 600w, https:\/\/powiatlwowecki.pl\/wp-content\/uploads\/2020\/11\/20201006_131855-800x369.jpg 800w, https:\/\/powiatlwowecki.pl\/wp-content\/uploads\/2020\/11\/20201006_131855-1200x554.jpg 1200w, https:\/\/powiatlwowecki.pl\/wp-content\/uploads\/2020\/11\/20201006_131855.jpg 2016w\" sizes=\"(min-width: 2200px) 100vw, (min-width: 784px) 397px, (min-width: 712px) 595px, (min-width: 640px) 712px, \" \/><\/a><\/div><\/div><div class=\"clearfix\"><\/div><\/div><\/div><div class=\"fusion-clearfix\"><\/div><\/div><\/div><\/div><\/div>\n","protected":false},"excerpt":{"rendered":"","protected":false},"author":3,"featured_media":1510,"comment_status":"closed","ping_status":"closed","sticky":false,"template":"","format":"standard","meta":{"_acf_changed":false,"footnotes":""},"categories":[5],"tags":[],"class_list":["post-1503","post","type-post","status-publish","format-standard","has-post-thumbnail","hentry","category-aktualnosci"],"acf":false,"_links":{"self":[{"href":"https:\/\/powiatlwowecki.pl\/plci_json_endpoint\/wp\/v2\/posts\/1503","targetHints":{"allow":["GET"]}}],"collection":[{"href":"https:\/\/powiatlwowecki.pl\/plci_json_endpoint\/wp\/v2\/posts"}],"about":[{"href":"https:\/\/powiatlwowecki.pl\/plci_json_endpoint\/wp\/v2\/types\/post"}],"author":[{"embeddable":true,"href":"https:\/\/powiatlwowecki.pl\/plci_json_endpoint\/wp\/v2\/users\/3"}],"replies":[{"embeddable":true,"href":"https:\/\/powiatlwowecki.pl\/plci_json_endpoint\/wp\/v2\/comments?post=1503"}],"version-history":[{"count":0,"href":"https:\/\/powiatlwowecki.pl\/plci_json_endpoint\/wp\/v2\/posts\/1503\/revisions"}],"wp:featuredmedia":[{"embeddable":true,"href":"https:\/\/powiatlwowecki.pl\/plci_json_endpoint\/wp\/v2\/media\/1510"}],"wp:attachment":[{"href":"https:\/\/powiatlwowecki.pl\/plci_json_endpoint\/wp\/v2\/media?parent=1503"}],"wp:term":[{"taxonomy":"category","embeddable":true,"href":"https:\/\/powiatlwowecki.pl\/plci_json_endpoint\/wp\/v2\/categories?post=1503"},{"taxonomy":"post_tag","embeddable":true,"href":"https:\/\/powiatlwowecki.pl\/plci_json_endpoint\/wp\/v2\/tags?post=1503"}],"curies":[{"name":"wp","href":"https:\/\/api.w.org\/{rel}","templated":true}]}}