{"id":1358,"date":"2020-10-30T15:06:34","date_gmt":"2020-10-30T14:06:34","guid":{"rendered":"https:\/\/powiatlwowecki.pl\/?p=1358"},"modified":"2022-02-22T09:46:44","modified_gmt":"2022-02-22T08:46:44","slug":"powiatowe-centrum-zarzadzania-kryzysowego","status":"publish","type":"post","link":"https:\/\/powiatlwowecki.pl\/powiatowe-centrum-zarzadzania-kryzysowego\/","title":{"rendered":"Powiatowe Centrum Zarz\u0105dzania Kryzysowego"},"content":{"rendered":"<div class=\"fusion-text\">\n<p class=\"fusion-responsive-typography-calculated\" data-fontsize=\"16\" data-lineheight=\"22.4px\" data-wahfont=\"16\"><span style=\"font-size: 14pt;\">Powiatowe Centrum Zarz\u0105dzania Kryzysowego<\/span><br \/>\n<span style=\"font-size: 14pt;\">w Lw\u00f3wku \u015al\u0105skim<\/span><br \/>\n<span style=\"font-size: 14pt;\">ul. Szpitalna 4<\/span><br \/>\n<span style=\"font-size: 14pt;\">59-600 Lw\u00f3wek \u015al\u0105ski<\/span><\/p>\n<p class=\"fusion-responsive-typography-calculated\" data-fontsize=\"16\" data-lineheight=\"22.4px\" data-wahfont=\"16\"><span style=\"font-size: 14pt;\">tel. 75 782 28 26<\/span><br \/>\n<span style=\"font-size: 14pt;\">fax. 75 782 21 63<\/span><br \/>\n<span style=\"font-size: 14pt;\">kom. 604 970 611<\/span><br \/>\n<span style=\"font-size: 14pt;\">email: <a href=\"mailto:lwowek@czkw.wroc.pl\" data-wahfont=\"16\">lwowek@czkw.wroc.pl<\/a><\/span><\/p>\n<p class=\"fusion-responsive-typography-calculated\" data-fontsize=\"16\" data-lineheight=\"22.4px\" data-wahfont=\"16\"><span style=\"font-size: 14pt;\" data-wahfont=\"18\"><strong>Po godzinach pracy Starostwa oraz w dni wolne od pracy<\/strong><\/span><br \/>\n<span style=\"font-size: 14pt;\" data-wahfont=\"18\"><strong>dy\u017cur pe\u0142ni Stanowisko Kierowania<\/strong><\/span><br \/>\n<span style=\"font-size: 14pt;\" data-wahfont=\"18\"><strong>Komendy Powiatowej Pa\u0144stwowej Stra\u017cy Po\u017carnej\u00a0 w Lw\u00f3wku \u015alaskim<\/strong><\/span><br \/>\n<span style=\"font-size: 14pt;\" data-wahfont=\"18\"><strong>tel. 75 782 22 22<\/strong><\/span><\/p>\n<\/div>\n<p><span style=\"font-size: 14pt;\"><a href=\"https:\/\/powiatlwowecki.pl\/pczk-glowna\/\">www.pczk.powiatlwowecki.pl<\/a><\/span><\/p>\n","protected":false},"excerpt":{"rendered":"<p>Powiatowe Centrum Zarz\u0105dzania Kryzysowego w Lw\u00f3wku \u015al\u0105skim ul. Szpitalna 4 59-600 Lw\u00f3wek \u015al\u0105ski tel. 75 782 28 26 fax. 75 782 21 63 kom. 604 970 611 email: lwowek@czkw.wroc.pl Po godzinach pracy Starostwa oraz w  [&#8230;]<\/p>\n","protected":false},"author":3,"featured_media":0,"comment_status":"closed","ping_status":"closed","sticky":false,"template":"","format":"standard","meta":{"_acf_changed":false,"footnotes":""},"categories":[86],"tags":[],"class_list":["post-1358","post","type-post","status-publish","format-standard","hentry","category-wydzialy-strona-glowna"],"acf":{"kal_data_wydarzenia":""},"_links":{"self":[{"href":"https:\/\/powiatlwowecki.pl\/plci_json_endpoint\/wp\/v2\/posts\/1358","targetHints":{"allow":["GET"]}}],"collection":[{"href":"https:\/\/powiatlwowecki.pl\/plci_json_endpoint\/wp\/v2\/posts"}],"about":[{"href":"https:\/\/powiatlwowecki.pl\/plci_json_endpoint\/wp\/v2\/types\/post"}],"author":[{"embeddable":true,"href":"https:\/\/powiatlwowecki.pl\/plci_json_endpoint\/wp\/v2\/users\/3"}],"replies":[{"embeddable":true,"href":"https:\/\/powiatlwowecki.pl\/plci_json_endpoint\/wp\/v2\/comments?post=1358"}],"version-history":[{"count":1,"href":"https:\/\/powiatlwowecki.pl\/plci_json_endpoint\/wp\/v2\/posts\/1358\/revisions"}],"predecessor-version":[{"id":1929,"href":"https:\/\/powiatlwowecki.pl\/plci_json_endpoint\/wp\/v2\/posts\/1358\/revisions\/1929"}],"wp:attachment":[{"href":"https:\/\/powiatlwowecki.pl\/plci_json_endpoint\/wp\/v2\/media?parent=1358"}],"wp:term":[{"taxonomy":"category","embeddable":true,"href":"https:\/\/powiatlwowecki.pl\/plci_json_endpoint\/wp\/v2\/categories?post=1358"},{"taxonomy":"post_tag","embeddable":true,"href":"https:\/\/powiatlwowecki.pl\/plci_json_endpoint\/wp\/v2\/tags?post=1358"}],"curies":[{"name":"wp","href":"https:\/\/api.w.org\/{rel}","templated":true}]}}