{"id":1357,"date":"2020-10-30T15:03:36","date_gmt":"2020-10-30T14:03:36","guid":{"rendered":"https:\/\/powiatlwowecki.pl\/?p=1357"},"modified":"2021-02-12T12:55:11","modified_gmt":"2021-02-12T11:55:11","slug":"wydzial-budzetu-i-finansow-fn","status":"publish","type":"post","link":"https:\/\/powiatlwowecki.pl\/wydzial-budzetu-i-finansow-fn\/","title":{"rendered":"Wydzia\u0142 Bud\u017cetu i Finans\u00f3w (FN)"},"content":{"rendered":"<p>tel. (75) 782 2891,<br \/>\n(75) 782 5814,<br \/>\n(75) 782 2824<br \/>\nemail: <a href=\"mailto:fn@powiatlwowecki.pl\">fn@powiatlwowecki.pl<\/a><\/p>\n","protected":false},"excerpt":{"rendered":"<p>tel. (75) 782 2891, (75) 782 5814, (75) 782 2824 email: fn@powiatlwowecki.pl<\/p>\n","protected":false},"author":3,"featured_media":0,"comment_status":"closed","ping_status":"closed","sticky":false,"template":"","format":"standard","meta":{"_acf_changed":false,"footnotes":""},"categories":[86],"tags":[],"class_list":["post-1357","post","type-post","status-publish","format-standard","hentry","category-wydzialy-strona-glowna"],"acf":{"kal_data_wydarzenia":""},"_links":{"self":[{"href":"https:\/\/powiatlwowecki.pl\/plci_json_endpoint\/wp\/v2\/posts\/1357","targetHints":{"allow":["GET"]}}],"collection":[{"href":"https:\/\/powiatlwowecki.pl\/plci_json_endpoint\/wp\/v2\/posts"}],"about":[{"href":"https:\/\/powiatlwowecki.pl\/plci_json_endpoint\/wp\/v2\/types\/post"}],"author":[{"embeddable":true,"href":"https:\/\/powiatlwowecki.pl\/plci_json_endpoint\/wp\/v2\/users\/3"}],"replies":[{"embeddable":true,"href":"https:\/\/powiatlwowecki.pl\/plci_json_endpoint\/wp\/v2\/comments?post=1357"}],"version-history":[{"count":0,"href":"https:\/\/powiatlwowecki.pl\/plci_json_endpoint\/wp\/v2\/posts\/1357\/revisions"}],"wp:attachment":[{"href":"https:\/\/powiatlwowecki.pl\/plci_json_endpoint\/wp\/v2\/media?parent=1357"}],"wp:term":[{"taxonomy":"category","embeddable":true,"href":"https:\/\/powiatlwowecki.pl\/plci_json_endpoint\/wp\/v2\/categories?post=1357"},{"taxonomy":"post_tag","embeddable":true,"href":"https:\/\/powiatlwowecki.pl\/plci_json_endpoint\/wp\/v2\/tags?post=1357"}],"curies":[{"name":"wp","href":"https:\/\/api.w.org\/{rel}","templated":true}]}}