{"id":1352,"date":"2020-10-30T14:35:40","date_gmt":"2020-10-30T13:35:40","guid":{"rendered":"https:\/\/powiatlwowecki.pl\/?p=1352"},"modified":"2021-02-12T12:56:55","modified_gmt":"2021-02-12T11:56:55","slug":"wydzial-komunikacji-i-drog-powiatowych-kd","status":"publish","type":"post","link":"https:\/\/powiatlwowecki.pl\/wydzial-komunikacji-i-drog-powiatowych-kd\/","title":{"rendered":"Wydzia\u0142 Komunikacji i Dr\u00f3g Powiatowych (KD)"},"content":{"rendered":"<p>Rejestracja Pojazd\u00f3w, tel.: 75 782 2895<br \/>\nPrawo Jazdy, tel.: 75 782 2825<br \/>\nemail: <a href=\"mailto:komunikacja@powiatlwowecki.pl\">komunikacja@powiatlwowecki.pl<\/a><\/p>\n","protected":false},"excerpt":{"rendered":"<p>Rejestracja Pojazd\u00f3w, tel.: 75 782 2895 Prawo Jazdy, tel.: 75 782 2825 email: komunikacja@powiatlwowecki.pl<\/p>\n","protected":false},"author":3,"featured_media":0,"comment_status":"closed","ping_status":"closed","sticky":false,"template":"","format":"standard","meta":{"_acf_changed":false,"footnotes":""},"categories":[86],"tags":[],"class_list":["post-1352","post","type-post","status-publish","format-standard","hentry","category-wydzialy-strona-glowna"],"acf":{"kal_data_wydarzenia":""},"_links":{"self":[{"href":"https:\/\/powiatlwowecki.pl\/plci_json_endpoint\/wp\/v2\/posts\/1352","targetHints":{"allow":["GET"]}}],"collection":[{"href":"https:\/\/powiatlwowecki.pl\/plci_json_endpoint\/wp\/v2\/posts"}],"about":[{"href":"https:\/\/powiatlwowecki.pl\/plci_json_endpoint\/wp\/v2\/types\/post"}],"author":[{"embeddable":true,"href":"https:\/\/powiatlwowecki.pl\/plci_json_endpoint\/wp\/v2\/users\/3"}],"replies":[{"embeddable":true,"href":"https:\/\/powiatlwowecki.pl\/plci_json_endpoint\/wp\/v2\/comments?post=1352"}],"version-history":[{"count":1,"href":"https:\/\/powiatlwowecki.pl\/plci_json_endpoint\/wp\/v2\/posts\/1352\/revisions"}],"predecessor-version":[{"id":2066,"href":"https:\/\/powiatlwowecki.pl\/plci_json_endpoint\/wp\/v2\/posts\/1352\/revisions\/2066"}],"wp:attachment":[{"href":"https:\/\/powiatlwowecki.pl\/plci_json_endpoint\/wp\/v2\/media?parent=1352"}],"wp:term":[{"taxonomy":"category","embeddable":true,"href":"https:\/\/powiatlwowecki.pl\/plci_json_endpoint\/wp\/v2\/categories?post=1352"},{"taxonomy":"post_tag","embeddable":true,"href":"https:\/\/powiatlwowecki.pl\/plci_json_endpoint\/wp\/v2\/tags?post=1352"}],"curies":[{"name":"wp","href":"https:\/\/api.w.org\/{rel}","templated":true}]}}