{"id":1341,"date":"2020-10-30T13:13:55","date_gmt":"2020-10-30T12:13:55","guid":{"rendered":"https:\/\/powiatlwowecki.pl\/?p=1341"},"modified":"2021-02-23T13:01:13","modified_gmt":"2021-02-23T12:01:13","slug":"rzadowy-fundusz-inwestycji-lokalnych-informacja-o-planowanych-wydatkach","status":"publish","type":"post","link":"https:\/\/powiatlwowecki.pl\/rzadowy-fundusz-inwestycji-lokalnych-informacja-o-planowanych-wydatkach\/","title":{"rendered":"Rz\u0105dowy Fundusz Inwestycji Lokalnych &#8211; informacja o planowanych wydatkach"},"content":{"rendered":"<div class=\"fusion-fullwidth fullwidth-box fusion-builder-row-1 nonhundred-percent-fullwidth non-hundred-percent-height-scrolling\" style=\"--awb-border-radius-top-left:0px;--awb-border-radius-top-right:0px;--awb-border-radius-bottom-right:0px;--awb-border-radius-bottom-left:0px;--awb-flex-wrap:wrap;\" ><div class=\"fusion-builder-row fusion-row\"><div class=\"fusion-layout-column fusion_builder_column fusion-builder-column-0 fusion_builder_column_1_1 1_1 fusion-one-full fusion-column-first fusion-column-last\" style=\"--awb-bg-size:cover;\"><div class=\"fusion-column-wrapper fusion-column-has-shadow fusion-flex-column-wrapper-legacy\"><div class=\"fusion-text fusion-text-1\"><p><strong>Rz\u0105dowy Fundusz Inwestycji Lokalnych<\/strong> jest elementem Funduszu Przeciwdzia\u0142ania COVID-19, stworzonego w celu wsparcia realizacji zada\u0144 zwi\u0105zanych z przeciwdzia\u0142aniem COVID-19.<\/p>\n<p>23.7.2020 r. Rada Ministr\u00f3w przyj\u0119\u0142a uchwa\u0142\u0119 Nr 102 w sprawie wsparcia na realizacj\u0119 zada\u0144 inwestycyjnych przez jednostki samorz\u0105du terytorialnego, kt\u00f3ra okre\u015bli\u0142a zasady rozdzia\u0142u i przekazywania wsparcia jednostkom samorz\u0105du terytorialnego oraz zakres, spos\u00f3b i termin przedstawiania informacji o wykorzystaniu wsparcia.<\/p>\n<p><strong>W ramach RFIL Powiat Lw\u00f3wecki otrzyma\u0142 1 775 789,00 z\u0142 na wsparcie zada\u0144 inwestycyjnych.<\/strong><\/p>\n<p>Poni\u017csze zadania zosta\u0142y obj\u0119te dofinansowaniem ze \u015brodk\u00f3w bud\u017cetu pa\u0144stwa otrzymanych w ramach Rz\u0105dowego Funduszu Inwestycji Lokalnych:<\/p>\n<p>&#8211; <a href=\"https:\/\/powiatlwowecki.pl\/zakup-koparko-ladowarki\/\" target=\"_blank\" rel=\"noopener\"><strong>Zakup koparko-\u0142adowarki<\/strong><\/a> na potrzeby Zarz\u0105du Dr\u00f3g Powiatowych w Lw\u00f3wku \u015al\u0105skim \u2013 275 538,00 z\u0142 \u2013 inwestycja zrealizowana.<\/p>\n<p>&#8211; <strong>Budowa parkingu<\/strong> przy siedzibie Starostwa Powiatowego w Lw\u00f3wku \u015al\u0105skim, ul. Szpitalna 4 wraz z budow\u0105 windy, podjazd\u00f3w i miejsc parkingowych dla os\u00f3b z niepe\u0142nosprawno\u015bciami &#8211; 639 232,00 z\u0142.<\/p>\n<p>&#8211; <strong>Modernizacja pokrycia dachowego<\/strong> na budynku szpitala w Gryfowie \u015al\u0105skim \u2013 550 000,00 z\u0142.<\/p>\n<p>&#8211; <strong>Modernizacja kot\u0142owni<\/strong> wraz z robotami towarzysz\u0105cymi w Domu Pomocy Spo\u0142ecznej w Nielestnie &#8211; obiekcie s\u0142u\u017c\u0105cym rehabilitacji w zwi\u0105zku z potrzebami os\u00f3b niepe\u0142nosprawnych \u2013 279 081,41 z\u0142.<\/p>\n<p style=\"text-align: center;\"><img decoding=\"async\" class=\"aligncenter wp-image-1342 size-large\" src=\"https:\/\/powiatlwowecki.pl\/wp-content\/uploads\/2020\/10\/dpr_tablica_rfil-1024x724.jpg\" alt=\"\" width=\"1024\" height=\"724\" srcset=\"https:\/\/powiatlwowecki.pl\/wp-content\/uploads\/2020\/10\/dpr_tablica_rfil-24x17.jpg 24w, https:\/\/powiatlwowecki.pl\/wp-content\/uploads\/2020\/10\/dpr_tablica_rfil-36x25.jpg 36w, https:\/\/powiatlwowecki.pl\/wp-content\/uploads\/2020\/10\/dpr_tablica_rfil-48x34.jpg 48w, https:\/\/powiatlwowecki.pl\/wp-content\/uploads\/2020\/10\/dpr_tablica_rfil-200x141.jpg 200w, https:\/\/powiatlwowecki.pl\/wp-content\/uploads\/2020\/10\/dpr_tablica_rfil-300x212.jpg 300w, https:\/\/powiatlwowecki.pl\/wp-content\/uploads\/2020\/10\/dpr_tablica_rfil-400x283.jpg 400w, https:\/\/powiatlwowecki.pl\/wp-content\/uploads\/2020\/10\/dpr_tablica_rfil-600x424.jpg 600w, https:\/\/powiatlwowecki.pl\/wp-content\/uploads\/2020\/10\/dpr_tablica_rfil-768x543.jpg 768w, https:\/\/powiatlwowecki.pl\/wp-content\/uploads\/2020\/10\/dpr_tablica_rfil-800x565.jpg 800w, https:\/\/powiatlwowecki.pl\/wp-content\/uploads\/2020\/10\/dpr_tablica_rfil-1024x724.jpg 1024w, https:\/\/powiatlwowecki.pl\/wp-content\/uploads\/2020\/10\/dpr_tablica_rfil-1200x848.jpg 1200w, https:\/\/powiatlwowecki.pl\/wp-content\/uploads\/2020\/10\/dpr_tablica_rfil-1536x1085.jpg 1536w\" sizes=\"(max-width: 1024px) 100vw, 1024px\" \/><\/p>\n<\/div><div class=\"fusion-clearfix\"><\/div><\/div><\/div><\/div><\/div>\n","protected":false},"excerpt":{"rendered":"","protected":false},"author":3,"featured_media":0,"comment_status":"closed","ping_status":"closed","sticky":false,"template":"","format":"standard","meta":{"_acf_changed":false,"footnotes":""},"categories":[88,91],"tags":[],"class_list":["post-1341","post","type-post","status-publish","format-standard","hentry","category-fundusze-zewnetrzne","category-rfil"],"acf":{"kal_data_wydarzenia":""},"_links":{"self":[{"href":"https:\/\/powiatlwowecki.pl\/plci_json_endpoint\/wp\/v2\/posts\/1341","targetHints":{"allow":["GET"]}}],"collection":[{"href":"https:\/\/powiatlwowecki.pl\/plci_json_endpoint\/wp\/v2\/posts"}],"about":[{"href":"https:\/\/powiatlwowecki.pl\/plci_json_endpoint\/wp\/v2\/types\/post"}],"author":[{"embeddable":true,"href":"https:\/\/powiatlwowecki.pl\/plci_json_endpoint\/wp\/v2\/users\/3"}],"replies":[{"embeddable":true,"href":"https:\/\/powiatlwowecki.pl\/plci_json_endpoint\/wp\/v2\/comments?post=1341"}],"version-history":[{"count":0,"href":"https:\/\/powiatlwowecki.pl\/plci_json_endpoint\/wp\/v2\/posts\/1341\/revisions"}],"wp:attachment":[{"href":"https:\/\/powiatlwowecki.pl\/plci_json_endpoint\/wp\/v2\/media?parent=1341"}],"wp:term":[{"taxonomy":"category","embeddable":true,"href":"https:\/\/powiatlwowecki.pl\/plci_json_endpoint\/wp\/v2\/categories?post=1341"},{"taxonomy":"post_tag","embeddable":true,"href":"https:\/\/powiatlwowecki.pl\/plci_json_endpoint\/wp\/v2\/tags?post=1341"}],"curies":[{"name":"wp","href":"https:\/\/api.w.org\/{rel}","templated":true}]}}