{"id":1337,"date":"2020-10-30T13:04:42","date_gmt":"2020-10-30T12:04:42","guid":{"rendered":"https:\/\/powiatlwowecki.pl\/?p=1337"},"modified":"2020-10-30T13:04:42","modified_gmt":"2020-10-30T12:04:42","slug":"dofinansowanie-dla-powiatowych-dps-ow-i-lwoweckiego-szpitala","status":"publish","type":"post","link":"https:\/\/powiatlwowecki.pl\/dofinansowanie-dla-powiatowych-dps-ow-i-lwoweckiego-szpitala\/","title":{"rendered":"Dofinansowanie dla powiatowych DPS-\u00f3w i lw\u00f3weckiego szpitala."},"content":{"rendered":"<div class=\"fusion-fullwidth fullwidth-box fusion-builder-row-1 nonhundred-percent-fullwidth non-hundred-percent-height-scrolling\" style=\"--awb-border-radius-top-left:0px;--awb-border-radius-top-right:0px;--awb-border-radius-bottom-right:0px;--awb-border-radius-bottom-left:0px;--awb-flex-wrap:wrap;\" ><div class=\"fusion-builder-row fusion-row\"><div class=\"fusion-layout-column fusion_builder_column fusion-builder-column-0 fusion_builder_column_1_1 1_1 fusion-one-full fusion-column-first fusion-column-last\" style=\"--awb-bg-size:cover;\"><div class=\"fusion-column-wrapper fusion-column-has-shadow fusion-flex-column-wrapper-legacy\"><div class=\"fusion-text fusion-text-1\"><p><img decoding=\"async\" class=\"aligncenter wp-image-1336 size-large\" src=\"https:\/\/powiatlwowecki.pl\/wp-content\/uploads\/2020\/10\/FE_PR-DS-UE_EFFR-poziom-PL-kolor-1-1024x146.jpg\" alt=\"\" width=\"1024\" height=\"146\" srcset=\"https:\/\/powiatlwowecki.pl\/wp-content\/uploads\/2020\/10\/FE_PR-DS-UE_EFFR-poziom-PL-kolor-1-24x3.jpg 24w, https:\/\/powiatlwowecki.pl\/wp-content\/uploads\/2020\/10\/FE_PR-DS-UE_EFFR-poziom-PL-kolor-1-36x5.jpg 36w, https:\/\/powiatlwowecki.pl\/wp-content\/uploads\/2020\/10\/FE_PR-DS-UE_EFFR-poziom-PL-kolor-1-48x7.jpg 48w, https:\/\/powiatlwowecki.pl\/wp-content\/uploads\/2020\/10\/FE_PR-DS-UE_EFFR-poziom-PL-kolor-1-200x28.jpg 200w, https:\/\/powiatlwowecki.pl\/wp-content\/uploads\/2020\/10\/FE_PR-DS-UE_EFFR-poziom-PL-kolor-1-300x43.jpg 300w, https:\/\/powiatlwowecki.pl\/wp-content\/uploads\/2020\/10\/FE_PR-DS-UE_EFFR-poziom-PL-kolor-1-400x57.jpg 400w, https:\/\/powiatlwowecki.pl\/wp-content\/uploads\/2020\/10\/FE_PR-DS-UE_EFFR-poziom-PL-kolor-1-600x85.jpg 600w, https:\/\/powiatlwowecki.pl\/wp-content\/uploads\/2020\/10\/FE_PR-DS-UE_EFFR-poziom-PL-kolor-1-768x109.jpg 768w, https:\/\/powiatlwowecki.pl\/wp-content\/uploads\/2020\/10\/FE_PR-DS-UE_EFFR-poziom-PL-kolor-1-800x114.jpg 800w, https:\/\/powiatlwowecki.pl\/wp-content\/uploads\/2020\/10\/FE_PR-DS-UE_EFFR-poziom-PL-kolor-1-1024x146.jpg 1024w, https:\/\/powiatlwowecki.pl\/wp-content\/uploads\/2020\/10\/FE_PR-DS-UE_EFFR-poziom-PL-kolor-1-1200x171.jpg 1200w, https:\/\/powiatlwowecki.pl\/wp-content\/uploads\/2020\/10\/FE_PR-DS-UE_EFFR-poziom-PL-kolor-1-1536x219.jpg 1536w\" sizes=\"(max-width: 1024px) 100vw, 1024px\" \/><\/p>\n<p>Powiat Lw\u00f3wecki otrzyma\u0142 dofinansowanie w ramach grantu pn. <strong>\u201ePrzeciwdzia\u0142anie wykluczeniu spo\u0142ecznemu spowodowanemu przez Covid-19\u201d<\/strong>. Projekt jest odpowiedzi\u0105 na potrzeb\u0119 zapewnienia jak najszybszej i kompleksowej pomocy osobom, kt\u00f3re znalaz\u0142y si\u0119 w najtrudniejszej sytuacji w zwi\u0105zku z wyst\u0105pieniem Covid-19 na terenie Dolnego \u015al\u0105ska. Wsparcie w ramach projektu skierowane jest do Powiat\u00f3w, a za ich po\u015brednictwem do DPS oraz szpitali powiatowych.<\/p>\n<p>W ramach grantu wsparciem zosta\u0142y obj\u0119te: <strong>DPS w Mirsku, DPS w Nielestnie oraz Powiatowe Centrum Zdrowia w Lw\u00f3wku \u015al\u0105skim<\/strong>.<\/p>\n<p>Granty dla DPS-\u00f3w przyznane zosta\u0142y m.in. na: zakup i przeprowadzenie test\u00f3w na obecno\u015b\u0107 Covid-19, doposa\u017cenie stanowisk pracy i sprz\u0119t do walki z epidemi\u0105, przygotowanie miejsc do odbywania kwarantanny, zwrot koszt\u00f3w organizacji miejsc do ewakuacji instytucji, pomoc psychologiczn\u0105 i terapeutyczn\u0105. <strong>Wsparcie dla DPS w Mirsku wynosi 51 446 z\u0142, dla DPS w Nielestnie 47 693 z\u0142.<\/strong><\/p>\n<p>Grant dla lw\u00f3weckiego szpitala b\u0119dzie realizowany przez Powiat Lw\u00f3wecki, kt\u00f3ry przeka\u017ce zakupiony sprz\u0119t, wyposa\u017cenie i materia\u0142y <strong>PCZ-owi w formie darowizny<\/strong>, kt\u00f3rych planowana warto\u015b\u0107 wynosi <strong>348 287 z\u0142<\/strong>. Grant zostanie wykorzystany na zakup sprz\u0119tu medycznego, w tym m.in.: na echokardiograf, \u0142\u00f3\u017cko OAIT i myjnie dezynfekcyjne. Zakupiony sprz\u0119t medyczny oraz sprz\u0119t do prowadzenia dezynfekcji pozwoli na niwelowanie skutk\u00f3w choroby zaka\u017anej COVID-19 wywo\u0142anej wirusem SARS-CoV-19. Dzi\u0119ki dokonanym zakupom zostan\u0105 stworzone w Szpitalu Powiatowym w Lw\u00f3wku \u015al\u0105ski nowe mo\u017cliwo\u015bci diagnostyczne oraz bezpieczne warunki pobytu i pracy. Przyznany grant pozwoli zachowa\u0107 procedury zwi\u0105zane z przestrzeganiem re\u017cimu sanitarno \u2013 epidemiologicznego i umo\u017cliwi sprawne prowadzenie ALGORYTMU POST\u0118POWANIA \u2013 TRIA\u017b w szpitalach niezaka\u017anych. Przyznany grant pozwoli tak\u017ce wzmocni\u0107 kom\u00f3rki organizacyjne Szpitala Powiatowego w przeciwdzia\u0142aniu skutkom COVID-19 oraz wzmocni komplementarno\u015b\u0107 \u015bwiadcze\u0144 opieki zdrowotnej w zabezpieczaniu \u017cycia i zdrowia.<\/p>\n<p><strong>Projekt \u201ePrzeciwdzia\u0142anie wykluczeniu spo\u0142ecznemu spowodowanemu przez Covid-19\u201d jest dofinansowany ze \u015brodk\u00f3w Europejskiego Funduszu Spo\u0142ecznego w ramach Regionalnego Programu Operacyjnego Wojew\u00f3dztwa Dolno\u015bl\u0105skiego na lata 2014-2020.<\/strong><\/p>\n<\/div><div class=\"fusion-clearfix\"><\/div><\/div><\/div><\/div><\/div>\n","protected":false},"excerpt":{"rendered":"","protected":false},"author":3,"featured_media":0,"comment_status":"closed","ping_status":"closed","sticky":false,"template":"","format":"standard","meta":{"_acf_changed":false,"footnotes":""},"categories":[84],"tags":[],"class_list":["post-1337","post","type-post","status-publish","format-standard","hentry","category-fundusze-unijne"],"acf":false,"_links":{"self":[{"href":"https:\/\/powiatlwowecki.pl\/plci_json_endpoint\/wp\/v2\/posts\/1337","targetHints":{"allow":["GET"]}}],"collection":[{"href":"https:\/\/powiatlwowecki.pl\/plci_json_endpoint\/wp\/v2\/posts"}],"about":[{"href":"https:\/\/powiatlwowecki.pl\/plci_json_endpoint\/wp\/v2\/types\/post"}],"author":[{"embeddable":true,"href":"https:\/\/powiatlwowecki.pl\/plci_json_endpoint\/wp\/v2\/users\/3"}],"replies":[{"embeddable":true,"href":"https:\/\/powiatlwowecki.pl\/plci_json_endpoint\/wp\/v2\/comments?post=1337"}],"version-history":[{"count":0,"href":"https:\/\/powiatlwowecki.pl\/plci_json_endpoint\/wp\/v2\/posts\/1337\/revisions"}],"wp:attachment":[{"href":"https:\/\/powiatlwowecki.pl\/plci_json_endpoint\/wp\/v2\/media?parent=1337"}],"wp:term":[{"taxonomy":"category","embeddable":true,"href":"https:\/\/powiatlwowecki.pl\/plci_json_endpoint\/wp\/v2\/categories?post=1337"},{"taxonomy":"post_tag","embeddable":true,"href":"https:\/\/powiatlwowecki.pl\/plci_json_endpoint\/wp\/v2\/tags?post=1337"}],"curies":[{"name":"wp","href":"https:\/\/api.w.org\/{rel}","templated":true}]}}