{"id":12872,"date":"2026-05-03T07:00:42","date_gmt":"2026-05-03T05:00:42","guid":{"rendered":"https:\/\/powiatlwowecki.pl\/?p=12872"},"modified":"2026-04-27T14:00:18","modified_gmt":"2026-04-27T12:00:18","slug":"%f0%9f%87%b5%f0%9f%87%b1-3-maja-swieto-konstytucji-trzeciego-maja-%f0%9f%87%b5%f0%9f%87%b1","status":"publish","type":"post","link":"https:\/\/powiatlwowecki.pl\/%f0%9f%87%b5%f0%9f%87%b1-3-maja-swieto-konstytucji-trzeciego-maja-%f0%9f%87%b5%f0%9f%87%b1\/","title":{"rendered":"\ud83c\uddf5\ud83c\uddf1 3 maja \u2013 \u015awi\u0119to Konstytucji Trzeciego Maja \ud83c\uddf5\ud83c\uddf1"},"content":{"rendered":"<p class=\"isSelectedEnd\">3 maja obchodzimy jedno z najwa\u017cniejszych \u015bwi\u0105t pa\u0144stwowych \u2013 rocznic\u0119 uchwalenia Konstytucji 3 Maja z 1791 roku. By\u0142a to pierwsza w Europie i druga na \u015bwiecie nowoczesna konstytucja, b\u0119d\u0105ca symbolem d\u0105\u017cenia do wolno\u015bci, odpowiedzialno\u015bci obywatelskiej oraz troski o dobro wsp\u00f3lne.<\/p>\n<p class=\"isSelectedEnd\">To wyj\u0105tkowy dzie\u0144, kt\u00f3ry przypomina o warto\u015bciach jedno\u015bci, patriotyzmu i szacunku dla historii naszej Ojczyzny. Jest r\u00f3wnie\u017c okazj\u0105 do refleksji nad dziedzictwem minionych pokole\u0144 oraz znaczeniem wsp\u00f3lnego dzia\u0142ania na rzecz przysz\u0142o\u015bci.<\/p>\n<p class=\"isSelectedEnd\">Niech \u015awi\u0119to Konstytucji 3 Maja b\u0119dzie czasem dumy z narodowego dziedzictwa, wdzi\u0119czno\u015bci wobec tych, kt\u00f3rzy budowali fundamenty wolnej Polski, oraz inspiracj\u0105 do dalszego dzia\u0142ania na rzecz wsp\u00f3lnego dobra.<\/p>\n<p>Z okazji tego \u015bwi\u0119ta \u017cyczymy wszystkim radosnego i pe\u0142nego patriotycznej refleksji dnia.<\/p>\n","protected":false},"excerpt":{"rendered":"<p>3 maja obchodzimy jedno z najwa\u017cniejszych \u015bwi\u0105t pa\u0144stwowych \u2013 rocznic\u0119 uchwalenia Konstytucji 3 Maja z 1791 roku. By\u0142a to pierwsza w Europie i druga na \u015bwiecie nowoczesna konstytucja, b\u0119d\u0105ca symbolem d\u0105\u017cenia do wolno\u015bci, odpowiedzialno\u015bci obywatelskiej  [&#8230;]<\/p>\n","protected":false},"author":8,"featured_media":12887,"comment_status":"closed","ping_status":"closed","sticky":false,"template":"","format":"standard","meta":{"_acf_changed":false,"footnotes":""},"categories":[5],"tags":[],"class_list":["post-12872","post","type-post","status-publish","format-standard","has-post-thumbnail","hentry","category-aktualnosci"],"acf":{"kal_data_wydarzenia":""},"_links":{"self":[{"href":"https:\/\/powiatlwowecki.pl\/plci_json_endpoint\/wp\/v2\/posts\/12872","targetHints":{"allow":["GET"]}}],"collection":[{"href":"https:\/\/powiatlwowecki.pl\/plci_json_endpoint\/wp\/v2\/posts"}],"about":[{"href":"https:\/\/powiatlwowecki.pl\/plci_json_endpoint\/wp\/v2\/types\/post"}],"author":[{"embeddable":true,"href":"https:\/\/powiatlwowecki.pl\/plci_json_endpoint\/wp\/v2\/users\/8"}],"replies":[{"embeddable":true,"href":"https:\/\/powiatlwowecki.pl\/plci_json_endpoint\/wp\/v2\/comments?post=12872"}],"version-history":[{"count":1,"href":"https:\/\/powiatlwowecki.pl\/plci_json_endpoint\/wp\/v2\/posts\/12872\/revisions"}],"predecessor-version":[{"id":12889,"href":"https:\/\/powiatlwowecki.pl\/plci_json_endpoint\/wp\/v2\/posts\/12872\/revisions\/12889"}],"wp:featuredmedia":[{"embeddable":true,"href":"https:\/\/powiatlwowecki.pl\/plci_json_endpoint\/wp\/v2\/media\/12887"}],"wp:attachment":[{"href":"https:\/\/powiatlwowecki.pl\/plci_json_endpoint\/wp\/v2\/media?parent=12872"}],"wp:term":[{"taxonomy":"category","embeddable":true,"href":"https:\/\/powiatlwowecki.pl\/plci_json_endpoint\/wp\/v2\/categories?post=12872"},{"taxonomy":"post_tag","embeddable":true,"href":"https:\/\/powiatlwowecki.pl\/plci_json_endpoint\/wp\/v2\/tags?post=12872"}],"curies":[{"name":"wp","href":"https:\/\/api.w.org\/{rel}","templated":true}]}}