{"id":12869,"date":"2026-05-02T10:46:09","date_gmt":"2026-05-02T08:46:09","guid":{"rendered":"https:\/\/powiatlwowecki.pl\/?p=12869"},"modified":"2026-04-27T13:00:10","modified_gmt":"2026-04-27T11:00:10","slug":"%f0%9f%87%b5%f0%9f%87%b1-2-maja-dzien-flagi-rzeczypospolitej-polskiej-%f0%9f%87%b5%f0%9f%87%b1","status":"publish","type":"post","link":"https:\/\/powiatlwowecki.pl\/%f0%9f%87%b5%f0%9f%87%b1-2-maja-dzien-flagi-rzeczypospolitej-polskiej-%f0%9f%87%b5%f0%9f%87%b1\/","title":{"rendered":"\ud83c\uddf5\ud83c\uddf1 2 maja \u2013 Dzie\u0144 Flagi Rzeczypospolitej Polskiej \ud83c\uddf5\ud83c\uddf1"},"content":{"rendered":"<p class=\"isSelectedEnd\">2 maja obchodzimy Dzie\u0144 Flagi Rzeczypospolitej Polskiej \u2013 \u015bwi\u0119to ustanowione jako wyraz szacunku dla jednego z najwa\u017cniejszych symboli narodowych, b\u0119d\u0105cego znakiem naszej to\u017csamo\u015bci, historii i wsp\u00f3lnoty.<\/p>\n<p class=\"isSelectedEnd\">Bia\u0142o-czerwona flaga od pokole\u0144 towarzyszy Polakom w chwilach rado\u015bci, wzrusze\u0144 oraz podczas wa\u017cnych wydarze\u0144 dla naszej Ojczyzny. Jest symbolem jedno\u015bci, wolno\u015bci i dumy narodowej.<\/p>\n<p class=\"isSelectedEnd\">W tym szczeg\u00f3lnym dniu zach\u0119camy mieszka\u0144c\u00f3w Powiatu Lw\u00f3weckiego do wywieszenia flagi pa\u0144stwowej oraz wsp\u00f3lnego celebrowania warto\u015bci, kt\u00f3re nas \u0142\u0105cz\u0105.<\/p>\n<p class=\"isSelectedEnd\">Niech dzisiejsze \u015bwi\u0119to b\u0119dzie okazj\u0105 do refleksji nad histori\u0105 Polski oraz wyrazem przywi\u0105zania do narodowych tradycji.<\/p>\n<p class=\"isSelectedEnd\">Wszystkim mieszka\u0144com \u017cyczymy radosnego i pe\u0142nego dumy \u015bwi\u0119towania.<\/p>\n<p>#Dzie\u0144Flagi #2Maja #Bia\u0142oCzerwona #PowiatLw\u00f3wecki<\/p>\n","protected":false},"excerpt":{"rendered":"<p>2 maja obchodzimy Dzie\u0144 Flagi Rzeczypospolitej Polskiej \u2013 \u015bwi\u0119to ustanowione jako wyraz szacunku dla jednego z najwa\u017cniejszych symboli narodowych, b\u0119d\u0105cego znakiem naszej to\u017csamo\u015bci, historii i wsp\u00f3lnoty. Bia\u0142o-czerwona flaga od pokole\u0144 towarzyszy Polakom w chwilach rado\u015bci,  [&#8230;]<\/p>\n","protected":false},"author":8,"featured_media":12870,"comment_status":"closed","ping_status":"closed","sticky":false,"template":"","format":"standard","meta":{"_acf_changed":false,"footnotes":""},"categories":[5],"tags":[],"class_list":["post-12869","post","type-post","status-publish","format-standard","has-post-thumbnail","hentry","category-aktualnosci"],"acf":{"kal_data_wydarzenia":""},"_links":{"self":[{"href":"https:\/\/powiatlwowecki.pl\/plci_json_endpoint\/wp\/v2\/posts\/12869","targetHints":{"allow":["GET"]}}],"collection":[{"href":"https:\/\/powiatlwowecki.pl\/plci_json_endpoint\/wp\/v2\/posts"}],"about":[{"href":"https:\/\/powiatlwowecki.pl\/plci_json_endpoint\/wp\/v2\/types\/post"}],"author":[{"embeddable":true,"href":"https:\/\/powiatlwowecki.pl\/plci_json_endpoint\/wp\/v2\/users\/8"}],"replies":[{"embeddable":true,"href":"https:\/\/powiatlwowecki.pl\/plci_json_endpoint\/wp\/v2\/comments?post=12869"}],"version-history":[{"count":1,"href":"https:\/\/powiatlwowecki.pl\/plci_json_endpoint\/wp\/v2\/posts\/12869\/revisions"}],"predecessor-version":[{"id":12871,"href":"https:\/\/powiatlwowecki.pl\/plci_json_endpoint\/wp\/v2\/posts\/12869\/revisions\/12871"}],"wp:featuredmedia":[{"embeddable":true,"href":"https:\/\/powiatlwowecki.pl\/plci_json_endpoint\/wp\/v2\/media\/12870"}],"wp:attachment":[{"href":"https:\/\/powiatlwowecki.pl\/plci_json_endpoint\/wp\/v2\/media?parent=12869"}],"wp:term":[{"taxonomy":"category","embeddable":true,"href":"https:\/\/powiatlwowecki.pl\/plci_json_endpoint\/wp\/v2\/categories?post=12869"},{"taxonomy":"post_tag","embeddable":true,"href":"https:\/\/powiatlwowecki.pl\/plci_json_endpoint\/wp\/v2\/tags?post=12869"}],"curies":[{"name":"wp","href":"https:\/\/api.w.org\/{rel}","templated":true}]}}