{"id":12865,"date":"2026-05-01T12:00:36","date_gmt":"2026-05-01T10:00:36","guid":{"rendered":"https:\/\/powiatlwowecki.pl\/?p=12865"},"modified":"2026-04-27T12:45:58","modified_gmt":"2026-04-27T10:45:58","slug":"%f0%9f%87%b5%f0%9f%87%b1-1-maja-pamietamy-o-wartosciach-pracy-i-wspolnoty-%f0%9f%87%b5%f0%9f%87%b1","status":"publish","type":"post","link":"https:\/\/powiatlwowecki.pl\/%f0%9f%87%b5%f0%9f%87%b1-1-maja-pamietamy-o-wartosciach-pracy-i-wspolnoty-%f0%9f%87%b5%f0%9f%87%b1\/","title":{"rendered":"\ud83c\uddf5\ud83c\uddf1 1 maja \u2013 pami\u0119tamy o warto\u015bciach pracy i wsp\u00f3lnoty \ud83c\uddf5\ud83c\uddf1"},"content":{"rendered":"<p class=\"isSelectedEnd\">\u015awi\u0119to Pracy, obchodzone 1 maja, wywodzi si\u0119 z XIX-wiecznego ruchu robotniczego i walki o godne warunki zatrudnienia oraz prawa pracownicze. Na przestrzeni lat sta\u0142o si\u0119 symbolem szacunku dla ludzkiej pracy, solidarno\u015bci i wsp\u00f3lnego wysi\u0142ku na rzecz rozwoju spo\u0142ecze\u0144stw.<\/p>\n<p class=\"isSelectedEnd\">Dzie\u0144 1 maja to szczeg\u00f3lna okazja, by doceni\u0107 znaczenie pracy w \u017cyciu ka\u017cdego cz\u0142owieka oraz jej rol\u0119 w budowaniu silnej i zintegrowanej spo\u0142eczno\u015bci.<\/p>\n<p class=\"isSelectedEnd\">To r\u00f3wnie\u017c moment, aby wyrazi\u0107 wdzi\u0119czno\u015b\u0107 wszystkim mieszka\u0144com Powiatu Lw\u00f3weckiego \u2013 pracownikom, przedsi\u0119biorcom, rolnikom, rzemie\u015blnikom i osobom zaanga\u017cowanym spo\u0142ecznie \u2013 kt\u00f3rzy ka\u017cdego dnia swoj\u0105 prac\u0105 przyczyniaj\u0105 si\u0119 do rozwoju naszej Ma\u0142ej Ojczyzny.<\/p>\n<p class=\"isSelectedEnd\">Niech ten dzie\u0144 b\u0119dzie czasem odpoczynku, dumy z codziennych osi\u0105gni\u0119\u0107 oraz inspiracj\u0105 do dalszego dzia\u0142ania na rzecz wsp\u00f3lnego dobra.<\/p>\n<p>Wszystkim mieszka\u0144com \u017cyczymy spokoju, pomy\u015blno\u015bci i wielu sukces\u00f3w.<\/p>\n<p>&nbsp;<\/p>\n","protected":false},"excerpt":{"rendered":"<p>\u015awi\u0119to Pracy, obchodzone 1 maja, wywodzi si\u0119 z XIX-wiecznego ruchu robotniczego i walki o godne warunki zatrudnienia oraz prawa pracownicze. Na przestrzeni lat sta\u0142o si\u0119 symbolem szacunku dla ludzkiej pracy, solidarno\u015bci i wsp\u00f3lnego wysi\u0142ku na  [&#8230;]<\/p>\n","protected":false},"author":8,"featured_media":12867,"comment_status":"closed","ping_status":"closed","sticky":false,"template":"","format":"standard","meta":{"_acf_changed":false,"footnotes":""},"categories":[5],"tags":[],"class_list":["post-12865","post","type-post","status-publish","format-standard","has-post-thumbnail","hentry","category-aktualnosci"],"acf":{"kal_data_wydarzenia":""},"_links":{"self":[{"href":"https:\/\/powiatlwowecki.pl\/plci_json_endpoint\/wp\/v2\/posts\/12865","targetHints":{"allow":["GET"]}}],"collection":[{"href":"https:\/\/powiatlwowecki.pl\/plci_json_endpoint\/wp\/v2\/posts"}],"about":[{"href":"https:\/\/powiatlwowecki.pl\/plci_json_endpoint\/wp\/v2\/types\/post"}],"author":[{"embeddable":true,"href":"https:\/\/powiatlwowecki.pl\/plci_json_endpoint\/wp\/v2\/users\/8"}],"replies":[{"embeddable":true,"href":"https:\/\/powiatlwowecki.pl\/plci_json_endpoint\/wp\/v2\/comments?post=12865"}],"version-history":[{"count":1,"href":"https:\/\/powiatlwowecki.pl\/plci_json_endpoint\/wp\/v2\/posts\/12865\/revisions"}],"predecessor-version":[{"id":12868,"href":"https:\/\/powiatlwowecki.pl\/plci_json_endpoint\/wp\/v2\/posts\/12865\/revisions\/12868"}],"wp:featuredmedia":[{"embeddable":true,"href":"https:\/\/powiatlwowecki.pl\/plci_json_endpoint\/wp\/v2\/media\/12867"}],"wp:attachment":[{"href":"https:\/\/powiatlwowecki.pl\/plci_json_endpoint\/wp\/v2\/media?parent=12865"}],"wp:term":[{"taxonomy":"category","embeddable":true,"href":"https:\/\/powiatlwowecki.pl\/plci_json_endpoint\/wp\/v2\/categories?post=12865"},{"taxonomy":"post_tag","embeddable":true,"href":"https:\/\/powiatlwowecki.pl\/plci_json_endpoint\/wp\/v2\/tags?post=12865"}],"curies":[{"name":"wp","href":"https:\/\/api.w.org\/{rel}","templated":true}]}}