{"id":12854,"date":"2026-04-24T13:30:49","date_gmt":"2026-04-24T11:30:49","guid":{"rendered":"https:\/\/powiatlwowecki.pl\/?p=12854"},"modified":"2026-04-24T13:50:11","modified_gmt":"2026-04-24T11:50:11","slug":"modernizacja-drog-dojazdowych-do-szpitala-w-gryfowie-slaskim","status":"publish","type":"post","link":"https:\/\/powiatlwowecki.pl\/modernizacja-drog-dojazdowych-do-szpitala-w-gryfowie-slaskim\/","title":{"rendered":"Modernizacja dr\u00f3g dojazdowych do szpitala w Gryfowie \u015al\u0105skim"},"content":{"rendered":"<div class=\"fusion-fullwidth fullwidth-box fusion-builder-row-1 fusion-flex-container nonhundred-percent-fullwidth non-hundred-percent-height-scrolling\" style=\"--awb-border-radius-top-left:0px;--awb-border-radius-top-right:0px;--awb-border-radius-bottom-right:0px;--awb-border-radius-bottom-left:0px;--awb-flex-wrap:wrap;\" ><div class=\"fusion-builder-row fusion-row fusion-flex-align-items-flex-start fusion-flex-content-wrap\" style=\"max-width:1248px;margin-left: calc(-4% \/ 2 );margin-right: calc(-4% \/ 2 );\"><div class=\"fusion-layout-column fusion_builder_column fusion-builder-column-0 fusion_builder_column_1_1 1_1 fusion-flex-column\" style=\"--awb-bg-size:cover;--awb-width-large:100%;--awb-margin-top-large:0px;--awb-spacing-right-large:1.92%;--awb-margin-bottom-large:0px;--awb-spacing-left-large:1.92%;--awb-width-medium:100%;--awb-spacing-right-medium:1.92%;--awb-spacing-left-medium:1.92%;--awb-width-small:100%;--awb-spacing-right-small:1.92%;--awb-spacing-left-small:1.92%;\"><div class=\"fusion-column-wrapper fusion-flex-justify-content-flex-start fusion-content-layout-column\"><div class=\"fusion-text fusion-text-1\"><p>W dniu dzisiejszym zosta\u0142a podpisana umowa na opracowanie dokumentacji projektowej dla zadania pn.: \u201eModernizacja dr\u00f3g dojazdowych do szpitala w Gryfowie \u015al\u0105skim\u201d. Warto\u015b\u0107 zam\u00f3wienia wynosi blisko 100 tysi\u0119cy z\u0142otych. To wa\u017cny pierwszy etap dzia\u0142a\u0144, kt\u00f3re maj\u0105 na celu popraw\u0119 komfortu pacjent\u00f3w, personelu medycznego oraz wszystkich odwiedzaj\u0105cych plac\u00f3wk\u0119. Odpowiednio zaprojektowana infrastruktura drogowa prze\u0142o\u017cy si\u0119 na lepsz\u0105 dost\u0119pno\u015b\u0107 szpitala, wi\u0119ksze bezpiecze\u0144stwo oraz sprawniejsz\u0105 komunikacj\u0119 w jego otoczeniu. Realizacja prac projektowych otwiera drog\u0119 do dalszych dzia\u0142a\u0144 inwestycyjnych, kt\u00f3re b\u0119d\u0105 sukcesywnie podnosi\u0107 standard us\u0142ug i warunk\u00f3w korzystania z opieki zdrowotnej w naszym powiecie. B\u0119dziemy na bie\u017c\u0105co informowa\u0107 o post\u0119pach tego zadania.<\/p>\n<\/div><div class=\"awb-gallery-wrapper awb-gallery-wrapper-1 button-span-no\" style=\"--more-btn-alignment:center;\"><div style=\"margin:-5px;--awb-bordersize:0px;\" class=\"fusion-gallery fusion-gallery-container fusion-grid-3 fusion-columns-total-6 fusion-gallery-layout-grid fusion-gallery-1\"><div style=\"padding:5px;\" class=\"fusion-grid-column fusion-gallery-column fusion-gallery-column-3 hover-type-none\"><div class=\"fusion-gallery-image\"><a href=\"https:\/\/powiatlwowecki.pl\/wp-content\/uploads\/2026\/04\/IMG_7805-scaled.jpg\" rel=\"noreferrer\" data-rel=\"iLightbox[gallery_image_1]\" class=\"fusion-lightbox\" target=\"_self\"><img decoding=\"async\" src=\"https:\/\/powiatlwowecki.pl\/wp-content\/uploads\/2026\/04\/IMG_7805-scaled.jpg\" width=\"2560\" height=\"1920\" alt=\"Modernizacja dr\u00f3g dojazdowych do szpitala w Gryfowie \u015al\u0105skim\u201d.\" title=\"IMG_7805\" aria-label=\"IMG_7805\" class=\"img-responsive wp-image-12847\" srcset=\"https:\/\/powiatlwowecki.pl\/wp-content\/uploads\/2026\/04\/IMG_7805-200x150.jpg 200w, https:\/\/powiatlwowecki.pl\/wp-content\/uploads\/2026\/04\/IMG_7805-400x300.jpg 400w, https:\/\/powiatlwowecki.pl\/wp-content\/uploads\/2026\/04\/IMG_7805-600x450.jpg 600w, https:\/\/powiatlwowecki.pl\/wp-content\/uploads\/2026\/04\/IMG_7805-800x600.jpg 800w, https:\/\/powiatlwowecki.pl\/wp-content\/uploads\/2026\/04\/IMG_7805-1200x900.jpg 1200w, https:\/\/powiatlwowecki.pl\/wp-content\/uploads\/2026\/04\/IMG_7805-scaled.jpg 2560w\" sizes=\"(min-width: 2200px) 100vw, (min-width: 784px) 397px, (min-width: 712px) 595px, (min-width: 640px) 712px, \" \/><\/a><\/div><\/div><div style=\"padding:5px;\" class=\"fusion-grid-column fusion-gallery-column fusion-gallery-column-3 hover-type-none\"><div class=\"fusion-gallery-image\"><a href=\"https:\/\/powiatlwowecki.pl\/wp-content\/uploads\/2026\/04\/IMG_7799-scaled.jpg\" rel=\"noreferrer\" data-rel=\"iLightbox[gallery_image_1]\" class=\"fusion-lightbox\" target=\"_self\"><img decoding=\"async\" src=\"https:\/\/powiatlwowecki.pl\/wp-content\/uploads\/2026\/04\/IMG_7799-scaled.jpg\" width=\"2560\" height=\"1920\" alt=\"Modernizacja dr\u00f3g dojazdowych do szpitala w Gryfowie \u015al\u0105skim\u201d.\" title=\"IMG_7799\" aria-label=\"IMG_7799\" class=\"img-responsive wp-image-12852\" srcset=\"https:\/\/powiatlwowecki.pl\/wp-content\/uploads\/2026\/04\/IMG_7799-200x150.jpg 200w, https:\/\/powiatlwowecki.pl\/wp-content\/uploads\/2026\/04\/IMG_7799-400x300.jpg 400w, https:\/\/powiatlwowecki.pl\/wp-content\/uploads\/2026\/04\/IMG_7799-600x450.jpg 600w, https:\/\/powiatlwowecki.pl\/wp-content\/uploads\/2026\/04\/IMG_7799-800x600.jpg 800w, https:\/\/powiatlwowecki.pl\/wp-content\/uploads\/2026\/04\/IMG_7799-1200x900.jpg 1200w, https:\/\/powiatlwowecki.pl\/wp-content\/uploads\/2026\/04\/IMG_7799-scaled.jpg 2560w\" sizes=\"(min-width: 2200px) 100vw, (min-width: 784px) 397px, (min-width: 712px) 595px, (min-width: 640px) 712px, \" \/><\/a><\/div><\/div><div style=\"padding:5px;\" class=\"fusion-grid-column fusion-gallery-column fusion-gallery-column-3 hover-type-none\"><div class=\"fusion-gallery-image\"><a href=\"https:\/\/powiatlwowecki.pl\/wp-content\/uploads\/2026\/04\/IMG_7781-scaled.jpg\" rel=\"noreferrer\" data-rel=\"iLightbox[gallery_image_1]\" class=\"fusion-lightbox\" target=\"_self\"><img decoding=\"async\" src=\"https:\/\/powiatlwowecki.pl\/wp-content\/uploads\/2026\/04\/IMG_7781-scaled.jpg\" width=\"2560\" height=\"1920\" alt=\"Modernizacja dr\u00f3g dojazdowych do szpitala w Gryfowie \u015al\u0105skim\u201d.\" title=\"IMG_7781\" aria-label=\"IMG_7781\" class=\"img-responsive wp-image-12848\" srcset=\"https:\/\/powiatlwowecki.pl\/wp-content\/uploads\/2026\/04\/IMG_7781-200x150.jpg 200w, https:\/\/powiatlwowecki.pl\/wp-content\/uploads\/2026\/04\/IMG_7781-400x300.jpg 400w, https:\/\/powiatlwowecki.pl\/wp-content\/uploads\/2026\/04\/IMG_7781-600x450.jpg 600w, https:\/\/powiatlwowecki.pl\/wp-content\/uploads\/2026\/04\/IMG_7781-800x600.jpg 800w, https:\/\/powiatlwowecki.pl\/wp-content\/uploads\/2026\/04\/IMG_7781-1200x900.jpg 1200w, https:\/\/powiatlwowecki.pl\/wp-content\/uploads\/2026\/04\/IMG_7781-scaled.jpg 2560w\" sizes=\"(min-width: 2200px) 100vw, (min-width: 784px) 397px, (min-width: 712px) 595px, (min-width: 640px) 712px, \" \/><\/a><\/div><\/div><div class=\"clearfix\"><\/div><div style=\"padding:5px;\" class=\"fusion-grid-column fusion-gallery-column fusion-gallery-column-3 hover-type-none\"><div class=\"fusion-gallery-image\"><a href=\"https:\/\/powiatlwowecki.pl\/wp-content\/uploads\/2026\/04\/IMG_7789-scaled.jpg\" rel=\"noreferrer\" data-rel=\"iLightbox[gallery_image_1]\" class=\"fusion-lightbox\" target=\"_self\"><img decoding=\"async\" src=\"https:\/\/powiatlwowecki.pl\/wp-content\/uploads\/2026\/04\/IMG_7789-scaled.jpg\" width=\"1920\" height=\"2560\" alt=\"Modernizacja dr\u00f3g dojazdowych do szpitala w Gryfowie \u015al\u0105skim\u201d.\" title=\"IMG_7789\" aria-label=\"IMG_7789\" class=\"img-responsive wp-image-12850\" srcset=\"https:\/\/powiatlwowecki.pl\/wp-content\/uploads\/2026\/04\/IMG_7789-200x267.jpg 200w, https:\/\/powiatlwowecki.pl\/wp-content\/uploads\/2026\/04\/IMG_7789-400x533.jpg 400w, https:\/\/powiatlwowecki.pl\/wp-content\/uploads\/2026\/04\/IMG_7789-600x800.jpg 600w, https:\/\/powiatlwowecki.pl\/wp-content\/uploads\/2026\/04\/IMG_7789-800x1067.jpg 800w, https:\/\/powiatlwowecki.pl\/wp-content\/uploads\/2026\/04\/IMG_7789-1200x1600.jpg 1200w, https:\/\/powiatlwowecki.pl\/wp-content\/uploads\/2026\/04\/IMG_7789-scaled.jpg 1920w\" sizes=\"(min-width: 2200px) 100vw, (min-width: 784px) 397px, (min-width: 712px) 595px, (min-width: 640px) 712px, \" \/><\/a><\/div><\/div><div style=\"padding:5px;\" class=\"fusion-grid-column fusion-gallery-column fusion-gallery-column-3 hover-type-none\"><div class=\"fusion-gallery-image\"><a href=\"https:\/\/powiatlwowecki.pl\/wp-content\/uploads\/2026\/04\/IMG_7791-scaled.jpg\" rel=\"noreferrer\" data-rel=\"iLightbox[gallery_image_1]\" class=\"fusion-lightbox\" target=\"_self\"><img decoding=\"async\" src=\"https:\/\/powiatlwowecki.pl\/wp-content\/uploads\/2026\/04\/IMG_7791-scaled.jpg\" width=\"1920\" height=\"2560\" alt=\"Modernizacja dr\u00f3g dojazdowych do szpitala w Gryfowie \u015al\u0105skim\u201d.\" title=\"IMG_7791\" aria-label=\"IMG_7791\" class=\"img-responsive wp-image-12851\" srcset=\"https:\/\/powiatlwowecki.pl\/wp-content\/uploads\/2026\/04\/IMG_7791-200x267.jpg 200w, https:\/\/powiatlwowecki.pl\/wp-content\/uploads\/2026\/04\/IMG_7791-400x533.jpg 400w, https:\/\/powiatlwowecki.pl\/wp-content\/uploads\/2026\/04\/IMG_7791-600x800.jpg 600w, https:\/\/powiatlwowecki.pl\/wp-content\/uploads\/2026\/04\/IMG_7791-800x1067.jpg 800w, https:\/\/powiatlwowecki.pl\/wp-content\/uploads\/2026\/04\/IMG_7791-1200x1600.jpg 1200w, https:\/\/powiatlwowecki.pl\/wp-content\/uploads\/2026\/04\/IMG_7791-scaled.jpg 1920w\" sizes=\"(min-width: 2200px) 100vw, (min-width: 784px) 397px, (min-width: 712px) 595px, (min-width: 640px) 712px, \" \/><\/a><\/div><\/div><div style=\"padding:5px;\" class=\"fusion-grid-column fusion-gallery-column fusion-gallery-column-3 hover-type-none\"><div class=\"fusion-gallery-image\"><a href=\"https:\/\/powiatlwowecki.pl\/wp-content\/uploads\/2026\/04\/IMG_7788-scaled.jpg\" rel=\"noreferrer\" data-rel=\"iLightbox[gallery_image_1]\" class=\"fusion-lightbox\" target=\"_self\"><img decoding=\"async\" src=\"https:\/\/powiatlwowecki.pl\/wp-content\/uploads\/2026\/04\/IMG_7788-scaled.jpg\" width=\"1920\" height=\"2560\" alt=\"\" title=\"IMG_7788\" aria-label=\"IMG_7788\" class=\"img-responsive wp-image-12849\" srcset=\"https:\/\/powiatlwowecki.pl\/wp-content\/uploads\/2026\/04\/IMG_7788-200x267.jpg 200w, https:\/\/powiatlwowecki.pl\/wp-content\/uploads\/2026\/04\/IMG_7788-400x533.jpg 400w, https:\/\/powiatlwowecki.pl\/wp-content\/uploads\/2026\/04\/IMG_7788-scaled.jpg 1920w\" sizes=\"(min-width: 2200px) 100vw, (min-width: 784px) 397px, (min-width: 712px) 595px, (min-width: 640px) 712px, \" \/><\/a><\/div><\/div><div class=\"clearfix\"><\/div><\/div><\/div><\/div><\/div><\/div><\/div>\n","protected":false},"excerpt":{"rendered":"","protected":false},"author":8,"featured_media":12847,"comment_status":"closed","ping_status":"closed","sticky":false,"template":"","format":"standard","meta":{"_acf_changed":false,"footnotes":""},"categories":[5],"tags":[],"class_list":["post-12854","post","type-post","status-publish","format-standard","has-post-thumbnail","hentry","category-aktualnosci"],"acf":{"kal_data_wydarzenia":""},"_links":{"self":[{"href":"https:\/\/powiatlwowecki.pl\/plci_json_endpoint\/wp\/v2\/posts\/12854","targetHints":{"allow":["GET"]}}],"collection":[{"href":"https:\/\/powiatlwowecki.pl\/plci_json_endpoint\/wp\/v2\/posts"}],"about":[{"href":"https:\/\/powiatlwowecki.pl\/plci_json_endpoint\/wp\/v2\/types\/post"}],"author":[{"embeddable":true,"href":"https:\/\/powiatlwowecki.pl\/plci_json_endpoint\/wp\/v2\/users\/8"}],"replies":[{"embeddable":true,"href":"https:\/\/powiatlwowecki.pl\/plci_json_endpoint\/wp\/v2\/comments?post=12854"}],"version-history":[{"count":1,"href":"https:\/\/powiatlwowecki.pl\/plci_json_endpoint\/wp\/v2\/posts\/12854\/revisions"}],"predecessor-version":[{"id":12855,"href":"https:\/\/powiatlwowecki.pl\/plci_json_endpoint\/wp\/v2\/posts\/12854\/revisions\/12855"}],"wp:featuredmedia":[{"embeddable":true,"href":"https:\/\/powiatlwowecki.pl\/plci_json_endpoint\/wp\/v2\/media\/12847"}],"wp:attachment":[{"href":"https:\/\/powiatlwowecki.pl\/plci_json_endpoint\/wp\/v2\/media?parent=12854"}],"wp:term":[{"taxonomy":"category","embeddable":true,"href":"https:\/\/powiatlwowecki.pl\/plci_json_endpoint\/wp\/v2\/categories?post=12854"},{"taxonomy":"post_tag","embeddable":true,"href":"https:\/\/powiatlwowecki.pl\/plci_json_endpoint\/wp\/v2\/tags?post=12854"}],"curies":[{"name":"wp","href":"https:\/\/api.w.org\/{rel}","templated":true}]}}