{"id":12832,"date":"2026-04-23T10:10:58","date_gmt":"2026-04-23T08:10:58","guid":{"rendered":"https:\/\/powiatlwowecki.pl\/?p=12832"},"modified":"2026-04-23T10:10:58","modified_gmt":"2026-04-23T08:10:58","slug":"mistrzostwa-powiatu-w-pilce-noznej-chlopcow-igrzysk-dzieci-3","status":"publish","type":"post","link":"https:\/\/powiatlwowecki.pl\/mistrzostwa-powiatu-w-pilce-noznej-chlopcow-igrzysk-dzieci-3\/","title":{"rendered":"MISTRZOSTWA POWIATU W PI\u0141CE NO\u017bNEJ CH\u0141OPC\u00d3W IGRZYSK DZIECI"},"content":{"rendered":"<div class=\"fusion-fullwidth fullwidth-box fusion-builder-row-1 fusion-flex-container nonhundred-percent-fullwidth non-hundred-percent-height-scrolling\" style=\"--awb-border-radius-top-left:0px;--awb-border-radius-top-right:0px;--awb-border-radius-bottom-right:0px;--awb-border-radius-bottom-left:0px;--awb-flex-wrap:wrap;\" ><div class=\"fusion-builder-row fusion-row fusion-flex-align-items-flex-start fusion-flex-content-wrap\" style=\"max-width:1248px;margin-left: calc(-4% \/ 2 );margin-right: calc(-4% \/ 2 );\"><div class=\"fusion-layout-column fusion_builder_column fusion-builder-column-0 fusion_builder_column_1_1 1_1 fusion-flex-column\" style=\"--awb-bg-size:cover;--awb-width-large:100%;--awb-margin-top-large:0px;--awb-spacing-right-large:1.92%;--awb-margin-bottom-large:0px;--awb-spacing-left-large:1.92%;--awb-width-medium:100%;--awb-spacing-right-medium:1.92%;--awb-spacing-left-medium:1.92%;--awb-width-small:100%;--awb-spacing-right-small:1.92%;--awb-spacing-left-small:1.92%;\"><div class=\"fusion-column-wrapper fusion-flex-justify-content-flex-start fusion-content-layout-column\"><div class=\"fusion-text fusion-text-1\"><p>Dnia 22 kwietnia 2026 roku na Boisku Sportowym Orlik przy Szkole Podstawowej nr 2 w Lw\u00f3wku \u015al\u0105skim odby\u0142y si\u0119 Mistrzostwa Powiatu Lw\u00f3weckiego Szkolnego Zwi\u0105zku Sportowego w Pi\u0142ce No\u017cnej Ch\u0142opc\u00f3w w ramach Igrzysk Dzieci (rocznik 2013 i m\u0142odsi). Organizatorem zawod\u00f3w by\u0142 PSZS w Lw\u00f3wku \u015al\u0105skim oraz SP 2 Lw\u00f3wek \u015al\u0105ski. Zawody finansowane ze \u015brodk\u00f3w dotacji\u00a0 Powiatu Lw\u00f3weckiego. S\u0119dzi\u0105 g\u0142\u00f3wnym wszystkich spotka\u0144 by\u0142 p. Bartosz Sikora. Pierwsza dru\u017cyna b\u0119dzie reprezentowa\u0142a Powiat Lw\u00f3wecki oraz swoje Gminy w Finale Strefy Jeleniog\u00f3rskiej, kt\u00f3ry odb\u0119dzie si\u0119 7 maja 2026 roku w Lubaniu. Gratulacje dla wszystkich dru\u017cyn i \u017cyczymy dalszych sukces\u00f3w sportowych.<\/p>\n<p><strong><u>Przebieg zawod\u00f3w:<\/u><\/strong><\/p>\n<p>SP Lw\u00f3wek \u015al\u0105ski\u00a0\u00a0\u00a0\u00a0\u00a0\u00a0\u00a0\u00a0\u00a0\u00a0\u00a0\u00a0\u00a0\u00a0\u00a0\u00a0\u00a0\u00a0\u00a0\u00a0\u00a0\u00a0\u00a0\u00a0\u00a0\u00a0\u00a0 &#8211;\u00a0\u00a0\u00a0\u00a0\u00a0\u00a0\u00a0\u00a0\u00a0\u00a0\u00a0\u00a0\u00a0 SP Mirsk\u00a0\u00a0\u00a0\u00a0\u00a0\u00a0\u00a0\u00a0\u00a0\u00a0\u00a0\u00a0\u00a0\u00a0\u00a0\u00a0\u00a0\u00a0\u00a0\u00a0\u00a0\u00a0\u00a0\u00a0\u00a0\u00a0\u00a0\u00a0\u00a0 6 : 2<\/p>\n<p>SP 1 Gryf\u00f3w \u015al\u0105ski\u00a0\u00a0\u00a0\u00a0\u00a0\u00a0\u00a0\u00a0\u00a0\u00a0\u00a0\u00a0\u00a0\u00a0\u00a0\u00a0\u00a0\u00a0\u00a0\u00a0\u00a0\u00a0\u00a0\u00a0\u00a0\u00a0 &#8211;\u00a0\u00a0\u00a0\u00a0\u00a0\u00a0\u00a0\u00a0\u00a0\u00a0\u00a0\u00a0\u00a0 SP P\u0142awna\u00a0\u00a0\u00a0\u00a0\u00a0\u00a0\u00a0\u00a0\u00a0\u00a0\u00a0\u00a0\u00a0\u00a0\u00a0\u00a0\u00a0\u00a0\u00a0\u00a0\u00a0\u00a0\u00a0\u00a0\u00a0 1 : 7<\/p>\n<p>SP Lw\u00f3wek \u015al\u0105ski\u00a0\u00a0\u00a0\u00a0\u00a0\u00a0\u00a0\u00a0\u00a0\u00a0\u00a0\u00a0\u00a0\u00a0\u00a0\u00a0\u00a0\u00a0\u00a0\u00a0\u00a0\u00a0\u00a0\u00a0\u00a0\u00a0\u00a0 &#8211;\u00a0\u00a0\u00a0\u00a0\u00a0\u00a0\u00a0\u00a0\u00a0\u00a0\u00a0\u00a0\u00a0 SP 1 Gryf\u00f3w \u015al\u0105ski\u00a0\u00a0\u00a0\u00a0\u00a0\u00a0\u00a0\u00a0\u00a0\u00a0 4 : 5<\/p>\n<p>SP Mirsk\u00a0\u00a0\u00a0\u00a0\u00a0\u00a0\u00a0\u00a0\u00a0\u00a0\u00a0\u00a0\u00a0\u00a0\u00a0\u00a0\u00a0\u00a0\u00a0\u00a0\u00a0\u00a0\u00a0\u00a0\u00a0\u00a0\u00a0\u00a0\u00a0\u00a0\u00a0\u00a0\u00a0\u00a0\u00a0\u00a0\u00a0\u00a0\u00a0\u00a0\u00a0\u00a0\u00a0\u00a0\u00a0 &#8211;\u00a0\u00a0\u00a0\u00a0\u00a0\u00a0\u00a0\u00a0\u00a0\u00a0\u00a0\u00a0\u00a0 SP P\u0142awna\u00a0\u00a0\u00a0\u00a0\u00a0\u00a0\u00a0\u00a0\u00a0\u00a0\u00a0\u00a0\u00a0\u00a0\u00a0\u00a0\u00a0\u00a0\u00a0\u00a0\u00a0\u00a0\u00a0\u00a0\u00a0 5 : 1<\/p>\n<p>SP 2 Lw\u00f3wek \u015al\u0105ski\u00a0\u00a0\u00a0\u00a0\u00a0\u00a0\u00a0\u00a0\u00a0\u00a0\u00a0\u00a0\u00a0\u00a0\u00a0\u00a0\u00a0\u00a0\u00a0\u00a0\u00a0\u00a0\u00a0\u00a0 &#8211;\u00a0\u00a0\u00a0\u00a0\u00a0\u00a0\u00a0\u00a0\u00a0\u00a0\u00a0\u00a0\u00a0 SP P\u0142awna\u00a0\u00a0\u00a0\u00a0\u00a0\u00a0\u00a0\u00a0\u00a0\u00a0\u00a0\u00a0\u00a0\u00a0\u00a0\u00a0\u00a0\u00a0\u00a0\u00a0\u00a0\u00a0\u00a0\u00a0\u00a0 3 :2<\/p>\n<p>SP Mirsk\u00a0\u00a0\u00a0\u00a0\u00a0\u00a0\u00a0\u00a0\u00a0\u00a0\u00a0\u00a0\u00a0\u00a0\u00a0\u00a0\u00a0\u00a0\u00a0\u00a0\u00a0\u00a0\u00a0\u00a0\u00a0\u00a0\u00a0\u00a0\u00a0\u00a0\u00a0\u00a0\u00a0\u00a0\u00a0\u00a0\u00a0\u00a0\u00a0\u00a0\u00a0\u00a0\u00a0\u00a0\u00a0 &#8211;\u00a0\u00a0\u00a0\u00a0\u00a0\u00a0\u00a0\u00a0\u00a0\u00a0\u00a0\u00a0\u00a0 SP 1 Gryf\u00f3w \u015al\u0105ski\u00a0\u00a0\u00a0\u00a0\u00a0\u00a0\u00a0\u00a0\u00a0\u00a0 7\u00a0 : 3<\/p>\n<p><strong>KLASYFIKACJA KO\u0143COWA:<\/strong><\/p>\n<p><strong>I miejsce\u00a0\u00a0\u00a0\u00a0\u00a0\u00a0\u00a0\u00a0\u00a0\u00a0\u00a0\u00a0 SP 2 Lw\u00f3wek \u015al\u0105ski\u00a0\u00a0\u00a0\u00a0\u00a0\u00a0\u00a0\u00a0\u00a0\u00a0\u00a0\u00a0\u00a0\u00a0\u00a0\u00a0\u00a0\u00a0\u00a0\u00a0\u00a0\u00a0\u00a0 op.\u00a0 Grzegorz Po\u0142aczewski<\/strong><\/p>\n<p>II miejsce\u00a0\u00a0\u00a0\u00a0\u00a0\u00a0\u00a0\u00a0\u00a0\u00a0\u00a0 SP Mirsk\u00a0\u00a0\u00a0\u00a0\u00a0\u00a0\u00a0\u00a0\u00a0\u00a0\u00a0\u00a0\u00a0\u00a0\u00a0\u00a0\u00a0\u00a0\u00a0\u00a0\u00a0\u00a0\u00a0\u00a0\u00a0\u00a0\u00a0\u00a0\u00a0\u00a0\u00a0\u00a0\u00a0\u00a0\u00a0\u00a0\u00a0\u00a0\u00a0\u00a0\u00a0\u00a0\u00a0\u00a0\u00a0 op. Wojciech Fo\u015bciak<\/p>\n<p>III miejsce\u00a0\u00a0\u00a0\u00a0\u00a0\u00a0\u00a0\u00a0\u00a0\u00a0 SP P\u0142awna\u00a0\u00a0\u00a0\u00a0\u00a0\u00a0\u00a0\u00a0\u00a0\u00a0\u00a0\u00a0\u00a0\u00a0\u00a0\u00a0\u00a0\u00a0\u00a0\u00a0\u00a0\u00a0\u00a0\u00a0\u00a0\u00a0\u00a0\u00a0\u00a0\u00a0\u00a0\u00a0\u00a0\u00a0\u00a0\u00a0\u00a0\u00a0\u00a0\u00a0\u00a0 op. Jolanta \u015aliwi\u0144ska<\/p>\n<p>IV miejsce\u00a0\u00a0\u00a0\u00a0\u00a0\u00a0\u00a0\u00a0\u00a0\u00a0 SP 1 Gryf\u00f3w \u015al\u0105ski\u00a0\u00a0\u00a0\u00a0\u00a0\u00a0\u00a0\u00a0\u00a0\u00a0\u00a0\u00a0\u00a0\u00a0\u00a0\u00a0\u00a0\u00a0\u00a0\u00a0\u00a0\u00a0\u00a0\u00a0\u00a0\u00a0 op. Beata Hryciew-Listwan<\/p>\n<p>Opracowa\u0142<\/p>\n<p>Grzegorz Po\u0142aczewski<\/p>\n<\/div><div class=\"awb-gallery-wrapper awb-gallery-wrapper-1 button-span-no\" style=\"--more-btn-alignment:center;\"><div style=\"margin:-5px;--awb-bordersize:0px;\" class=\"fusion-gallery fusion-gallery-container fusion-grid-3 fusion-columns-total-13 fusion-gallery-layout-grid fusion-gallery-1\"><div style=\"padding:5px;\" class=\"fusion-grid-column fusion-gallery-column fusion-gallery-column-3 hover-type-none\"><div class=\"fusion-gallery-image\"><a href=\"https:\/\/powiatlwowecki.pl\/wp-content\/uploads\/2026\/04\/20260422_094235-scaled.jpg\" rel=\"noreferrer\" data-rel=\"iLightbox[gallery_image_1]\" class=\"fusion-lightbox\" target=\"_self\"><img decoding=\"async\" src=\"https:\/\/powiatlwowecki.pl\/wp-content\/uploads\/2026\/04\/20260422_094235-scaled.jpg\" width=\"2560\" height=\"1920\" alt=\"Grupa ch\u0142opc\u00f3w rozgrywaj\u0105ca mecz pi\u0142ki no\u017cnej\" title=\"20260422_094235\" aria-label=\"20260422_094235\" class=\"img-responsive wp-image-12818\" srcset=\"https:\/\/powiatlwowecki.pl\/wp-content\/uploads\/2026\/04\/20260422_094235-200x150.jpg 200w, https:\/\/powiatlwowecki.pl\/wp-content\/uploads\/2026\/04\/20260422_094235-400x300.jpg 400w, https:\/\/powiatlwowecki.pl\/wp-content\/uploads\/2026\/04\/20260422_094235-600x450.jpg 600w, https:\/\/powiatlwowecki.pl\/wp-content\/uploads\/2026\/04\/20260422_094235-800x600.jpg 800w, https:\/\/powiatlwowecki.pl\/wp-content\/uploads\/2026\/04\/20260422_094235-1200x900.jpg 1200w, https:\/\/powiatlwowecki.pl\/wp-content\/uploads\/2026\/04\/20260422_094235-scaled.jpg 2560w\" sizes=\"(min-width: 2200px) 100vw, (min-width: 784px) 397px, (min-width: 712px) 595px, (min-width: 640px) 712px, \" \/><\/a><\/div><\/div><div style=\"padding:5px;\" class=\"fusion-grid-column fusion-gallery-column fusion-gallery-column-3 hover-type-none\"><div class=\"fusion-gallery-image\"><a href=\"https:\/\/powiatlwowecki.pl\/wp-content\/uploads\/2026\/04\/20260422_091341-scaled.jpg\" rel=\"noreferrer\" data-rel=\"iLightbox[gallery_image_1]\" class=\"fusion-lightbox\" target=\"_self\"><img decoding=\"async\" src=\"https:\/\/powiatlwowecki.pl\/wp-content\/uploads\/2026\/04\/20260422_091341-scaled.jpg\" width=\"2560\" height=\"1920\" alt=\"Grupa ch\u0142opc\u00f3w rozgrywaj\u0105ca mecz pi\u0142ki no\u017cnej\" title=\"20260422_091341\" aria-label=\"20260422_091341\" class=\"img-responsive wp-image-12819\" srcset=\"https:\/\/powiatlwowecki.pl\/wp-content\/uploads\/2026\/04\/20260422_091341-200x150.jpg 200w, https:\/\/powiatlwowecki.pl\/wp-content\/uploads\/2026\/04\/20260422_091341-400x300.jpg 400w, https:\/\/powiatlwowecki.pl\/wp-content\/uploads\/2026\/04\/20260422_091341-600x450.jpg 600w, https:\/\/powiatlwowecki.pl\/wp-content\/uploads\/2026\/04\/20260422_091341-800x600.jpg 800w, https:\/\/powiatlwowecki.pl\/wp-content\/uploads\/2026\/04\/20260422_091341-1200x900.jpg 1200w, https:\/\/powiatlwowecki.pl\/wp-content\/uploads\/2026\/04\/20260422_091341-scaled.jpg 2560w\" sizes=\"(min-width: 2200px) 100vw, (min-width: 784px) 397px, (min-width: 712px) 595px, (min-width: 640px) 712px, \" \/><\/a><\/div><\/div><div style=\"padding:5px;\" class=\"fusion-grid-column fusion-gallery-column fusion-gallery-column-3 hover-type-none\"><div class=\"fusion-gallery-image\"><a href=\"https:\/\/powiatlwowecki.pl\/wp-content\/uploads\/2026\/04\/20260422_091346-scaled.jpg\" rel=\"noreferrer\" data-rel=\"iLightbox[gallery_image_1]\" class=\"fusion-lightbox\" target=\"_self\"><img decoding=\"async\" src=\"https:\/\/powiatlwowecki.pl\/wp-content\/uploads\/2026\/04\/20260422_091346-scaled.jpg\" width=\"2560\" height=\"1920\" alt=\"Grupa ch\u0142opc\u00f3w rozgrywaj\u0105ca mecz pi\u0142ki no\u017cnej\" title=\"20260422_091346\" aria-label=\"20260422_091346\" class=\"img-responsive wp-image-12820\" srcset=\"https:\/\/powiatlwowecki.pl\/wp-content\/uploads\/2026\/04\/20260422_091346-200x150.jpg 200w, https:\/\/powiatlwowecki.pl\/wp-content\/uploads\/2026\/04\/20260422_091346-400x300.jpg 400w, https:\/\/powiatlwowecki.pl\/wp-content\/uploads\/2026\/04\/20260422_091346-600x450.jpg 600w, https:\/\/powiatlwowecki.pl\/wp-content\/uploads\/2026\/04\/20260422_091346-800x600.jpg 800w, https:\/\/powiatlwowecki.pl\/wp-content\/uploads\/2026\/04\/20260422_091346-1200x900.jpg 1200w, https:\/\/powiatlwowecki.pl\/wp-content\/uploads\/2026\/04\/20260422_091346-scaled.jpg 2560w\" sizes=\"(min-width: 2200px) 100vw, (min-width: 784px) 397px, (min-width: 712px) 595px, (min-width: 640px) 712px, \" \/><\/a><\/div><\/div><div class=\"clearfix\"><\/div><div style=\"padding:5px;\" class=\"fusion-grid-column fusion-gallery-column fusion-gallery-column-3 hover-type-none\"><div class=\"fusion-gallery-image\"><a href=\"https:\/\/powiatlwowecki.pl\/wp-content\/uploads\/2026\/04\/20260422_091407-scaled.jpg\" rel=\"noreferrer\" data-rel=\"iLightbox[gallery_image_1]\" class=\"fusion-lightbox\" target=\"_self\"><img decoding=\"async\" src=\"https:\/\/powiatlwowecki.pl\/wp-content\/uploads\/2026\/04\/20260422_091407-scaled.jpg\" width=\"2560\" height=\"1920\" alt=\"Grupa ch\u0142opc\u00f3w rozgrywaj\u0105ca mecz pi\u0142ki no\u017cnej\" title=\"20260422_091407\" aria-label=\"20260422_091407\" class=\"img-responsive wp-image-12821\" srcset=\"https:\/\/powiatlwowecki.pl\/wp-content\/uploads\/2026\/04\/20260422_091407-200x150.jpg 200w, https:\/\/powiatlwowecki.pl\/wp-content\/uploads\/2026\/04\/20260422_091407-400x300.jpg 400w, https:\/\/powiatlwowecki.pl\/wp-content\/uploads\/2026\/04\/20260422_091407-600x450.jpg 600w, https:\/\/powiatlwowecki.pl\/wp-content\/uploads\/2026\/04\/20260422_091407-800x600.jpg 800w, https:\/\/powiatlwowecki.pl\/wp-content\/uploads\/2026\/04\/20260422_091407-1200x900.jpg 1200w, https:\/\/powiatlwowecki.pl\/wp-content\/uploads\/2026\/04\/20260422_091407-scaled.jpg 2560w\" sizes=\"(min-width: 2200px) 100vw, (min-width: 784px) 397px, (min-width: 712px) 595px, (min-width: 640px) 712px, \" \/><\/a><\/div><\/div><div style=\"padding:5px;\" class=\"fusion-grid-column fusion-gallery-column fusion-gallery-column-3 hover-type-none\"><div class=\"fusion-gallery-image\"><a href=\"https:\/\/powiatlwowecki.pl\/wp-content\/uploads\/2026\/04\/20260422_091426-scaled.jpg\" rel=\"noreferrer\" data-rel=\"iLightbox[gallery_image_1]\" class=\"fusion-lightbox\" target=\"_self\"><img decoding=\"async\" src=\"https:\/\/powiatlwowecki.pl\/wp-content\/uploads\/2026\/04\/20260422_091426-scaled.jpg\" width=\"2560\" height=\"1920\" alt=\"Grupa ch\u0142opc\u00f3w rozgrywaj\u0105ca mecz pi\u0142ki no\u017cnej\" title=\"20260422_091426\" aria-label=\"20260422_091426\" class=\"img-responsive wp-image-12823\" srcset=\"https:\/\/powiatlwowecki.pl\/wp-content\/uploads\/2026\/04\/20260422_091426-200x150.jpg 200w, https:\/\/powiatlwowecki.pl\/wp-content\/uploads\/2026\/04\/20260422_091426-400x300.jpg 400w, https:\/\/powiatlwowecki.pl\/wp-content\/uploads\/2026\/04\/20260422_091426-600x450.jpg 600w, https:\/\/powiatlwowecki.pl\/wp-content\/uploads\/2026\/04\/20260422_091426-800x600.jpg 800w, https:\/\/powiatlwowecki.pl\/wp-content\/uploads\/2026\/04\/20260422_091426-1200x900.jpg 1200w, https:\/\/powiatlwowecki.pl\/wp-content\/uploads\/2026\/04\/20260422_091426-scaled.jpg 2560w\" sizes=\"(min-width: 2200px) 100vw, (min-width: 784px) 397px, (min-width: 712px) 595px, (min-width: 640px) 712px, \" \/><\/a><\/div><\/div><div style=\"padding:5px;\" class=\"fusion-grid-column fusion-gallery-column fusion-gallery-column-3 hover-type-none\"><div class=\"fusion-gallery-image\"><a href=\"https:\/\/powiatlwowecki.pl\/wp-content\/uploads\/2026\/04\/20260422_091555-scaled.jpg\" rel=\"noreferrer\" data-rel=\"iLightbox[gallery_image_1]\" class=\"fusion-lightbox\" target=\"_self\"><img decoding=\"async\" src=\"https:\/\/powiatlwowecki.pl\/wp-content\/uploads\/2026\/04\/20260422_091555-scaled.jpg\" width=\"2560\" height=\"1920\" alt=\"Grupa ch\u0142opc\u00f3w rozgrywaj\u0105ca mecz pi\u0142ki no\u017cnej\" title=\"20260422_091555\" aria-label=\"20260422_091555\" class=\"img-responsive wp-image-12824\" srcset=\"https:\/\/powiatlwowecki.pl\/wp-content\/uploads\/2026\/04\/20260422_091555-200x150.jpg 200w, https:\/\/powiatlwowecki.pl\/wp-content\/uploads\/2026\/04\/20260422_091555-400x300.jpg 400w, https:\/\/powiatlwowecki.pl\/wp-content\/uploads\/2026\/04\/20260422_091555-600x450.jpg 600w, https:\/\/powiatlwowecki.pl\/wp-content\/uploads\/2026\/04\/20260422_091555-800x600.jpg 800w, https:\/\/powiatlwowecki.pl\/wp-content\/uploads\/2026\/04\/20260422_091555-1200x900.jpg 1200w, https:\/\/powiatlwowecki.pl\/wp-content\/uploads\/2026\/04\/20260422_091555-scaled.jpg 2560w\" sizes=\"(min-width: 2200px) 100vw, (min-width: 784px) 397px, (min-width: 712px) 595px, (min-width: 640px) 712px, \" \/><\/a><\/div><\/div><div class=\"clearfix\"><\/div><div style=\"padding:5px;\" class=\"fusion-grid-column fusion-gallery-column fusion-gallery-column-3 hover-type-none\"><div class=\"fusion-gallery-image\"><a href=\"https:\/\/powiatlwowecki.pl\/wp-content\/uploads\/2026\/04\/20260422_094117-scaled.jpg\" rel=\"noreferrer\" data-rel=\"iLightbox[gallery_image_1]\" class=\"fusion-lightbox\" target=\"_self\"><img decoding=\"async\" src=\"https:\/\/powiatlwowecki.pl\/wp-content\/uploads\/2026\/04\/20260422_094117-scaled.jpg\" width=\"2560\" height=\"1920\" alt=\"Grupa ch\u0142opc\u00f3w rozgrywaj\u0105ca mecz pi\u0142ki no\u017cnej\" title=\"20260422_094117\" aria-label=\"20260422_094117\" class=\"img-responsive wp-image-12825\" srcset=\"https:\/\/powiatlwowecki.pl\/wp-content\/uploads\/2026\/04\/20260422_094117-300x225.jpg 300w, https:\/\/powiatlwowecki.pl\/wp-content\/uploads\/2026\/04\/20260422_094117-768x576.jpg 768w, https:\/\/powiatlwowecki.pl\/wp-content\/uploads\/2026\/04\/20260422_094117-1024x768.jpg 1024w, https:\/\/powiatlwowecki.pl\/wp-content\/uploads\/2026\/04\/20260422_094117-1536x1152.jpg 1536w, https:\/\/powiatlwowecki.pl\/wp-content\/uploads\/2026\/04\/20260422_094117-scaled.jpg 2560w\" sizes=\"(max-width: 2560px) 100vw, 2560px\" \/><\/a><\/div><\/div><div style=\"padding:5px;\" class=\"fusion-grid-column fusion-gallery-column fusion-gallery-column-3 hover-type-none\"><div class=\"fusion-gallery-image\"><a href=\"https:\/\/powiatlwowecki.pl\/wp-content\/uploads\/2026\/04\/20260422_094322-scaled.jpg\" rel=\"noreferrer\" data-rel=\"iLightbox[gallery_image_1]\" class=\"fusion-lightbox\" target=\"_self\"><img decoding=\"async\" src=\"https:\/\/powiatlwowecki.pl\/wp-content\/uploads\/2026\/04\/20260422_094322-scaled.jpg\" width=\"2560\" height=\"1920\" alt=\"Grupa ch\u0142opc\u00f3w rozgrywaj\u0105ca mecz pi\u0142ki no\u017cnej\" title=\"20260422_094322\" aria-label=\"20260422_094322\" class=\"img-responsive wp-image-12826\" srcset=\"https:\/\/powiatlwowecki.pl\/wp-content\/uploads\/2026\/04\/20260422_094322-200x150.jpg 200w, https:\/\/powiatlwowecki.pl\/wp-content\/uploads\/2026\/04\/20260422_094322-400x300.jpg 400w, https:\/\/powiatlwowecki.pl\/wp-content\/uploads\/2026\/04\/20260422_094322-600x450.jpg 600w, https:\/\/powiatlwowecki.pl\/wp-content\/uploads\/2026\/04\/20260422_094322-800x600.jpg 800w, https:\/\/powiatlwowecki.pl\/wp-content\/uploads\/2026\/04\/20260422_094322-1200x900.jpg 1200w, https:\/\/powiatlwowecki.pl\/wp-content\/uploads\/2026\/04\/20260422_094322-scaled.jpg 2560w\" sizes=\"(min-width: 2200px) 100vw, (min-width: 784px) 397px, (min-width: 712px) 595px, (min-width: 640px) 712px, \" \/><\/a><\/div><\/div><div style=\"padding:5px;\" class=\"fusion-grid-column fusion-gallery-column fusion-gallery-column-3 hover-type-none\"><div class=\"fusion-gallery-image\"><a href=\"https:\/\/powiatlwowecki.pl\/wp-content\/uploads\/2026\/04\/20260422_102613-scaled.jpg\" rel=\"noreferrer\" data-rel=\"iLightbox[gallery_image_1]\" class=\"fusion-lightbox\" target=\"_self\"><img decoding=\"async\" src=\"https:\/\/powiatlwowecki.pl\/wp-content\/uploads\/2026\/04\/20260422_102613-scaled.jpg\" width=\"2560\" height=\"1920\" alt=\"Grupa ch\u0142opc\u00f3w rozgrywaj\u0105ca mecz pi\u0142ki no\u017cnej\" title=\"20260422_102613\" aria-label=\"20260422_102613\" class=\"img-responsive wp-image-12827\" srcset=\"https:\/\/powiatlwowecki.pl\/wp-content\/uploads\/2026\/04\/20260422_102613-200x150.jpg 200w, https:\/\/powiatlwowecki.pl\/wp-content\/uploads\/2026\/04\/20260422_102613-400x300.jpg 400w, https:\/\/powiatlwowecki.pl\/wp-content\/uploads\/2026\/04\/20260422_102613-600x450.jpg 600w, https:\/\/powiatlwowecki.pl\/wp-content\/uploads\/2026\/04\/20260422_102613-800x600.jpg 800w, https:\/\/powiatlwowecki.pl\/wp-content\/uploads\/2026\/04\/20260422_102613-1200x900.jpg 1200w, https:\/\/powiatlwowecki.pl\/wp-content\/uploads\/2026\/04\/20260422_102613-scaled.jpg 2560w\" sizes=\"(min-width: 2200px) 100vw, (min-width: 784px) 397px, (min-width: 712px) 595px, (min-width: 640px) 712px, \" \/><\/a><\/div><\/div><div class=\"clearfix\"><\/div><div style=\"padding:5px;\" class=\"fusion-grid-column fusion-gallery-column fusion-gallery-column-3 hover-type-none\"><div class=\"fusion-gallery-image\"><a href=\"https:\/\/powiatlwowecki.pl\/wp-content\/uploads\/2026\/04\/SP-2-Lwowek-Slaski-scaled.jpg\" rel=\"noreferrer\" data-rel=\"iLightbox[gallery_image_1]\" class=\"fusion-lightbox\" target=\"_self\"><img decoding=\"async\" src=\"https:\/\/powiatlwowecki.pl\/wp-content\/uploads\/2026\/04\/SP-2-Lwowek-Slaski-scaled.jpg\" width=\"2560\" height=\"1920\" alt=\"Dru\u017cyna ch\u0142opc\u00f3w z Lw\u00f3wka \u015al\u0105skiego I miejsce w mistrzostwach powiatu w pi\u0142ce no\u017cnej ch\u0142opc\u00f3w- igrzyska\" title=\"SP 2 Lw\u00f3wek \u015al\u0105ski\" aria-label=\"SP 2 Lw\u00f3wek \u015al\u0105ski\" class=\"img-responsive wp-image-12830\" srcset=\"https:\/\/powiatlwowecki.pl\/wp-content\/uploads\/2026\/04\/SP-2-Lwowek-Slaski-200x150.jpg 200w, https:\/\/powiatlwowecki.pl\/wp-content\/uploads\/2026\/04\/SP-2-Lwowek-Slaski-400x300.jpg 400w, https:\/\/powiatlwowecki.pl\/wp-content\/uploads\/2026\/04\/SP-2-Lwowek-Slaski-600x450.jpg 600w, https:\/\/powiatlwowecki.pl\/wp-content\/uploads\/2026\/04\/SP-2-Lwowek-Slaski-800x600.jpg 800w, https:\/\/powiatlwowecki.pl\/wp-content\/uploads\/2026\/04\/SP-2-Lwowek-Slaski-1200x900.jpg 1200w, https:\/\/powiatlwowecki.pl\/wp-content\/uploads\/2026\/04\/SP-2-Lwowek-Slaski-scaled.jpg 2560w\" sizes=\"(min-width: 2200px) 100vw, (min-width: 784px) 397px, (min-width: 712px) 595px, (min-width: 640px) 712px, \" \/><\/a><\/div><\/div><div style=\"padding:5px;\" class=\"fusion-grid-column fusion-gallery-column fusion-gallery-column-3 hover-type-none\"><div class=\"fusion-gallery-image\"><a href=\"https:\/\/powiatlwowecki.pl\/wp-content\/uploads\/2026\/04\/SP-Mirsk-scaled.jpg\" rel=\"noreferrer\" data-rel=\"iLightbox[gallery_image_1]\" class=\"fusion-lightbox\" target=\"_self\"><img decoding=\"async\" src=\"https:\/\/powiatlwowecki.pl\/wp-content\/uploads\/2026\/04\/SP-Mirsk-scaled.jpg\" width=\"2560\" height=\"1920\" alt=\"Dru\u017cyna ch\u0142opc\u00f3w z Mirska II miejsce w mistrzostwach powiatu w pi\u0142ce no\u017cnej ch\u0142opc\u00f3w- igrzyska\" title=\"SP Mirsk\" aria-label=\"SP Mirsk\" class=\"img-responsive wp-image-12831\" srcset=\"https:\/\/powiatlwowecki.pl\/wp-content\/uploads\/2026\/04\/SP-Mirsk-200x150.jpg 200w, https:\/\/powiatlwowecki.pl\/wp-content\/uploads\/2026\/04\/SP-Mirsk-400x300.jpg 400w, https:\/\/powiatlwowecki.pl\/wp-content\/uploads\/2026\/04\/SP-Mirsk-600x450.jpg 600w, https:\/\/powiatlwowecki.pl\/wp-content\/uploads\/2026\/04\/SP-Mirsk-800x600.jpg 800w, https:\/\/powiatlwowecki.pl\/wp-content\/uploads\/2026\/04\/SP-Mirsk-1200x900.jpg 1200w, https:\/\/powiatlwowecki.pl\/wp-content\/uploads\/2026\/04\/SP-Mirsk-scaled.jpg 2560w\" sizes=\"(min-width: 2200px) 100vw, (min-width: 784px) 397px, (min-width: 712px) 595px, (min-width: 640px) 712px, \" \/><\/a><\/div><\/div><div style=\"padding:5px;\" class=\"fusion-grid-column fusion-gallery-column fusion-gallery-column-3 hover-type-none\"><div class=\"fusion-gallery-image\"><a href=\"https:\/\/powiatlwowecki.pl\/wp-content\/uploads\/2026\/04\/SP-Plawna-scaled.jpg\" rel=\"noreferrer\" data-rel=\"iLightbox[gallery_image_1]\" class=\"fusion-lightbox\" target=\"_self\"><img decoding=\"async\" src=\"https:\/\/powiatlwowecki.pl\/wp-content\/uploads\/2026\/04\/SP-Plawna-scaled.jpg\" width=\"2560\" height=\"1920\" alt=\"Dru\u017cyna ch\u0142opc\u00f3w z P\u0142awnej III miejsce w mistrzostwach powiatu w pi\u0142ce no\u017cnej ch\u0142opc\u00f3w- igrzyska\" title=\"SP P\u0142awna\" aria-label=\"SP P\u0142awna\" class=\"img-responsive wp-image-12828\" srcset=\"https:\/\/powiatlwowecki.pl\/wp-content\/uploads\/2026\/04\/SP-Plawna-200x150.jpg 200w, https:\/\/powiatlwowecki.pl\/wp-content\/uploads\/2026\/04\/SP-Plawna-400x300.jpg 400w, https:\/\/powiatlwowecki.pl\/wp-content\/uploads\/2026\/04\/SP-Plawna-600x450.jpg 600w, https:\/\/powiatlwowecki.pl\/wp-content\/uploads\/2026\/04\/SP-Plawna-800x600.jpg 800w, https:\/\/powiatlwowecki.pl\/wp-content\/uploads\/2026\/04\/SP-Plawna-1200x900.jpg 1200w, https:\/\/powiatlwowecki.pl\/wp-content\/uploads\/2026\/04\/SP-Plawna-scaled.jpg 2560w\" sizes=\"(min-width: 2200px) 100vw, (min-width: 784px) 397px, (min-width: 712px) 595px, (min-width: 640px) 712px, \" \/><\/a><\/div><\/div><div class=\"clearfix\"><\/div><div style=\"padding:5px;\" class=\"fusion-grid-column fusion-gallery-column fusion-gallery-column-3 hover-type-none\"><div class=\"fusion-gallery-image\"><a href=\"https:\/\/powiatlwowecki.pl\/wp-content\/uploads\/2026\/04\/SP-1-Gryfow-Slaski-scaled.jpg\" rel=\"noreferrer\" data-rel=\"iLightbox[gallery_image_1]\" class=\"fusion-lightbox\" target=\"_self\"><img decoding=\"async\" src=\"https:\/\/powiatlwowecki.pl\/wp-content\/uploads\/2026\/04\/SP-1-Gryfow-Slaski-scaled.jpg\" width=\"2560\" height=\"1920\" alt=\"Dru\u017cyna ch\u0142opc\u00f3w z Gryfowa \u015al\u0105skiego IV miejsce w mistrzostwach powiatu w pi\u0142ce no\u017cnej ch\u0142opc\u00f3w- igrzyska\" title=\"SP 1 Gryf\u00f3w \u015alaski\" aria-label=\"SP 1 Gryf\u00f3w \u015alaski\" class=\"img-responsive wp-image-12829\" srcset=\"https:\/\/powiatlwowecki.pl\/wp-content\/uploads\/2026\/04\/SP-1-Gryfow-Slaski-200x150.jpg 200w, https:\/\/powiatlwowecki.pl\/wp-content\/uploads\/2026\/04\/SP-1-Gryfow-Slaski-400x300.jpg 400w, https:\/\/powiatlwowecki.pl\/wp-content\/uploads\/2026\/04\/SP-1-Gryfow-Slaski-600x450.jpg 600w, https:\/\/powiatlwowecki.pl\/wp-content\/uploads\/2026\/04\/SP-1-Gryfow-Slaski-800x600.jpg 800w, https:\/\/powiatlwowecki.pl\/wp-content\/uploads\/2026\/04\/SP-1-Gryfow-Slaski-1200x900.jpg 1200w, https:\/\/powiatlwowecki.pl\/wp-content\/uploads\/2026\/04\/SP-1-Gryfow-Slaski-scaled.jpg 2560w\" sizes=\"(min-width: 2200px) 100vw, (min-width: 784px) 397px, (min-width: 712px) 595px, (min-width: 640px) 712px, \" \/><\/a><\/div><\/div><\/div><\/div><\/div><\/div><\/div><\/div>\n","protected":false},"excerpt":{"rendered":"","protected":false},"author":8,"featured_media":12830,"comment_status":"closed","ping_status":"closed","sticky":false,"template":"","format":"standard","meta":{"_acf_changed":false,"footnotes":""},"categories":[5],"tags":[],"class_list":["post-12832","post","type-post","status-publish","format-standard","has-post-thumbnail","hentry","category-aktualnosci"],"acf":{"kal_data_wydarzenia":""},"_links":{"self":[{"href":"https:\/\/powiatlwowecki.pl\/plci_json_endpoint\/wp\/v2\/posts\/12832","targetHints":{"allow":["GET"]}}],"collection":[{"href":"https:\/\/powiatlwowecki.pl\/plci_json_endpoint\/wp\/v2\/posts"}],"about":[{"href":"https:\/\/powiatlwowecki.pl\/plci_json_endpoint\/wp\/v2\/types\/post"}],"author":[{"embeddable":true,"href":"https:\/\/powiatlwowecki.pl\/plci_json_endpoint\/wp\/v2\/users\/8"}],"replies":[{"embeddable":true,"href":"https:\/\/powiatlwowecki.pl\/plci_json_endpoint\/wp\/v2\/comments?post=12832"}],"version-history":[{"count":1,"href":"https:\/\/powiatlwowecki.pl\/plci_json_endpoint\/wp\/v2\/posts\/12832\/revisions"}],"predecessor-version":[{"id":12833,"href":"https:\/\/powiatlwowecki.pl\/plci_json_endpoint\/wp\/v2\/posts\/12832\/revisions\/12833"}],"wp:featuredmedia":[{"embeddable":true,"href":"https:\/\/powiatlwowecki.pl\/plci_json_endpoint\/wp\/v2\/media\/12830"}],"wp:attachment":[{"href":"https:\/\/powiatlwowecki.pl\/plci_json_endpoint\/wp\/v2\/media?parent=12832"}],"wp:term":[{"taxonomy":"category","embeddable":true,"href":"https:\/\/powiatlwowecki.pl\/plci_json_endpoint\/wp\/v2\/categories?post=12832"},{"taxonomy":"post_tag","embeddable":true,"href":"https:\/\/powiatlwowecki.pl\/plci_json_endpoint\/wp\/v2\/tags?post=12832"}],"curies":[{"name":"wp","href":"https:\/\/api.w.org\/{rel}","templated":true}]}}