{"id":12805,"date":"2026-04-23T09:39:27","date_gmt":"2026-04-23T07:39:27","guid":{"rendered":"https:\/\/powiatlwowecki.pl\/?p=12805"},"modified":"2026-04-23T10:01:30","modified_gmt":"2026-04-23T08:01:30","slug":"xii-izerska-parada-powozow","status":"publish","type":"post","link":"https:\/\/powiatlwowecki.pl\/xii-izerska-parada-powozow\/","title":{"rendered":"XII Izerska Parada Powoz\u00f3w"},"content":{"rendered":"<div class=\"fusion-fullwidth fullwidth-box fusion-builder-row-1 fusion-flex-container nonhundred-percent-fullwidth non-hundred-percent-height-scrolling\" style=\"--awb-border-radius-top-left:0px;--awb-border-radius-top-right:0px;--awb-border-radius-bottom-right:0px;--awb-border-radius-bottom-left:0px;--awb-flex-wrap:wrap;\" ><div class=\"fusion-builder-row fusion-row fusion-flex-align-items-flex-start fusion-flex-content-wrap\" style=\"max-width:1248px;margin-left: calc(-4% \/ 2 );margin-right: calc(-4% \/ 2 );\"><div class=\"fusion-layout-column fusion_builder_column fusion-builder-column-0 fusion_builder_column_1_1 1_1 fusion-flex-column\" style=\"--awb-bg-size:cover;--awb-width-large:100%;--awb-margin-top-large:0px;--awb-spacing-right-large:1.92%;--awb-margin-bottom-large:0px;--awb-spacing-left-large:1.92%;--awb-width-medium:100%;--awb-spacing-right-medium:1.92%;--awb-spacing-left-medium:1.92%;--awb-width-small:100%;--awb-spacing-right-small:1.92%;--awb-spacing-left-small:1.92%;\"><div class=\"fusion-column-wrapper fusion-flex-justify-content-flex-start fusion-content-layout-column\"><div class=\"fusion-text fusion-text-1\"><p class=\"isSelectedEnd\">\ud83d\udc34\ud83c\udf3f Zapraszamy serdecznie na <strong>XII Izersk\u0105 Parad\u0119 Powoz\u00f3w<\/strong> w Lubomierzu! \ud83c\udf3f\ud83d\udc34<\/p>\n<p class=\"isSelectedEnd\">\ud83d\udcc5 <strong>2 maja 2026 r. (sobota)<\/strong><br \/>\n\ud83d\udccd <strong>Lubomierski Rynek \/ Plac ko\u0144ski przy ul. Majowej 29<\/strong><\/p>\n<p class=\"isSelectedEnd\">To wyj\u0105tkowe wydarzenie pe\u0142ne tradycji, pasji i rodzinnej atmosfery! Czeka na Was dzie\u0144 pe\u0142en atrakcji:<\/p>\n<p class=\"isSelectedEnd\">\ud83d\udd5b 12:00 \u2013 Parada na Lubomierskim Rynku<br \/>\n\ud83d\udd5c 13:30 \u2013 Konkurs Zr\u0119czno\u015bci Powo\u017cenia<br \/>\n\ud83d\udd52 15:00 \u2013 Konkurs \u201eIzerski Cup\u201d<br \/>\n\ud83d\udd5f 16:30 \u2013 Konkurs Hobby Horse<br \/>\n\ud83d\udd60 17:30 \u2013 Ognisko \ud83d\udd25<\/p>\n<p class=\"isSelectedEnd\">\u2728 Dodatkowo:<br \/>\n\ud83c\udf6f lokalne produkty od KGW Chmiele\u0144<br \/>\n\ud83c\udf7a lokalne piwo od Dom Piwny Stankowice<br \/>\n\ud83e\uddc3 soki Vitberry z Mojesza<br \/>\n\u2692\ufe0f pokaz kowalstwa<br \/>\n\ud83c\udf89 i wiele innych atrakcji!<\/p>\n<p class=\"isSelectedEnd\">Zabierzcie rodzin\u0119, znajomych i sp\u0119d\u017acie z nami maj\u00f3wk\u0119 w wyj\u0105tkowym klimacie! \u2764\ufe0f<\/p>\n<p>#Lubomierz #IzerskaParadaPowoz\u00f3w #Maj\u00f3wka2026 #Dolny\u015al\u0105sk #Atrakcje #RodzinnyWeekend #Konie #Tradycja<\/p>\n<\/div><div class=\"awb-gallery-wrapper awb-gallery-wrapper-1 button-span-no\" style=\"--more-btn-alignment:center;\"><div style=\"margin:-5px;--awb-bordersize:0px;\" class=\"fusion-gallery fusion-gallery-container fusion-grid-3 fusion-columns-total-2 fusion-gallery-layout-grid fusion-gallery-1\"><div style=\"padding:5px;\" class=\"fusion-grid-column fusion-gallery-column fusion-gallery-column-3 hover-type-none\"><div class=\"fusion-gallery-image\"><a href=\"https:\/\/powiatlwowecki.pl\/wp-content\/uploads\/2026\/04\/679157814_122106499208778087_2862933837494441219_n.jpg\" rel=\"noreferrer\" data-rel=\"iLightbox[gallery_image_1]\" class=\"fusion-lightbox\" target=\"_self\"><img decoding=\"async\" src=\"https:\/\/powiatlwowecki.pl\/wp-content\/uploads\/2026\/04\/679157814_122106499208778087_2862933837494441219_n.jpg\" width=\"1448\" height=\"2048\" alt=\"\" title=\"679157814_122106499208778087_2862933837494441219_n\" aria-label=\"679157814_122106499208778087_2862933837494441219_n\" class=\"img-responsive wp-image-12814\" srcset=\"https:\/\/powiatlwowecki.pl\/wp-content\/uploads\/2026\/04\/679157814_122106499208778087_2862933837494441219_n-200x283.jpg 200w, https:\/\/powiatlwowecki.pl\/wp-content\/uploads\/2026\/04\/679157814_122106499208778087_2862933837494441219_n-400x566.jpg 400w, https:\/\/powiatlwowecki.pl\/wp-content\/uploads\/2026\/04\/679157814_122106499208778087_2862933837494441219_n-600x849.jpg 600w, https:\/\/powiatlwowecki.pl\/wp-content\/uploads\/2026\/04\/679157814_122106499208778087_2862933837494441219_n-800x1131.jpg 800w, https:\/\/powiatlwowecki.pl\/wp-content\/uploads\/2026\/04\/679157814_122106499208778087_2862933837494441219_n-1200x1697.jpg 1200w, https:\/\/powiatlwowecki.pl\/wp-content\/uploads\/2026\/04\/679157814_122106499208778087_2862933837494441219_n.jpg 1448w\" sizes=\"(min-width: 2200px) 100vw, (min-width: 784px) 397px, (min-width: 712px) 595px, (min-width: 640px) 712px, \" \/><\/a><\/div><\/div><div style=\"padding:5px;\" class=\"fusion-grid-column fusion-gallery-column fusion-gallery-column-3 hover-type-none\"><div class=\"fusion-gallery-image\"><a href=\"https:\/\/powiatlwowecki.pl\/wp-content\/uploads\/2026\/04\/Zaproszenie-scaled.png\" rel=\"noreferrer\" data-rel=\"iLightbox[gallery_image_1]\" class=\"fusion-lightbox\" target=\"_self\"><img decoding=\"async\" src=\"https:\/\/powiatlwowecki.pl\/wp-content\/uploads\/2026\/04\/Zaproszenie-scaled.png\" width=\"1801\" height=\"2560\" alt=\"\ud83d\udc34\ud83c\udf3f Zapraszamy serdecznie na XII Izersk\u0105 Parad\u0119 Powoz\u00f3w w Lubomierzu! \ud83c\udf3f\ud83d\udc34 \ud83d\udcc5 2 maja 2026 r. (sobota) \ud83d\udccd Lubomierski Rynek \/ Plac ko\u0144ski przy ul. Majowej 29 To wyj\u0105tkowe wydarzenie pe\u0142ne tradycji, pasji i rodzinnej atmosfery! Czeka na Was dzie\u0144 pe\u0142en atrakcji: \ud83d\udd5b 12:00 \u2013 Parada na Lubomierskim Rynku \ud83d\udd5c 13:30 \u2013 Konkurs Zr\u0119czno\u015bci Powo\u017cenia \ud83d\udd52 15:00 \u2013 Konkurs \u201eIzerski Cup\u201d \ud83d\udd5f 16:30 \u2013 Konkurs Hobby Horse \ud83d\udd60 17:30 \u2013 Ognisko \ud83d\udd25 \u2728 Dodatkowo: \ud83c\udf6f lokalne produkty od KGW Chmiele\u0144 \ud83c\udf7a lokalne piwo od Dom Piwny Stankowice \ud83e\uddc3 soki Vitberry z Mojesza \u2692\ufe0f pokaz kowalstwa \ud83c\udf89 i wiele innych atrakcji!\" title=\"Zaproszenie\" aria-label=\"Zaproszenie\" class=\"img-responsive wp-image-12812\" srcset=\"https:\/\/powiatlwowecki.pl\/wp-content\/uploads\/2026\/04\/Zaproszenie-211x300.png 211w, https:\/\/powiatlwowecki.pl\/wp-content\/uploads\/2026\/04\/Zaproszenie-720x1024.png 720w, https:\/\/powiatlwowecki.pl\/wp-content\/uploads\/2026\/04\/Zaproszenie-768x1092.png 768w, https:\/\/powiatlwowecki.pl\/wp-content\/uploads\/2026\/04\/Zaproszenie-1081x1536.png 1081w, https:\/\/powiatlwowecki.pl\/wp-content\/uploads\/2026\/04\/Zaproszenie-scaled.png 1801w\" sizes=\"(max-width: 1801px) 100vw, 1801px\" \/><\/a><\/div><\/div><\/div><\/div><\/div><\/div><\/div><\/div>\n","protected":false},"excerpt":{"rendered":"","protected":false},"author":8,"featured_media":12816,"comment_status":"closed","ping_status":"closed","sticky":false,"template":"","format":"standard","meta":{"_acf_changed":false,"footnotes":""},"categories":[5],"tags":[],"class_list":["post-12805","post","type-post","status-publish","format-standard","has-post-thumbnail","hentry","category-aktualnosci"],"acf":{"kal_data_wydarzenia":"20260502"},"_links":{"self":[{"href":"https:\/\/powiatlwowecki.pl\/plci_json_endpoint\/wp\/v2\/posts\/12805","targetHints":{"allow":["GET"]}}],"collection":[{"href":"https:\/\/powiatlwowecki.pl\/plci_json_endpoint\/wp\/v2\/posts"}],"about":[{"href":"https:\/\/powiatlwowecki.pl\/plci_json_endpoint\/wp\/v2\/types\/post"}],"author":[{"embeddable":true,"href":"https:\/\/powiatlwowecki.pl\/plci_json_endpoint\/wp\/v2\/users\/8"}],"replies":[{"embeddable":true,"href":"https:\/\/powiatlwowecki.pl\/plci_json_endpoint\/wp\/v2\/comments?post=12805"}],"version-history":[{"count":3,"href":"https:\/\/powiatlwowecki.pl\/plci_json_endpoint\/wp\/v2\/posts\/12805\/revisions"}],"predecessor-version":[{"id":12822,"href":"https:\/\/powiatlwowecki.pl\/plci_json_endpoint\/wp\/v2\/posts\/12805\/revisions\/12822"}],"wp:featuredmedia":[{"embeddable":true,"href":"https:\/\/powiatlwowecki.pl\/plci_json_endpoint\/wp\/v2\/media\/12816"}],"wp:attachment":[{"href":"https:\/\/powiatlwowecki.pl\/plci_json_endpoint\/wp\/v2\/media?parent=12805"}],"wp:term":[{"taxonomy":"category","embeddable":true,"href":"https:\/\/powiatlwowecki.pl\/plci_json_endpoint\/wp\/v2\/categories?post=12805"},{"taxonomy":"post_tag","embeddable":true,"href":"https:\/\/powiatlwowecki.pl\/plci_json_endpoint\/wp\/v2\/tags?post=12805"}],"curies":[{"name":"wp","href":"https:\/\/api.w.org\/{rel}","templated":true}]}}