{"id":12799,"date":"2026-04-23T09:12:29","date_gmt":"2026-04-23T07:12:29","guid":{"rendered":"https:\/\/powiatlwowecki.pl\/?p=12799"},"modified":"2026-04-23T09:19:32","modified_gmt":"2026-04-23T07:19:32","slug":"nowy-sprzet-rehabilitacyjny-dla-uczestnikow-projektu-pomocna-dlon-dla-powiatu-lwoweckiego","status":"publish","type":"post","link":"https:\/\/powiatlwowecki.pl\/nowy-sprzet-rehabilitacyjny-dla-uczestnikow-projektu-pomocna-dlon-dla-powiatu-lwoweckiego\/","title":{"rendered":"Nowy sprz\u0119t rehabilitacyjny dla uczestnik\u00f3w projektu \u201ePomocna D\u0142o\u0144 dla Powiatu Lw\u00f3weckiego\u201d"},"content":{"rendered":"<p data-start=\"97\" data-end=\"310\">W ramach projektu <strong data-start=\"115\" data-end=\"157\">\u201ePomocna D\u0142o\u0144 dla Powiatu Lw\u00f3weckiego\u201d<\/strong> zakupiono sprz\u0119t rehabilitacyjny, kt\u00f3ry b\u0119dzie wykorzystywany podczas zaj\u0119\u0107 prowadzonych dla uczestnik\u00f3w obj\u0119tych wsparciem specjalisty rehabilitacji.<\/p>\n<p data-start=\"312\" data-end=\"562\">Nowe wyposa\u017cenie pomo\u017ce w prowadzeniu \u0107wicze\u0144 ruchowych, usprawniaj\u0105cych oraz wzmacniaj\u0105cych, dostosowanych do indywidualnych potrzeb uczestnik\u00f3w projektu. Dzi\u0119ki temu mo\u017cliwe b\u0119dzie jeszcze lepsze wsparcie os\u00f3b wymagaj\u0105cych regularnej rehabilitacji.<\/p>\n<p data-start=\"564\" data-end=\"908\">W\u015br\u00f3d zakupionych artyku\u0142\u00f3w znalaz\u0142y si\u0119 m.in. pi\u0142ki rehabilitacyjne w kilku rozmiarach, maty do \u0107wicze\u0144, gumy oporowe, hantle, steppery, platformy r\u00f3wnowa\u017cne, poduszki sensoryczne, wa\u0142ki do \u0107wicze\u0144 oraz ko\u0142dry obci\u0105\u017ceniowe. Doposa\u017cono r\u00f3wnie\u017c zaj\u0119cia w opaski stabilizuj\u0105ce, pas ortopedyczny oraz sprz\u0119t wykorzystywany w terapii logopedycznej.<\/p>\n<p data-start=\"910\" data-end=\"1080\">Zakupione wyposa\u017cenie b\u0119dzie s\u0142u\u017cy\u0107 uczestnikom projektu podczas codziennych zaj\u0119\u0107 i terapii, wspieraj\u0105c popraw\u0119 sprawno\u015bci, koordynacji ruchowej oraz og\u00f3lnej kondycji.<\/p>\n<p data-start=\"1082\" data-end=\"1320\" data-is-last-node=\"\" data-is-only-node=\"\">Realizacja projektu <strong data-start=\"1102\" data-end=\"1144\">\u201ePomocna D\u0142o\u0144 dla Powiatu Lw\u00f3weckiego\u201d<\/strong> to konkretne wsparcie dla mieszka\u0144c\u00f3w potrzebuj\u0105cych pomocy oraz kolejny krok w kierunku rozwijania us\u0142ug spo\u0142ecznych na terenie Powiatu <span class=\"hover:entity-accent entity-underline inline cursor-pointer align-baseline\"><span class=\"whitespace-normal\">Lw\u00f3weckiego.<\/span><\/span><\/p>\n<p data-start=\"1082\" data-end=\"1320\" data-is-last-node=\"\" data-is-only-node=\"\"><img decoding=\"async\" class=\" wp-image-6017 aligncenter\" src=\"https:\/\/powiatlwowecki.pl\/wp-content\/uploads\/2024\/02\/Logo-aktywne-ksztalcenie-300x32.jpg\" alt=\"\" width=\"713\" height=\"76\" srcset=\"https:\/\/powiatlwowecki.pl\/wp-content\/uploads\/2024\/02\/Logo-aktywne-ksztalcenie-24x3.jpg 24w, https:\/\/powiatlwowecki.pl\/wp-content\/uploads\/2024\/02\/Logo-aktywne-ksztalcenie-36x4.jpg 36w, https:\/\/powiatlwowecki.pl\/wp-content\/uploads\/2024\/02\/Logo-aktywne-ksztalcenie-48x5.jpg 48w, https:\/\/powiatlwowecki.pl\/wp-content\/uploads\/2024\/02\/Logo-aktywne-ksztalcenie-200x21.jpg 200w, https:\/\/powiatlwowecki.pl\/wp-content\/uploads\/2024\/02\/Logo-aktywne-ksztalcenie-300x32.jpg 300w, https:\/\/powiatlwowecki.pl\/wp-content\/uploads\/2024\/02\/Logo-aktywne-ksztalcenie-400x42.jpg 400w, https:\/\/powiatlwowecki.pl\/wp-content\/uploads\/2024\/02\/Logo-aktywne-ksztalcenie-600x63.jpg 600w, https:\/\/powiatlwowecki.pl\/wp-content\/uploads\/2024\/02\/Logo-aktywne-ksztalcenie-768x81.jpg 768w, https:\/\/powiatlwowecki.pl\/wp-content\/uploads\/2024\/02\/Logo-aktywne-ksztalcenie-800x84.jpg 800w, https:\/\/powiatlwowecki.pl\/wp-content\/uploads\/2024\/02\/Logo-aktywne-ksztalcenie-1024x108.jpg 1024w, https:\/\/powiatlwowecki.pl\/wp-content\/uploads\/2024\/02\/Logo-aktywne-ksztalcenie-1200x126.jpg 1200w, https:\/\/powiatlwowecki.pl\/wp-content\/uploads\/2024\/02\/Logo-aktywne-ksztalcenie.jpg 1386w\" sizes=\"(max-width: 713px) 100vw, 713px\" \/><\/p>\n<p data-wahfont=\"16\"><em>Projekt \u201ePomocna D\u0142o\u0144 dla powiatu lw\u00f3weckiego \u2013 us\u0142ugi opieku\u0144cze dla os\u00f3b wymagaj\u0105cych wsparcia\u201d zosta\u0142 dofinansowany z Europejskiego Funduszu Spo\u0142ecznego Plus i realizowany jest w ramach programu: Fundusze Europejskie dla Dolnego \u015al\u0105ska 2021-2027.<\/em><\/p>\n<div dir=\"auto\"><span class=\"html-span xdj266r x11i5rnm xat24cr x1mh8g0r xexx8yu x4uap5 x18d9i69 xkhd6sd x1hl2dhg x16tdsg8 x1vvkbs\" data-wahfont=\"16\"><a class=\"x1i10hfl xjbqb8w x1ejq31n xd10rxx x1sy0etr x17r0tee x972fbf xcfux6l x1qhh985 xm0m39n x9f619 x1ypdohk xt0psk2 xe8uvvx xdj266r x11i5rnm xat24cr x1mh8g0r xexx8yu x4uap5 x18d9i69 xkhd6sd x16tdsg8 x1hl2dhg xggy1nq x1a2a7pz x1sur9pj xkrqix3 x1fey0fg x1s688f\" tabindex=\"0\" role=\"link\" href=\"https:\/\/www.facebook.com\/hashtag\/funduszeue?__eep__=6&amp;__cft__[0]=AZXgZ51L9fIzVrNxo38xm01pBFTHogpfYj5DSgXSf4y8Y__HgLvIO3I__BFYg9WAd68gbVW4vPLTabFmVkhYJm92IP18wvgL2O_lykjN80eFeG1ITIn_tGuAfDizLCgXadk4bUIhezA21s4E8QVRnQGlyncjzZE82Q_7cLhLbUVfPZJa5IluaMK2SPBuOXkyrmw&amp;__tn__=*NK-R\" data-wahfont=\"16\">#FunduszeUE<\/a><\/span>, <span class=\"html-span xdj266r x11i5rnm xat24cr x1mh8g0r xexx8yu x4uap5 x18d9i69 xkhd6sd x1hl2dhg x16tdsg8 x1vvkbs\" data-wahfont=\"16\"><a class=\"x1i10hfl xjbqb8w x1ejq31n xd10rxx x1sy0etr x17r0tee x972fbf xcfux6l x1qhh985 xm0m39n x9f619 x1ypdohk xt0psk2 xe8uvvx xdj266r x11i5rnm xat24cr x1mh8g0r xexx8yu x4uap5 x18d9i69 xkhd6sd x16tdsg8 x1hl2dhg xggy1nq x1a2a7pz x1sur9pj xkrqix3 x1fey0fg x1s688f\" tabindex=\"0\" role=\"link\" href=\"https:\/\/www.facebook.com\/hashtag\/funduszeeuropejskie?__eep__=6&amp;__cft__[0]=AZXgZ51L9fIzVrNxo38xm01pBFTHogpfYj5DSgXSf4y8Y__HgLvIO3I__BFYg9WAd68gbVW4vPLTabFmVkhYJm92IP18wvgL2O_lykjN80eFeG1ITIn_tGuAfDizLCgXadk4bUIhezA21s4E8QVRnQGlyncjzZE82Q_7cLhLbUVfPZJa5IluaMK2SPBuOXkyrmw&amp;__tn__=*NK-R\" data-wahfont=\"16\">#FunduszeEuropejskie<\/a><\/span><\/div>\n<div dir=\"auto\"><img decoding=\"async\" class=\"wp-image-12801 aligncenter\" src=\"https:\/\/powiatlwowecki.pl\/wp-content\/uploads\/2026\/04\/Projekt-bez-nazwy3-300x225.jpg\" alt=\"sprz\u0119t rehabilitacyjny dla uczestnik\u00f3w projektu Pomocna d\u0142o\u0144 dla powiatu Lw\u00f3weckiego na zdj\u0119ciu min. pi\u0142ki rehabilitacyjne w kilku rozmiarach, maty do \u0107wicze\u0144, gumy oporowe, hantle, steppery, platformy r\u00f3wnowa\u017cne, poduszki sensoryczne, wa\u0142ki do \u0107wicze\u0144 oraz ko\u0142dry obci\u0105\u017ceniowe. Doposa\u017cono r\u00f3wnie\u017c zaj\u0119cia w opaski stabilizuj\u0105ce, pas ortopedyczny oraz sprz\u0119t wykorzystywany w terapii logopedycznej.\" width=\"767\" height=\"575\" srcset=\"https:\/\/powiatlwowecki.pl\/wp-content\/uploads\/2026\/04\/Projekt-bez-nazwy3-24x18.jpg 24w, https:\/\/powiatlwowecki.pl\/wp-content\/uploads\/2026\/04\/Projekt-bez-nazwy3-36x27.jpg 36w, https:\/\/powiatlwowecki.pl\/wp-content\/uploads\/2026\/04\/Projekt-bez-nazwy3-48x36.jpg 48w, https:\/\/powiatlwowecki.pl\/wp-content\/uploads\/2026\/04\/Projekt-bez-nazwy3-200x150.jpg 200w, https:\/\/powiatlwowecki.pl\/wp-content\/uploads\/2026\/04\/Projekt-bez-nazwy3-300x225.jpg 300w, https:\/\/powiatlwowecki.pl\/wp-content\/uploads\/2026\/04\/Projekt-bez-nazwy3-400x300.jpg 400w, https:\/\/powiatlwowecki.pl\/wp-content\/uploads\/2026\/04\/Projekt-bez-nazwy3-600x450.jpg 600w, https:\/\/powiatlwowecki.pl\/wp-content\/uploads\/2026\/04\/Projekt-bez-nazwy3-768x576.jpg 768w, https:\/\/powiatlwowecki.pl\/wp-content\/uploads\/2026\/04\/Projekt-bez-nazwy3-800x600.jpg 800w, https:\/\/powiatlwowecki.pl\/wp-content\/uploads\/2026\/04\/Projekt-bez-nazwy3-1024x768.jpg 1024w, https:\/\/powiatlwowecki.pl\/wp-content\/uploads\/2026\/04\/Projekt-bez-nazwy3-1200x900.jpg 1200w, https:\/\/powiatlwowecki.pl\/wp-content\/uploads\/2026\/04\/Projekt-bez-nazwy3-1536x1152.jpg 1536w, https:\/\/powiatlwowecki.pl\/wp-content\/uploads\/2026\/04\/Projekt-bez-nazwy3.jpg 1600w\" sizes=\"(max-width: 767px) 100vw, 767px\" \/><\/div>\n","protected":false},"excerpt":{"rendered":"<p>W ramach projektu \u201ePomocna D\u0142o\u0144 dla Powiatu Lw\u00f3weckiego\u201d zakupiono sprz\u0119t rehabilitacyjny, kt\u00f3ry b\u0119dzie wykorzystywany podczas zaj\u0119\u0107 prowadzonych dla uczestnik\u00f3w obj\u0119tych wsparciem specjalisty rehabilitacji. Nowe wyposa\u017cenie pomo\u017ce w prowadzeniu \u0107wicze\u0144 ruchowych, usprawniaj\u0105cych oraz wzmacniaj\u0105cych, dostosowanych do  [&#8230;]<\/p>\n","protected":false},"author":8,"featured_media":12804,"comment_status":"closed","ping_status":"closed","sticky":false,"template":"","format":"standard","meta":{"_acf_changed":false,"footnotes":""},"categories":[5,84],"tags":[],"class_list":["post-12799","post","type-post","status-publish","format-standard","has-post-thumbnail","hentry","category-aktualnosci","category-fundusze-unijne"],"acf":{"kal_data_wydarzenia":""},"_links":{"self":[{"href":"https:\/\/powiatlwowecki.pl\/plci_json_endpoint\/wp\/v2\/posts\/12799","targetHints":{"allow":["GET"]}}],"collection":[{"href":"https:\/\/powiatlwowecki.pl\/plci_json_endpoint\/wp\/v2\/posts"}],"about":[{"href":"https:\/\/powiatlwowecki.pl\/plci_json_endpoint\/wp\/v2\/types\/post"}],"author":[{"embeddable":true,"href":"https:\/\/powiatlwowecki.pl\/plci_json_endpoint\/wp\/v2\/users\/8"}],"replies":[{"embeddable":true,"href":"https:\/\/powiatlwowecki.pl\/plci_json_endpoint\/wp\/v2\/comments?post=12799"}],"version-history":[{"count":2,"href":"https:\/\/powiatlwowecki.pl\/plci_json_endpoint\/wp\/v2\/posts\/12799\/revisions"}],"predecessor-version":[{"id":12803,"href":"https:\/\/powiatlwowecki.pl\/plci_json_endpoint\/wp\/v2\/posts\/12799\/revisions\/12803"}],"wp:featuredmedia":[{"embeddable":true,"href":"https:\/\/powiatlwowecki.pl\/plci_json_endpoint\/wp\/v2\/media\/12804"}],"wp:attachment":[{"href":"https:\/\/powiatlwowecki.pl\/plci_json_endpoint\/wp\/v2\/media?parent=12799"}],"wp:term":[{"taxonomy":"category","embeddable":true,"href":"https:\/\/powiatlwowecki.pl\/plci_json_endpoint\/wp\/v2\/categories?post=12799"},{"taxonomy":"post_tag","embeddable":true,"href":"https:\/\/powiatlwowecki.pl\/plci_json_endpoint\/wp\/v2\/tags?post=12799"}],"curies":[{"name":"wp","href":"https:\/\/api.w.org\/{rel}","templated":true}]}}