{"id":12592,"date":"2026-03-09T12:06:17","date_gmt":"2026-03-09T11:06:17","guid":{"rendered":"https:\/\/powiatlwowecki.pl\/?p=12592"},"modified":"2026-04-13T12:08:50","modified_gmt":"2026-04-13T10:08:50","slug":"pomocna-dlon-w-2025-roku-wsparcie-ktore-realnie-dociera-do-mieszkancow-powiatu-lwoweckiego","status":"publish","type":"post","link":"https:\/\/powiatlwowecki.pl\/pomocna-dlon-w-2025-roku-wsparcie-ktore-realnie-dociera-do-mieszkancow-powiatu-lwoweckiego\/","title":{"rendered":"Pomocna D\u0142o\u0144 w 2025 roku \u2013 wsparcie, kt\u00f3re realnie dociera do mieszka\u0144c\u00f3w powiatu lw\u00f3weckiego"},"content":{"rendered":"<p data-start=\"479\" data-end=\"1026\">Projekt <strong data-start=\"487\" data-end=\"580\">\u201ePomocna D\u0142o\u0144 dla powiatu lw\u00f3weckiego \u2013 us\u0142ugi opieku\u0144cze dla os\u00f3b wymagaj\u0105cych wsparcia\u201d<\/strong> jest dofinansowany z <strong data-start=\"602\" data-end=\"645\">Europejskiego Funduszu Spo\u0142ecznego Plus<\/strong> i realizowany w ramach programu <strong data-start=\"678\" data-end=\"731\">Fundusze Europejskie dla Dolnego \u015al\u0105ska 2021\u20132027<\/strong>. Przedsi\u0119wzi\u0119cie realizowane jest w okresie <strong data-start=\"776\" data-end=\"820\">od 1 lipca 2024 r. do 30 czerwca 2026 r.<\/strong>, a jego celem jest zapewnienie mieszka\u0144com powiatu lw\u00f3weckiego dost\u0119pu do us\u0142ug opieku\u0144czych i specjalistycznych, \u015bwiadczonych mo\u017cliwie blisko ich codziennych potrzeb.<\/p>\n<p data-start=\"1028\" data-end=\"1541\">Rok 2025 pokazuje, \u017ce \u201ePomocna D\u0142o\u0144\u201d to projekt, za kt\u00f3rym stoj\u0105 konkretne dzia\u0142ania i wymierne efekty. Szczeg\u00f3lnie wa\u017cnym obszarem wsparcia s\u0105 us\u0142ugi opieku\u0144cze w miejscu zamieszkania oraz specjalistyczne us\u0142ugi opieku\u0144cze, dzi\u0119ki kt\u00f3rym osoby wymagaj\u0105ce pomocy mog\u0105 otrzymywa\u0107 wsparcie w swoim naturalnym, bezpiecznym \u015brodowisku. Wed\u0142ug danych za 2025 rok w ramach programu sfinansowano <strong data-start=\"1417\" data-end=\"1435\">10 993 godziny<\/strong> tego rodzaju us\u0142ug, a warto\u015b\u0107 \u015brodk\u00f3w przeznaczonych na realizacj\u0119 tych zada\u0144 wynios\u0142a <strong data-start=\"1523\" data-end=\"1540\">493 722,75 z\u0142<\/strong>.<\/p>\n<p data-start=\"1543\" data-end=\"2007\">To liczby, kt\u00f3re dobrze pokazuj\u0105 skal\u0119 dzia\u0142ania programu, ale za ka\u017cd\u0105 z nich kryje si\u0119 codzienna, bardzo konkretna pomoc. To wsparcie w zwyk\u0142ych czynno\u015bciach dnia codziennego, pomoc dostosowana do stanu zdrowia i indywidualnych potrzeb, a tak\u017ce obecno\u015b\u0107 specjalist\u00f3w tam, gdzie s\u0105 oni najbardziej potrzebni \u2014 w domu osoby wymagaj\u0105cej opieki. Taka forma wsparcia nie tylko poprawia komfort \u017cycia uczestnik\u00f3w projektu, ale r\u00f3wnie\u017c odci\u0105\u017ca ich bliskich i opiekun\u00f3w.<\/p>\n<p data-start=\"2009\" data-end=\"2478\">Wa\u017cn\u0105 cz\u0119\u015bci\u0105 realizacji programu w 2025 roku s\u0105 tak\u017ce us\u0142ugi \u015bwiadczone w <strong data-start=\"2084\" data-end=\"2109\">domu dziennego pobytu<\/strong>. Z tej formy wsparcia skorzysta\u0142y <strong data-start=\"2144\" data-end=\"2156\">23 osoby<\/strong>, a wysoko\u015b\u0107 \u015brodk\u00f3w przeznaczonych na ten cel wynios\u0142a <strong data-start=\"2212\" data-end=\"2229\">349 127,16 z\u0142<\/strong>. To istotny element projektu, poniewa\u017c dom dziennego pobytu daje uczestnikom nie tylko opiek\u0119 i bezpiecze\u0144stwo, lecz tak\u017ce mo\u017cliwo\u015b\u0107 aktywnego sp\u0119dzania czasu, kontaktu z innymi lud\u017ami i udzia\u0142u w dzia\u0142aniach wspieraj\u0105cych codzienne funkcjonowanie.<\/p>\n<p data-start=\"2480\" data-end=\"2808\">\u0141\u0105cznie na wskazane dzia\u0142ania w 2025 roku przeznaczono <strong data-start=\"2535\" data-end=\"2552\">842 849,91 z\u0142<\/strong>. To pokazuje, \u017ce \u201ePomocna D\u0142o\u0144\u201d nie jest jedynie za\u0142o\u017ceniem zapisanym w dokumentach, ale realnym systemem wsparcia, kt\u00f3ry dzia\u0142a tu i teraz. Program odpowiada na potrzeby mieszka\u0144c\u00f3w powiatu lw\u00f3weckiego w spos\u00f3b praktyczny, konkretny i bliski cz\u0142owiekowi.<\/p>\n<p data-start=\"2810\" data-end=\"3250\">Realizacja projektu w 2025 roku potwierdza, jak wa\u017cne s\u0105 dobrze zorganizowane us\u0142ugi spo\u0142eczne \u015bwiadczone lokalnie. Wsparcie dost\u0119pne blisko miejsca zamieszkania zwi\u0119ksza poczucie bezpiecze\u0144stwa, pomaga zachowa\u0107 mo\u017cliwie du\u017c\u0105 samodzielno\u015b\u0107 i wzmacnia jako\u015b\u0107 \u017cycia os\u00f3b wymagaj\u0105cych opieki. Jednocze\u015bnie pokazuje, \u017ce \u015brodki europejskie mog\u0105 by\u0107 skutecznie wykorzystywane tam, gdzie maj\u0105 najwi\u0119ksze znaczenie \u2014 w codziennym \u017cyciu mieszka\u0144c\u00f3w.<\/p>\n<p data-start=\"2810\" data-end=\"3250\"><img decoding=\"async\" class=\" wp-image-6017 aligncenter\" src=\"https:\/\/powiatlwowecki.pl\/wp-content\/uploads\/2024\/02\/Logo-aktywne-ksztalcenie-300x32.jpg\" alt=\"\" width=\"591\" height=\"63\" srcset=\"https:\/\/powiatlwowecki.pl\/wp-content\/uploads\/2024\/02\/Logo-aktywne-ksztalcenie-24x3.jpg 24w, https:\/\/powiatlwowecki.pl\/wp-content\/uploads\/2024\/02\/Logo-aktywne-ksztalcenie-36x4.jpg 36w, https:\/\/powiatlwowecki.pl\/wp-content\/uploads\/2024\/02\/Logo-aktywne-ksztalcenie-48x5.jpg 48w, https:\/\/powiatlwowecki.pl\/wp-content\/uploads\/2024\/02\/Logo-aktywne-ksztalcenie-200x21.jpg 200w, https:\/\/powiatlwowecki.pl\/wp-content\/uploads\/2024\/02\/Logo-aktywne-ksztalcenie-300x32.jpg 300w, https:\/\/powiatlwowecki.pl\/wp-content\/uploads\/2024\/02\/Logo-aktywne-ksztalcenie-400x42.jpg 400w, https:\/\/powiatlwowecki.pl\/wp-content\/uploads\/2024\/02\/Logo-aktywne-ksztalcenie-600x63.jpg 600w, https:\/\/powiatlwowecki.pl\/wp-content\/uploads\/2024\/02\/Logo-aktywne-ksztalcenie-768x81.jpg 768w, https:\/\/powiatlwowecki.pl\/wp-content\/uploads\/2024\/02\/Logo-aktywne-ksztalcenie-800x84.jpg 800w, https:\/\/powiatlwowecki.pl\/wp-content\/uploads\/2024\/02\/Logo-aktywne-ksztalcenie-1024x108.jpg 1024w, https:\/\/powiatlwowecki.pl\/wp-content\/uploads\/2024\/02\/Logo-aktywne-ksztalcenie-1200x126.jpg 1200w, https:\/\/powiatlwowecki.pl\/wp-content\/uploads\/2024\/02\/Logo-aktywne-ksztalcenie.jpg 1386w\" sizes=\"(max-width: 591px) 100vw, 591px\" \/><\/p>\n<div class=\"fusion-fullwidth fullwidth-box fusion-builder-row-1 fusion-flex-container nonhundred-percent-fullwidth non-hundred-percent-height-scrolling\">\n<div class=\"fusion-builder-row fusion-row fusion-flex-align-items-flex-start fusion-flex-content-wrap\">\n<div class=\"fusion-layout-column fusion_builder_column fusion-builder-column-0 fusion_builder_column_3_4 3_4 fusion-flex-column\">\n<div class=\"fusion-column-wrapper fusion-flex-justify-content-flex-start fusion-content-layout-column\">\n<div class=\"fusion-text fusion-text-1\">\n<p data-wahfont=\"16\"><em>Projekt \u201ePomocna D\u0142o\u0144 dla powiatu lw\u00f3weckiego \u2013 us\u0142ugi opieku\u0144cze dla os\u00f3b wymagaj\u0105cych wsparcia\u201d zosta\u0142 dofinansowany z Europejskiego Funduszu Spo\u0142ecznego Plus i realizowany jest w ramach programu: Fundusze Europejskie dla Dolnego \u015al\u0105ska 2021-2027.<\/em><\/p>\n<div dir=\"auto\"><span class=\"html-span xdj266r x11i5rnm xat24cr x1mh8g0r xexx8yu x4uap5 x18d9i69 xkhd6sd x1hl2dhg x16tdsg8 x1vvkbs\" data-wahfont=\"16\"><a class=\"x1i10hfl xjbqb8w x1ejq31n xd10rxx x1sy0etr x17r0tee x972fbf xcfux6l x1qhh985 xm0m39n x9f619 x1ypdohk xt0psk2 xe8uvvx xdj266r x11i5rnm xat24cr x1mh8g0r xexx8yu x4uap5 x18d9i69 xkhd6sd x16tdsg8 x1hl2dhg xggy1nq x1a2a7pz x1sur9pj xkrqix3 x1fey0fg x1s688f\" tabindex=\"0\" role=\"link\" href=\"https:\/\/www.facebook.com\/hashtag\/funduszeue?__eep__=6&amp;__cft__[0]=AZXgZ51L9fIzVrNxo38xm01pBFTHogpfYj5DSgXSf4y8Y__HgLvIO3I__BFYg9WAd68gbVW4vPLTabFmVkhYJm92IP18wvgL2O_lykjN80eFeG1ITIn_tGuAfDizLCgXadk4bUIhezA21s4E8QVRnQGlyncjzZE82Q_7cLhLbUVfPZJa5IluaMK2SPBuOXkyrmw&amp;__tn__=*NK-R\" data-wahfont=\"16\">#FunduszeUE<\/a><\/span>, <span class=\"html-span xdj266r x11i5rnm xat24cr x1mh8g0r xexx8yu x4uap5 x18d9i69 xkhd6sd x1hl2dhg x16tdsg8 x1vvkbs\" data-wahfont=\"16\"><a class=\"x1i10hfl xjbqb8w x1ejq31n xd10rxx x1sy0etr x17r0tee x972fbf xcfux6l x1qhh985 xm0m39n x9f619 x1ypdohk xt0psk2 xe8uvvx xdj266r x11i5rnm xat24cr x1mh8g0r xexx8yu x4uap5 x18d9i69 xkhd6sd x16tdsg8 x1hl2dhg xggy1nq x1a2a7pz x1sur9pj xkrqix3 x1fey0fg x1s688f\" tabindex=\"0\" role=\"link\" href=\"https:\/\/www.facebook.com\/hashtag\/funduszeeuropejskie?__eep__=6&amp;__cft__[0]=AZXgZ51L9fIzVrNxo38xm01pBFTHogpfYj5DSgXSf4y8Y__HgLvIO3I__BFYg9WAd68gbVW4vPLTabFmVkhYJm92IP18wvgL2O_lykjN80eFeG1ITIn_tGuAfDizLCgXadk4bUIhezA21s4E8QVRnQGlyncjzZE82Q_7cLhLbUVfPZJa5IluaMK2SPBuOXkyrmw&amp;__tn__=*NK-R\" data-wahfont=\"16\">#FunduszeEuropejskie<\/a><\/span><\/div>\n<\/div>\n<\/div>\n<\/div>\n<div class=\"fusion-layout-column fusion_builder_column fusion-builder-column-1 fusion_builder_column_1_4 1_4 fusion-flex-column\">\n<div class=\"fusion-column-wrapper fusion-column-has-shadow fusion-flex-justify-content-flex-start fusion-content-layout-column\">\n<div class=\"fusion-text fusion-text-2\"><\/div>\n<\/div>\n<\/div>\n<\/div>\n<\/div>\n<p data-start=\"2810\" data-end=\"3250\">\n","protected":false},"excerpt":{"rendered":"<p>Projekt \u201ePomocna D\u0142o\u0144 dla powiatu lw\u00f3weckiego \u2013 us\u0142ugi opieku\u0144cze dla os\u00f3b wymagaj\u0105cych wsparcia\u201d jest dofinansowany z Europejskiego Funduszu Spo\u0142ecznego Plus i realizowany w ramach programu Fundusze Europejskie dla Dolnego \u015al\u0105ska 2021\u20132027. Przedsi\u0119wzi\u0119cie realizowane jest w  [&#8230;]<\/p>\n","protected":false},"author":8,"featured_media":10326,"comment_status":"closed","ping_status":"closed","sticky":false,"template":"","format":"standard","meta":{"_acf_changed":false,"footnotes":""},"categories":[5],"tags":[],"class_list":["post-12592","post","type-post","status-publish","format-standard","has-post-thumbnail","hentry","category-aktualnosci"],"acf":{"kal_data_wydarzenia":""},"_links":{"self":[{"href":"https:\/\/powiatlwowecki.pl\/plci_json_endpoint\/wp\/v2\/posts\/12592","targetHints":{"allow":["GET"]}}],"collection":[{"href":"https:\/\/powiatlwowecki.pl\/plci_json_endpoint\/wp\/v2\/posts"}],"about":[{"href":"https:\/\/powiatlwowecki.pl\/plci_json_endpoint\/wp\/v2\/types\/post"}],"author":[{"embeddable":true,"href":"https:\/\/powiatlwowecki.pl\/plci_json_endpoint\/wp\/v2\/users\/8"}],"replies":[{"embeddable":true,"href":"https:\/\/powiatlwowecki.pl\/plci_json_endpoint\/wp\/v2\/comments?post=12592"}],"version-history":[{"count":2,"href":"https:\/\/powiatlwowecki.pl\/plci_json_endpoint\/wp\/v2\/posts\/12592\/revisions"}],"predecessor-version":[{"id":12594,"href":"https:\/\/powiatlwowecki.pl\/plci_json_endpoint\/wp\/v2\/posts\/12592\/revisions\/12594"}],"wp:featuredmedia":[{"embeddable":true,"href":"https:\/\/powiatlwowecki.pl\/plci_json_endpoint\/wp\/v2\/media\/10326"}],"wp:attachment":[{"href":"https:\/\/powiatlwowecki.pl\/plci_json_endpoint\/wp\/v2\/media?parent=12592"}],"wp:term":[{"taxonomy":"category","embeddable":true,"href":"https:\/\/powiatlwowecki.pl\/plci_json_endpoint\/wp\/v2\/categories?post=12592"},{"taxonomy":"post_tag","embeddable":true,"href":"https:\/\/powiatlwowecki.pl\/plci_json_endpoint\/wp\/v2\/tags?post=12592"}],"curies":[{"name":"wp","href":"https:\/\/api.w.org\/{rel}","templated":true}]}}