{"id":12395,"date":"2026-03-19T13:29:50","date_gmt":"2026-03-19T12:29:50","guid":{"rendered":"https:\/\/powiatlwowecki.pl\/?p=12395"},"modified":"2026-03-19T13:30:07","modified_gmt":"2026-03-19T12:30:07","slug":"instytut-dostepnosci-szkolenia-i-doradztwo-dla-firm","status":"publish","type":"post","link":"https:\/\/powiatlwowecki.pl\/instytut-dostepnosci-szkolenia-i-doradztwo-dla-firm\/","title":{"rendered":"INSTYTUT DOST\u0118PNO\u015aCI szkolenia i doradztwo dla firm"},"content":{"rendered":"<p><div class=\"fusion-fullwidth fullwidth-box fusion-builder-row-1 fusion-flex-container has-pattern-background has-mask-background nonhundred-percent-fullwidth non-hundred-percent-height-scrolling\" style=\"--awb-border-radius-top-left:0px;--awb-border-radius-top-right:0px;--awb-border-radius-bottom-right:0px;--awb-border-radius-bottom-left:0px;--awb-flex-wrap:wrap;\" ><div class=\"fusion-builder-row fusion-row fusion-flex-align-items-flex-start fusion-flex-content-wrap\" style=\"max-width:1248px;margin-left: calc(-4% \/ 2 );margin-right: calc(-4% \/ 2 );\"><div class=\"fusion-layout-column fusion_builder_column fusion-builder-column-0 fusion_builder_column_3_4 3_4 fusion-flex-column\" style=\"--awb-bg-size:cover;--awb-width-large:75%;--awb-margin-top-large:0px;--awb-spacing-right-large:2.56%;--awb-margin-bottom-large:20px;--awb-spacing-left-large:2.56%;--awb-width-medium:100%;--awb-order-medium:0;--awb-spacing-right-medium:1.92%;--awb-spacing-left-medium:1.92%;--awb-width-small:100%;--awb-order-small:0;--awb-spacing-right-small:1.92%;--awb-spacing-left-small:1.92%;\"><div class=\"fusion-column-wrapper fusion-column-has-shadow fusion-flex-justify-content-flex-start fusion-content-layout-column\"><div class=\"fusion-text fusion-text-1\"><p><img decoding=\"async\" class=\"wp-image-10390 aligncenter\" src=\"https:\/\/powiatlwowecki.pl\/wp-content\/uploads\/2025\/07\/Zaproszenie-29-07_2025-1-300x45.jpg\" alt=\"\" width=\"1053\" height=\"158\" srcset=\"https:\/\/powiatlwowecki.pl\/wp-content\/uploads\/2025\/07\/Zaproszenie-29-07_2025-1-24x4.jpg 24w, https:\/\/powiatlwowecki.pl\/wp-content\/uploads\/2025\/07\/Zaproszenie-29-07_2025-1-36x5.jpg 36w, https:\/\/powiatlwowecki.pl\/wp-content\/uploads\/2025\/07\/Zaproszenie-29-07_2025-1-48x7.jpg 48w, https:\/\/powiatlwowecki.pl\/wp-content\/uploads\/2025\/07\/Zaproszenie-29-07_2025-1-200x30.jpg 200w, https:\/\/powiatlwowecki.pl\/wp-content\/uploads\/2025\/07\/Zaproszenie-29-07_2025-1-300x45.jpg 300w, https:\/\/powiatlwowecki.pl\/wp-content\/uploads\/2025\/07\/Zaproszenie-29-07_2025-1-400x59.jpg 400w, https:\/\/powiatlwowecki.pl\/wp-content\/uploads\/2025\/07\/Zaproszenie-29-07_2025-1-600x89.jpg 600w, https:\/\/powiatlwowecki.pl\/wp-content\/uploads\/2025\/07\/Zaproszenie-29-07_2025-1-768x114.jpg 768w, https:\/\/powiatlwowecki.pl\/wp-content\/uploads\/2025\/07\/Zaproszenie-29-07_2025-1-800x119.jpg 800w, https:\/\/powiatlwowecki.pl\/wp-content\/uploads\/2025\/07\/Zaproszenie-29-07_2025-1.jpg 1043w\" sizes=\"(max-width: 1053px) 100vw, 1053px\" \/><\/p>\n<\/div><div class=\"fusion-text fusion-text-2\"><h2 style=\"text-align: center;\">DOST\u0118PNO\u015a\u0106 TO NOWE MO\u017bLIWO\u015aCI<br \/>\n\u201eDyrektywa EAA &#8211; szkolenia i doradztwo dlaprzedsi\u0119biorstw\u201d<br \/>\nInstytut ADN sp. z o.o., sp.k. i Stowarzyszenie M\u0142odych Lubuszan<br \/>\nZapraszaj\u0105 na spotkanie informacyjne<\/h2>\n<p><!--more--><\/p>\n<p>Zapraszamy do udzia\u0142u w szkoleniach oraz skorzystania z doradztwa poszkoleniowego, kt\u00f3re pomo\u017ce Twojej firmie skutecznie wdro\u017cy\u0107 zasady dost\u0119pno\u015bci i uniwersalnego projektowania zgodnie z wymogami ustawy Polski Akt o Dost\u0119pno\u015bci (PAD).<\/p>\n<p style=\"text-align: left;\"><img decoding=\"async\" class=\"size-medium wp-image-10388 alignleft\" src=\"https:\/\/powiatlwowecki.pl\/wp-content\/uploads\/2025\/07\/Plakat-promocyjny-Instytut-Dostepnosci-300x171.jpg\" alt=\"\" width=\"300\" height=\"171\" srcset=\"https:\/\/powiatlwowecki.pl\/wp-content\/uploads\/2025\/07\/Plakat-promocyjny-Instytut-Dostepnosci-24x14.jpg 24w, https:\/\/powiatlwowecki.pl\/wp-content\/uploads\/2025\/07\/Plakat-promocyjny-Instytut-Dostepnosci-36x21.jpg 36w, https:\/\/powiatlwowecki.pl\/wp-content\/uploads\/2025\/07\/Plakat-promocyjny-Instytut-Dostepnosci-48x27.jpg 48w, https:\/\/powiatlwowecki.pl\/wp-content\/uploads\/2025\/07\/Plakat-promocyjny-Instytut-Dostepnosci-200x114.jpg 200w, https:\/\/powiatlwowecki.pl\/wp-content\/uploads\/2025\/07\/Plakat-promocyjny-Instytut-Dostepnosci-300x171.jpg 300w, https:\/\/powiatlwowecki.pl\/wp-content\/uploads\/2025\/07\/Plakat-promocyjny-Instytut-Dostepnosci-400x228.jpg 400w, https:\/\/powiatlwowecki.pl\/wp-content\/uploads\/2025\/07\/Plakat-promocyjny-Instytut-Dostepnosci-600x342.jpg 600w, https:\/\/powiatlwowecki.pl\/wp-content\/uploads\/2025\/07\/Plakat-promocyjny-Instytut-Dostepnosci.jpg 714w\" sizes=\"(max-width: 300px) 100vw, 300px\" \/>Projekt skierowany jest do Przedsi\u0119biorstw z obszaru ca\u0142ej Polski obj\u0119tych obowi\u0105zkiem stosowania ustawy PAD oraz<br \/>\ndo firm planuj\u0105cych podj\u0119cie takiej dzia\u0142alno\u015bci. Zapraszamy przedsi\u0119biorstwa oraz w\u0142a\u015bcicieli i w\u0142a\u015bcicielki jednoosobowych dzia\u0142alno\u015bci gospodarczych.<br \/>\nZapraszamy pracownice i pracownik\u00f3w oraz osoby zajmuj\u0105ce stanowiska kierownicze.<\/p>\n<p style=\"text-align: left;\">Projekt wsp\u00f3\u0142finansowany ze \u015brodk\u00f3w Unii Europejskiej w ramach Europejskiego Funduszu Spo\u0142ecznego Plus (EFS+) w Programie Fundusze Europejskie dla Rozwoju Spo\u0142ecznego 2021-2027.<\/p>\n<p style=\"text-align: left;\">Warto\u015b\u0107 projektu: 10 251 890,00 PLN, Dofinansowanie z UE: 8 459 859,62 PLN<br \/>\nNr projektu: FERS.01.03-IP.09-0025\/24,<br \/>\nczas trwania projektu: od 01.01.2025 r. do 31.12.2027 r.<\/p>\n<p>UDZIA\u0141 W PROJEKCIE JEST BEZP\u0141ATNY<br \/>\n100% do\ufb01nansowania w ramach pomocy de minimis<\/p>\n<\/div><div class=\"fusion-text fusion-text-3\"><p>REALIZACJA SZKOLE\u0143<br \/>\nKa\u017cdy Uczestnik\/Uczestniczka otrzyma wsparcie szkoleniowo \u2013 doradcze.<br \/>\nProponujemy dwie \u015bcie\u017cki udzia\u0142u<br \/>\n\u015acie\u017cka 1: szkolenie og\u00f3lne (formu\u0142a zdalna), szkolenie specjalistyczne<br \/>\n(formu\u0142a stacjonarna lub zdalna).<br \/>\n\u015acie\u017cka 2: szkolenie specjalistyczne (formu\u0142a stacjonarna lub zdalna).<\/p>\n<\/div>\n<div class=\"table-1\">\n<table width=\"100%\">\n<thead>\n<tr>\n<th style=\"text-align: center;\" align=\"left\">8 h<\/th>\n<th style=\"text-align: center;\" align=\"left\">16 h<\/th>\n<th style=\"text-align: center;\" align=\"left\">8h (max 15)<\/th>\n<\/tr>\n<\/thead>\n<tbody>\n<tr>\n<td style=\"text-align: center;\" align=\"left\">Szkolenie og\u00f3lne<\/p>\n<p>\u015acie\u017cka 1<\/td>\n<td style=\"text-align: center;\" align=\"left\">Szkolenie specjalistyczne<\/p>\n<p>\u015acie\u017cka 1 i 2<\/td>\n<td style=\"text-align: center;\" align=\"left\">Doradztwo poszkoleniowe<\/p>\n<p>\u015bcie\u017cka 1 i 2<\/td>\n<\/tr>\n<\/tbody>\n<\/table>\n<\/div>\n<div class=\"fusion-text fusion-text-4\"><p>Doradztwo przewidziane w \u015bcie\u017ckach 1 i 2 przewidziane jest dla ka\u017cdego Uczestnika i Uczestniczki<br \/>\n(spotkania indywidualne, formu\u0142a stacjonarna lub zdalna).<br \/>\n<strong>ORGANIZACJA SZKOLE\u0143<\/strong><br \/>\nW przypadku udzia\u0142u w szkoleniach stacjonarnych, zorganizowanych w miejscowo\u015bci innej ni\u017c miejsce zamieszkania dofinansujemy hotel, \u015bniadanie i kolacj\u0119. W trakcie szkolenia zapewniamy przerwy kawowe oraz obiad. Zwracamy koszty dojazdu.<br \/>\n<strong>REKRUTACJA<\/strong><br \/>\nZapraszamy do zapoznania si\u0119 z DOKUMENTAMI REKRUTACYJNYMI. Rekrutacja odbywa si\u0119 przez System Informatyczny ESSW (Elektroniczny system sk\u0142adania wniosk\u00f3w)<\/p>\n<\/div><\/div><\/div><div class=\"fusion-layout-column fusion_builder_column fusion-builder-column-1 fusion_builder_column_1_4 1_4 fusion-flex-column\" style=\"--awb-bg-size:cover;--awb-width-large:25%;--awb-margin-top-large:0px;--awb-spacing-right-large:7.68%;--awb-margin-bottom-large:20px;--awb-spacing-left-large:7.68%;--awb-width-medium:100%;--awb-order-medium:0;--awb-spacing-right-medium:1.92%;--awb-spacing-left-medium:1.92%;--awb-width-small:100%;--awb-order-small:0;--awb-spacing-right-small:1.92%;--awb-spacing-left-small:1.92%;\"><div class=\"fusion-column-wrapper fusion-column-has-shadow fusion-flex-justify-content-flex-start fusion-content-layout-column\"><div class=\"fusion-content-boxes content-boxes columns row fusion-columns-1 fusion-columns-total-3 fusion-content-boxes-1 content-boxes-icon-with-title content-left\" style=\"--awb-hover-accent-color:#f44336;--awb-circle-hover-accent-color:#f44336;--awb-item-margin-bottom:40px;\" data-animationOffset=\"top-into-view\"><div style=\"--awb-backgroundcolor:var(--awb-color4);\" class=\"fusion-column content-box-column content-box-column content-box-column-1 col-lg-12 col-md-12 col-sm-12 fusion-content-box-hover content-box-column-last-in-row\"><div class=\"col content-box-wrapper content-wrapper-background link-area-link-icon link-type-text content-icon-wrapper-yes icon-hover-animation-slide\" data-animationOffset=\"top-into-view\"><div class=\"heading icon-left\"><a class=\"heading-link\" style=\"float:left;\" href=\"https:\/\/powiatlwowecki.pl\/wp-content\/uploads\/2026\/03\/1_-zaproszenie-EAA_25.03.2026.pdf\" target=\"_self\"><h2 class=\"content-box-heading\" style=\"--h2_typography-font-size:24px;line-height:29px;\">Zaproszenie <\/h2><\/a><\/div><\/div><\/div><div style=\"--awb-backgroundcolor:var(--awb-color4);\" class=\"fusion-column content-box-column content-box-column content-box-column-2 col-lg-12 col-md-12 col-sm-12 fusion-content-box-hover content-box-column-last-in-row\"><div class=\"col content-box-wrapper content-wrapper-background link-area-link-icon link-type-text content-icon-wrapper-yes icon-hover-animation-slide\" data-animationOffset=\"top-into-view\"><div class=\"heading icon-left\"><a class=\"heading-link\" style=\"float:left;\" href=\"https:\/\/powiatlwowecki.pl\/wp-content\/uploads\/2026\/03\/2.-O-projekcie-Dyrektywa-EAA.pdf\" target=\"_self\"><h2 class=\"content-box-heading\" style=\"--h2_typography-font-size:24px;line-height:29px;\">O projekcie <\/h2><\/a><\/div><\/div><\/div><div style=\"--awb-backgroundcolor:var(--awb-color4);\" class=\"fusion-column content-box-column content-box-column content-box-column-3 col-lg-12 col-md-12 col-sm-12 fusion-content-box-hover content-box-column-last content-box-column-last-in-row\"><div class=\"col content-box-wrapper content-wrapper-background link-area-link-icon link-type-text content-icon-wrapper-yes icon-hover-animation-slide\" data-animationOffset=\"top-into-view\"><div class=\"heading icon-left\"><a class=\"heading-link\" style=\"float:left;\" href=\"https:\/\/powiatlwowecki.pl\/wp-content\/uploads\/2026\/03\/3.-Dyrektywa-EAA-Przyszlosc-biznesu.pdf\" target=\"_self\"><h2 class=\"content-box-heading\" style=\"--h2_typography-font-size:24px;line-height:29px;\">Przysz\u0142o\u015b\u0107 biznesu <\/h2><\/a><\/div><\/div><\/div><div class=\"fusion-clearfix\"><\/div><\/div><\/div><\/div><div class=\"fusion-layout-column fusion_builder_column fusion-builder-column-2 fusion_builder_column_1_3 1_3 fusion-flex-column\" style=\"--awb-bg-size:cover;--awb-width-large:33.333333333333%;--awb-margin-top-large:0px;--awb-spacing-right-large:5.76%;--awb-margin-bottom-large:20px;--awb-spacing-left-large:5.76%;--awb-width-medium:100%;--awb-order-medium:0;--awb-spacing-right-medium:1.92%;--awb-spacing-left-medium:1.92%;--awb-width-small:100%;--awb-order-small:0;--awb-spacing-right-small:1.92%;--awb-spacing-left-small:1.92%;\"><div class=\"fusion-column-wrapper fusion-column-has-shadow fusion-flex-justify-content-flex-start fusion-content-layout-column\"><div class=\"fusion-text fusion-text-5\"><p>ZAPRASZAMY DO KONTAKTU<br \/>\nZesp\u00f3\u0142 projektu: tel. + 48 22 162 79 60, + 48 452 444 043<br \/>\ndyrektywaEAA@adn.pl | www.dyrektywaeaa.adninstytut.pl<\/p>\n<\/div><\/div><\/div><\/div><\/div><div class=\"fusion-fullwidth fullwidth-box fusion-builder-row-2 fusion-flex-container has-pattern-background has-mask-background nonhundred-percent-fullwidth non-hundred-percent-height-scrolling\" style=\"--awb-border-radius-top-left:0px;--awb-border-radius-top-right:0px;--awb-border-radius-bottom-right:0px;--awb-border-radius-bottom-left:0px;--awb-flex-wrap:wrap;\" ><div class=\"fusion-builder-row fusion-row fusion-flex-align-items-flex-start fusion-flex-content-wrap\" style=\"max-width:1248px;margin-left: calc(-4% \/ 2 );margin-right: calc(-4% \/ 2 );\"><\/div><\/div><div class=\"fusion-fullwidth fullwidth-box fusion-builder-row-3 fusion-flex-container has-pattern-background has-mask-background nonhundred-percent-fullwidth non-hundred-percent-height-scrolling\" style=\"--awb-border-radius-top-left:0px;--awb-border-radius-top-right:0px;--awb-border-radius-bottom-right:0px;--awb-border-radius-bottom-left:0px;--awb-flex-wrap:wrap;\" ><div class=\"fusion-builder-row fusion-row fusion-flex-align-items-flex-start fusion-flex-content-wrap\" style=\"max-width:1248px;margin-left: calc(-4% \/ 2 );margin-right: calc(-4% \/ 2 );\"><div class=\"fusion-layout-column fusion_builder_column fusion-builder-column-3 fusion_builder_column_1_1 1_1 fusion-flex-column\" style=\"--awb-bg-size:cover;--awb-width-large:100%;--awb-margin-top-large:0px;--awb-spacing-right-large:1.92%;--awb-margin-bottom-large:20px;--awb-spacing-left-large:1.92%;--awb-width-medium:100%;--awb-order-medium:0;--awb-spacing-right-medium:1.92%;--awb-spacing-left-medium:1.92%;--awb-width-small:100%;--awb-order-small:0;--awb-spacing-right-small:1.92%;--awb-spacing-left-small:1.92%;\"><div class=\"fusion-column-wrapper fusion-column-has-shadow fusion-flex-justify-content-flex-start fusion-content-layout-column\"><div class=\"fusion-text fusion-text-6\"><h2 style=\"text-align: left;\"><a href=\"https:\/\/teams.microsoft.com\/dl\/launcher\/launcher.html?url=%2F_%23%2Fl%2Fmeetup-join%2F19%3Ameeting_MjIyYTFlYTctN2U1Yy00N2IyLTk4YzYtOTI5M2M3NzgyNjY3%40thread.v2%2F0%3Fcontext%3D%257b%2522Tid%2522%253a%2522503b1837-211b-408d-b72f-24b82e3b5f0e%2522%252c%2522Oid%2522%253a%2522df919a93-48e0-412c-83e7-8854c0225c9d%2522%257d%26anon%3Dtrue&amp;type=meetup-join&amp;deeplinkId=d150b3ac-79e2-4270-a681-ef7670653ec7&amp;directDl=true&amp;msLaunch=true&amp;enableMobilePage=true&amp;suppressPrompt=true\">Do\u0142\u0105cz do spotkania<\/a>\u00a025 marca 2026 r., godz. 13:30<br \/>\nIdentyfikator spotkania: 350 568 976 124 93<br \/>\nKod dost\u0119pu: k965oP9F<br \/>\nNa spotkaniu dowiesz si\u0119:<br \/>\n1. Jak krok po kroku zg\u0142osi\u0107 si\u0119 do projektu i jakie warunki nale\u017cy spe\u0142ni\u0107.<br \/>\n2. W jaki spos\u00f3b realizujemy szkolenia i doradztwo \u2013 poznasz formy wsparcia i harmonogram dzia\u0142a\u0144.<br \/>\n3. Jakie konkretne korzy\u015bci zyska Twoja firma uczestnicz\u0105c w projekcie.<br \/>\n4. Jak efektywnie wykorzysta\u0107 udzia\u0142 w projekcie, aby realnie wzmocni\u0107 potencja\u0142 i rozw\u00f3j<br \/>\nTwojej organizacji.<br \/>\n<span style=\"font-size: 10pt;\">Polski Akt o Dost\u0119pno\u015bci \u2013 Dost\u0119pno\u015b\u0107 gwarantuje sukces!<\/span><br \/>\n<span style=\"font-size: 10pt;\">Projekt skierowany jest do firm obj\u0119tych wymogami PAD oraz do przedsi\u0119biorstw, kt\u00f3re planuj\u0105<\/span><br \/>\n<span style=\"font-size: 10pt;\">dzia\u0142ania gospodarcze obj\u0119te obowi\u0105zkiem stosowania ustawy.<\/span><\/h2>\n<p><img decoding=\"async\" class=\"wp-image-10390 aligncenter\" src=\"https:\/\/powiatlwowecki.pl\/wp-content\/uploads\/2025\/07\/Zaproszenie-29-07_2025-1-300x45.jpg\" alt=\"\" width=\"860\" height=\"129\" srcset=\"https:\/\/powiatlwowecki.pl\/wp-content\/uploads\/2025\/07\/Zaproszenie-29-07_2025-1-24x4.jpg 24w, https:\/\/powiatlwowecki.pl\/wp-content\/uploads\/2025\/07\/Zaproszenie-29-07_2025-1-36x5.jpg 36w, https:\/\/powiatlwowecki.pl\/wp-content\/uploads\/2025\/07\/Zaproszenie-29-07_2025-1-48x7.jpg 48w, https:\/\/powiatlwowecki.pl\/wp-content\/uploads\/2025\/07\/Zaproszenie-29-07_2025-1-200x30.jpg 200w, https:\/\/powiatlwowecki.pl\/wp-content\/uploads\/2025\/07\/Zaproszenie-29-07_2025-1-300x45.jpg 300w, https:\/\/powiatlwowecki.pl\/wp-content\/uploads\/2025\/07\/Zaproszenie-29-07_2025-1-400x59.jpg 400w, https:\/\/powiatlwowecki.pl\/wp-content\/uploads\/2025\/07\/Zaproszenie-29-07_2025-1-600x89.jpg 600w, https:\/\/powiatlwowecki.pl\/wp-content\/uploads\/2025\/07\/Zaproszenie-29-07_2025-1-768x114.jpg 768w, https:\/\/powiatlwowecki.pl\/wp-content\/uploads\/2025\/07\/Zaproszenie-29-07_2025-1-800x119.jpg 800w, https:\/\/powiatlwowecki.pl\/wp-content\/uploads\/2025\/07\/Zaproszenie-29-07_2025-1-1024x152.jpg 1024w, https:\/\/powiatlwowecki.pl\/wp-content\/uploads\/2025\/07\/Zaproszenie-29-07_2025-1.jpg 1043w\" sizes=\"(max-width: 860px) 100vw, 860px\" \/><\/p>\n<\/div><\/div><\/div><\/div><\/div><\/p>\n","protected":false},"excerpt":{"rendered":"<p>DOST\u0118PNO\u015a\u0106 TO NOWE MO\u017bLIWO\u015aCI \u201eDyrektywa EAA &#8211; szkolenia i doradztwo dlaprzedsi\u0119biorstw\u201d Instytut ADN sp. z o.o., sp.k. i Stowarzyszenie M\u0142odych Lubuszan Zapraszaj\u0105 na spotkanie informacyjne<\/p>\n","protected":false},"author":8,"featured_media":11727,"comment_status":"closed","ping_status":"closed","sticky":false,"template":"","format":"standard","meta":{"_acf_changed":false,"footnotes":""},"categories":[5],"tags":[],"class_list":["post-12395","post","type-post","status-publish","format-standard","has-post-thumbnail","hentry","category-aktualnosci"],"acf":{"kal_data_wydarzenia":"20260123"},"_links":{"self":[{"href":"https:\/\/powiatlwowecki.pl\/plci_json_endpoint\/wp\/v2\/posts\/12395","targetHints":{"allow":["GET"]}}],"collection":[{"href":"https:\/\/powiatlwowecki.pl\/plci_json_endpoint\/wp\/v2\/posts"}],"about":[{"href":"https:\/\/powiatlwowecki.pl\/plci_json_endpoint\/wp\/v2\/types\/post"}],"author":[{"embeddable":true,"href":"https:\/\/powiatlwowecki.pl\/plci_json_endpoint\/wp\/v2\/users\/8"}],"replies":[{"embeddable":true,"href":"https:\/\/powiatlwowecki.pl\/plci_json_endpoint\/wp\/v2\/comments?post=12395"}],"version-history":[{"count":5,"href":"https:\/\/powiatlwowecki.pl\/plci_json_endpoint\/wp\/v2\/posts\/12395\/revisions"}],"predecessor-version":[{"id":12403,"href":"https:\/\/powiatlwowecki.pl\/plci_json_endpoint\/wp\/v2\/posts\/12395\/revisions\/12403"}],"wp:featuredmedia":[{"embeddable":true,"href":"https:\/\/powiatlwowecki.pl\/plci_json_endpoint\/wp\/v2\/media\/11727"}],"wp:attachment":[{"href":"https:\/\/powiatlwowecki.pl\/plci_json_endpoint\/wp\/v2\/media?parent=12395"}],"wp:term":[{"taxonomy":"category","embeddable":true,"href":"https:\/\/powiatlwowecki.pl\/plci_json_endpoint\/wp\/v2\/categories?post=12395"},{"taxonomy":"post_tag","embeddable":true,"href":"https:\/\/powiatlwowecki.pl\/plci_json_endpoint\/wp\/v2\/tags?post=12395"}],"curies":[{"name":"wp","href":"https:\/\/api.w.org\/{rel}","templated":true}]}}