{"id":12390,"date":"2026-03-19T09:23:56","date_gmt":"2026-03-19T08:23:56","guid":{"rendered":"https:\/\/powiatlwowecki.pl\/?p=12390"},"modified":"2026-03-19T09:23:56","modified_gmt":"2026-03-19T08:23:56","slug":"aktywne-ksztalcenie-zawodowe-w-powiecie-lwoweckim-efekty-dzialan-w-2025-roku","status":"publish","type":"post","link":"https:\/\/powiatlwowecki.pl\/aktywne-ksztalcenie-zawodowe-w-powiecie-lwoweckim-efekty-dzialan-w-2025-roku\/","title":{"rendered":"\u201eAktywne kszta\u0142cenie zawodowe w Powiecie Lw\u00f3weckim\u201d \u2013 efekty dzia\u0142a\u0144 w 2025 roku"},"content":{"rendered":"<p>Projekt pn. <strong>\u201eAktywne kszta\u0142cenie zawodowe w Powiecie Lw\u00f3weckim\u201d<\/strong> nr <strong>FEDS.08.01-IZ.00-007\/23<\/strong>, finansowany z programu <strong>Fundusze Europejskie dla Dolnego \u015al\u0105ska 2021\u20132027<\/strong>, w ramach <strong>Priorytetu 8. Fundusze Europejskie dla edukacji na Dolnym \u015al\u0105sku<\/strong>, to wa\u017cne wsparcie dla szk\u00f3\u0142 prowadz\u0105cych kszta\u0142cenie zawodowe w naszym powiecie.<\/p>\n<p>Rok 2025 by\u0142 czasem intensywnej realizacji dzia\u0142a\u0144, kt\u00f3re wspieraj\u0105 uczni\u00f3w i nauczycieli w rozwijaniu kompetencji zawodowych oraz dostosowywaniu kszta\u0142cenia do potrzeb wsp\u00f3\u0142czesnego rynku pracy.<\/p>\n<p>W ramach projektu doposa\u017cono szko\u0142y w pomoce dydaktyczne i wyposa\u017cenie wspieraj\u0105ce codzienn\u0105 nauk\u0119 oraz zaj\u0119cia praktyczne. Do Zespo\u0142u Szk\u00f3\u0142 Og\u00f3lnokszta\u0142c\u0105cych i Zawodowych w Lw\u00f3wku \u015al\u0105skim trafi\u0142y m.in. niszczarki do dokument\u00f3w, gilotyny do papieru, krzes\u0142a szkolne, szafy-rega\u0142y oraz biurko dla nauczyciela. Z kolei Zesp\u00f3\u0142 Szk\u00f3\u0142 Og\u00f3lnokszta\u0142c\u0105cych i Zawodowych w Gryfowie \u015al\u0105skim zosta\u0142 doposa\u017cony m.in. w sto\u0142y monta\u017cowe do monta\u017cu elektroniki z ochron\u0105 antystatyczn\u0105, urz\u0105dzenia do mycia i suszenia wydruk\u00f3w 3D, a tak\u017ce t\u0142a fotograficzne i statywy do ich ekspozycji.<\/p>\n<p>Bardzo wa\u017cnym elementem projektu by\u0142y r\u00f3wnie\u017c <strong>sta\u017ce uczniowskie<\/strong>. W 2025 roku zrealizowano <strong>83 sta\u017ce uczniowskie<\/strong> na \u0142\u0105czn\u0105 kwot\u0119 <strong>354 550,72 z\u0142<\/strong>. To inwestycja w praktyczne do\u015bwiadczenie m\u0142odych ludzi, kt\u00f3rzy ju\u017c na etapie nauki mog\u0105 poznawa\u0107 realia pracy w swoim zawodzie.<\/p>\n<p>Projekt obejmowa\u0142 r\u00f3wnie\u017c szerok\u0105 ofert\u0119 kurs\u00f3w i doradztwa dla uczni\u00f3w. Realizowano m.in. zaj\u0119cia z zakresu doradztwa edukacyjno-zawodowego, przygotowania potraw zgodnie z trendami rynkowymi i zasadami zdrowego \u017cywienia, obs\u0142ugi kelnerskiej, prowadzenia i obs\u0142ugi biura, miksologii soft drink\u00f3w, public relations, stylizacji paznokci, wiza\u017cu i piel\u0119gnacji urody, j\u0119zyka angielskiego bran\u017cowego, grafiki komputerowej, modelowania 3D, druku 3D, geoinformatyki, cyberbezpiecze\u0144stwa, programowania gier w Unity, tworzenia witryn internetowych, obs\u0142ugi program\u00f3w magazynowo-finansowo-ksi\u0119gowych, zarz\u0105dzania relacjami z klientem z wykorzystaniem CRM oraz tworzenia dokument\u00f3w aplikacyjnych w j\u0119zyku polskim i obcym\u2014 to pokazuje skal\u0119 dzia\u0142a\u0144 i du\u017ce zainteresowanie projektem.<\/p>\n<p>Nie zapomniano r\u00f3wnie\u017c o kadrze pedagogicznej. Nauczyciele z Zespo\u0142u Szk\u00f3\u0142 Ekonomiczno-Technicznych w Rakowicach Wielkich, Zespo\u0142u Szk\u00f3\u0142 Og\u00f3lnokszta\u0142c\u0105cych i Zawodowych w Lw\u00f3wku \u015al\u0105skim oraz Zespo\u0142u Szk\u00f3\u0142 Og\u00f3lnokszta\u0142c\u0105cych i Zawodowych w Gryfowie \u015al\u0105skim podnosili swoje kwalifikacje poprzez kursy specjalistyczne z zakresu modelowania 3D, budowania wizerunku pracodawcy, projektowania grafiki komputerowej oraz studia podyplomowe.<\/p>\n<p>Dzia\u0142ania realizowane w 2025 roku pokazuj\u0105, jak wa\u017cn\u0105 rol\u0119 projekt odgrywa w rozwoju edukacji zawodowej w Powiecie Lw\u00f3weckim. Warto zaznaczy\u0107, \u017ce efekty widoczne w 2025 roku s\u0105 rezultatem systematycznie prowadzonych dzia\u0142a\u0144, tak\u017ce tych realizowanych wcze\u015bniej, w tym w 2024 roku. Dzi\u0119ki temu uczniowie i nauczyciele zyskuj\u0105 lepsze warunki do nauki i pracy, dost\u0119p do nowoczesnego wyposa\u017cenia oraz wsparcie odpowiadaj\u0105ce na zmieniaj\u0105ce si\u0119 potrzeby rynku pracy. Projekt b\u0119dzie realizowany do 30 czerwca 2026 r., a przed szko\u0142ami i uczestnikami kolejne dzia\u0142ania zwi\u0105zane m.in. z doposa\u017ceniem, kursami oraz sta\u017cami.<\/p>\n<p>&nbsp;<\/p>\n<p style=\"text-align: center;\"><em>Projekt ,,Aktywne kszta\u0142cenie w Powiecie Lw\u00f3weckim\u201d realizowany w ramach Priorytetu 8 ,,Fundusze Europejskie dla edukacji na Dolnym \u015al\u0105sku\u201d, Dzia\u0142ania nr FEDS.08.01 ,,Dost\u0119p do edukacji\u201d, Programu Fundusze Europejskie dla Dolnego \u015al\u0105ska 2021-2027 wsp\u00f3\u0142finansowanego ze \u015brodk\u00f3w Europejskiego Funduszu Spo\u0142ecznego Plus.<\/em><\/p>\n<p><img decoding=\"async\" class=\" wp-image-6017 aligncenter\" src=\"https:\/\/powiatlwowecki.pl\/wp-content\/uploads\/2024\/02\/Logo-aktywne-ksztalcenie-300x32.jpg\" alt=\"\" width=\"760\" height=\"81\" srcset=\"https:\/\/powiatlwowecki.pl\/wp-content\/uploads\/2024\/02\/Logo-aktywne-ksztalcenie-24x3.jpg 24w, https:\/\/powiatlwowecki.pl\/wp-content\/uploads\/2024\/02\/Logo-aktywne-ksztalcenie-36x4.jpg 36w, https:\/\/powiatlwowecki.pl\/wp-content\/uploads\/2024\/02\/Logo-aktywne-ksztalcenie-48x5.jpg 48w, https:\/\/powiatlwowecki.pl\/wp-content\/uploads\/2024\/02\/Logo-aktywne-ksztalcenie-200x21.jpg 200w, https:\/\/powiatlwowecki.pl\/wp-content\/uploads\/2024\/02\/Logo-aktywne-ksztalcenie-300x32.jpg 300w, https:\/\/powiatlwowecki.pl\/wp-content\/uploads\/2024\/02\/Logo-aktywne-ksztalcenie-400x42.jpg 400w, https:\/\/powiatlwowecki.pl\/wp-content\/uploads\/2024\/02\/Logo-aktywne-ksztalcenie-600x63.jpg 600w, https:\/\/powiatlwowecki.pl\/wp-content\/uploads\/2024\/02\/Logo-aktywne-ksztalcenie-768x81.jpg 768w, https:\/\/powiatlwowecki.pl\/wp-content\/uploads\/2024\/02\/Logo-aktywne-ksztalcenie-800x84.jpg 800w, https:\/\/powiatlwowecki.pl\/wp-content\/uploads\/2024\/02\/Logo-aktywne-ksztalcenie-1024x108.jpg 1024w, https:\/\/powiatlwowecki.pl\/wp-content\/uploads\/2024\/02\/Logo-aktywne-ksztalcenie-1200x126.jpg 1200w, https:\/\/powiatlwowecki.pl\/wp-content\/uploads\/2024\/02\/Logo-aktywne-ksztalcenie.jpg 1386w\" sizes=\"(max-width: 760px) 100vw, 760px\" \/><\/p>\n","protected":false},"excerpt":{"rendered":"<p>Projekt pn. \u201eAktywne kszta\u0142cenie zawodowe w Powiecie Lw\u00f3weckim\u201d nr FEDS.08.01-IZ.00-007\/23, finansowany z programu Fundusze Europejskie dla Dolnego \u015al\u0105ska 2021\u20132027, w ramach Priorytetu 8. Fundusze Europejskie dla edukacji na Dolnym \u015al\u0105sku, to wa\u017cne wsparcie dla szk\u00f3\u0142  [&#8230;]<\/p>\n","protected":false},"author":8,"featured_media":12389,"comment_status":"closed","ping_status":"closed","sticky":false,"template":"","format":"standard","meta":{"_acf_changed":false,"footnotes":""},"categories":[5,84],"tags":[],"class_list":["post-12390","post","type-post","status-publish","format-standard","has-post-thumbnail","hentry","category-aktualnosci","category-fundusze-unijne"],"acf":{"kal_data_wydarzenia":""},"_links":{"self":[{"href":"https:\/\/powiatlwowecki.pl\/plci_json_endpoint\/wp\/v2\/posts\/12390","targetHints":{"allow":["GET"]}}],"collection":[{"href":"https:\/\/powiatlwowecki.pl\/plci_json_endpoint\/wp\/v2\/posts"}],"about":[{"href":"https:\/\/powiatlwowecki.pl\/plci_json_endpoint\/wp\/v2\/types\/post"}],"author":[{"embeddable":true,"href":"https:\/\/powiatlwowecki.pl\/plci_json_endpoint\/wp\/v2\/users\/8"}],"replies":[{"embeddable":true,"href":"https:\/\/powiatlwowecki.pl\/plci_json_endpoint\/wp\/v2\/comments?post=12390"}],"version-history":[{"count":2,"href":"https:\/\/powiatlwowecki.pl\/plci_json_endpoint\/wp\/v2\/posts\/12390\/revisions"}],"predecessor-version":[{"id":12392,"href":"https:\/\/powiatlwowecki.pl\/plci_json_endpoint\/wp\/v2\/posts\/12390\/revisions\/12392"}],"wp:featuredmedia":[{"embeddable":true,"href":"https:\/\/powiatlwowecki.pl\/plci_json_endpoint\/wp\/v2\/media\/12389"}],"wp:attachment":[{"href":"https:\/\/powiatlwowecki.pl\/plci_json_endpoint\/wp\/v2\/media?parent=12390"}],"wp:term":[{"taxonomy":"category","embeddable":true,"href":"https:\/\/powiatlwowecki.pl\/plci_json_endpoint\/wp\/v2\/categories?post=12390"},{"taxonomy":"post_tag","embeddable":true,"href":"https:\/\/powiatlwowecki.pl\/plci_json_endpoint\/wp\/v2\/tags?post=12390"}],"curies":[{"name":"wp","href":"https:\/\/api.w.org\/{rel}","templated":true}]}}