{"id":12380,"date":"2026-03-18T13:12:20","date_gmt":"2026-03-18T12:12:20","guid":{"rendered":"https:\/\/powiatlwowecki.pl\/?p=12380"},"modified":"2026-03-18T13:23:35","modified_gmt":"2026-03-18T12:23:35","slug":"zmiana-sposobu-elektronicznej-komunikacji-z-urzedem-od-1-stycznia-2026-r","status":"publish","type":"post","link":"https:\/\/powiatlwowecki.pl\/zmiana-sposobu-elektronicznej-komunikacji-z-urzedem-od-1-stycznia-2026-r\/","title":{"rendered":"Zmiana sposobu elektronicznej komunikacji z urz\u0119dem od 1 stycznia 2026 r."},"content":{"rendered":"<p data-start=\"90\" data-end=\"462\">Informujemy, \u017ce od 1 stycznia 2026 r. system <strong data-start=\"217\" data-end=\"231\">e-Dor\u0119cze\u0144<\/strong> sta\u0142 si\u0119 podstawowym sposobem elektronicznego dor\u0119czania korespondencji urz\u0119dowej. Platforma <strong data-start=\"325\" data-end=\"334\">ePUAP<\/strong> mo\u017ce by\u0107 wykorzystywana ju\u017c tylko w przypadkach przewidzianych w przepisach szczeg\u00f3lnych.<\/p>\n<p data-start=\"467\" data-end=\"847\">W praktyce oznacza to, \u017ce pisma przes\u0142ane po 1 stycznia 2026 r. za po\u015brednictwem ePUAP <strong data-start=\"554\" data-end=\"591\">mog\u0105 nie wywo\u0142a\u0107 skutk\u00f3w prawnych<\/strong>, je\u017celi dana sprawa powinna zosta\u0107 wniesiona przez system e-Dor\u0119cze\u0144. Dodatkowo od 1 stycznia 2026 r. nie obowi\u0105zuje ju\u017c fikcja dor\u0119czenia korespondencji wysy\u0142anej z ePUAP do podmiot\u00f3w niepublicznych, w tym obywateli.<\/p>\n<p data-start=\"852\" data-end=\"1145\">Aby zapewni\u0107 skuteczne dor\u0119czanie i odbieranie korespondencji elektronicznej, nale\u017cy za\u0142o\u017cy\u0107 <strong data-start=\"945\" data-end=\"988\">adres do dor\u0119cze\u0144 elektronicznych (ADE)<\/strong> oraz aktywowa\u0107 skrzynk\u0119 do e-Dor\u0119cze\u0144. Adres i skrzynk\u0119 mo\u017cna uzyska\u0107 online, m.in. przez serwis mObywatel lub gov.pl.<\/p>\n<p data-start=\"1150\" data-end=\"1248\"><strong data-start=\"1150\" data-end=\"1213\">Adres do e-Dor\u0119cze\u0144 Starostwa Powiatowego w Lw\u00f3wku \u015al\u0105skim:<\/strong><br data-start=\"1213\" data-end=\"1216\" \/><strong data-start=\"1218\" data-end=\"1248\">AE:PL-40980-94550-CCBHR-23<\/strong><\/p>\n<p data-start=\"1253\" data-end=\"1627\">Zach\u0119camy mieszka\u0144c\u00f3w, przedsi\u0119biorc\u00f3w oraz wszystkie zainteresowane podmioty do korzystania z systemu e-Dor\u0119cze\u0144 i za\u0142o\u017cenia w\u0142asnego adresu ADE, aby odbiera\u0107 korespondencj\u0119 urz\u0119dow\u0105 zgodnie z obowi\u0105zuj\u0105cymi przepisami. Szczeg\u00f3\u0142owe informacje oraz dost\u0119p do us\u0142ugi znajduj\u0105 si\u0119 pod adresem: <a class=\"decorated-link\" href=\"https:\/\/login.gov.pl\/?ssot=\" target=\"_new\" rel=\"noopener\" data-start=\"1545\" data-end=\"1588\">e-Dor\u0119czenia<\/a>.<\/p>\n<p data-start=\"1253\" data-end=\"1627\"><a href=\"https:\/\/login.gov.pl\/?ssot=\" target=\"_blank\" rel=\"noopener\"><img decoding=\"async\" class=\"alignnone wp-image-12381\" src=\"https:\/\/powiatlwowecki.pl\/wp-content\/uploads\/2026\/03\/Kontakt-z-urzedami-przez-e-Doreczenia.png\" alt=\"\" width=\"761\" height=\"1142\" srcset=\"https:\/\/powiatlwowecki.pl\/wp-content\/uploads\/2026\/03\/Kontakt-z-urzedami-przez-e-Doreczenia-16x24.png 16w, https:\/\/powiatlwowecki.pl\/wp-content\/uploads\/2026\/03\/Kontakt-z-urzedami-przez-e-Doreczenia-24x36.png 24w, https:\/\/powiatlwowecki.pl\/wp-content\/uploads\/2026\/03\/Kontakt-z-urzedami-przez-e-Doreczenia-32x48.png 32w, https:\/\/powiatlwowecki.pl\/wp-content\/uploads\/2026\/03\/Kontakt-z-urzedami-przez-e-Doreczenia-200x300.png 200w, https:\/\/powiatlwowecki.pl\/wp-content\/uploads\/2026\/03\/Kontakt-z-urzedami-przez-e-Doreczenia-400x600.png 400w, https:\/\/powiatlwowecki.pl\/wp-content\/uploads\/2026\/03\/Kontakt-z-urzedami-przez-e-Doreczenia-600x900.png 600w, https:\/\/powiatlwowecki.pl\/wp-content\/uploads\/2026\/03\/Kontakt-z-urzedami-przez-e-Doreczenia-683x1024.png 683w, https:\/\/powiatlwowecki.pl\/wp-content\/uploads\/2026\/03\/Kontakt-z-urzedami-przez-e-Doreczenia-768x1152.png 768w, https:\/\/powiatlwowecki.pl\/wp-content\/uploads\/2026\/03\/Kontakt-z-urzedami-przez-e-Doreczenia-800x1200.png 800w, https:\/\/powiatlwowecki.pl\/wp-content\/uploads\/2026\/03\/Kontakt-z-urzedami-przez-e-Doreczenia.png 1024w\" sizes=\"(max-width: 761px) 100vw, 761px\" \/><\/a><\/p>\n","protected":false},"excerpt":{"rendered":"<p>Informujemy, \u017ce od 1 stycznia 2026 r. system e-Dor\u0119cze\u0144 sta\u0142 si\u0119 podstawowym sposobem elektronicznego dor\u0119czania korespondencji urz\u0119dowej. Platforma ePUAP mo\u017ce by\u0107 wykorzystywana ju\u017c tylko w przypadkach przewidzianych w przepisach szczeg\u00f3lnych. W praktyce oznacza to, \u017ce  [&#8230;]<\/p>\n","protected":false},"author":4,"featured_media":12381,"comment_status":"closed","ping_status":"closed","sticky":false,"template":"","format":"standard","meta":{"_acf_changed":false,"footnotes":""},"categories":[5],"tags":[],"class_list":["post-12380","post","type-post","status-publish","format-standard","has-post-thumbnail","hentry","category-aktualnosci"],"acf":{"kal_data_wydarzenia":""},"_links":{"self":[{"href":"https:\/\/powiatlwowecki.pl\/plci_json_endpoint\/wp\/v2\/posts\/12380","targetHints":{"allow":["GET"]}}],"collection":[{"href":"https:\/\/powiatlwowecki.pl\/plci_json_endpoint\/wp\/v2\/posts"}],"about":[{"href":"https:\/\/powiatlwowecki.pl\/plci_json_endpoint\/wp\/v2\/types\/post"}],"author":[{"embeddable":true,"href":"https:\/\/powiatlwowecki.pl\/plci_json_endpoint\/wp\/v2\/users\/4"}],"replies":[{"embeddable":true,"href":"https:\/\/powiatlwowecki.pl\/plci_json_endpoint\/wp\/v2\/comments?post=12380"}],"version-history":[{"count":2,"href":"https:\/\/powiatlwowecki.pl\/plci_json_endpoint\/wp\/v2\/posts\/12380\/revisions"}],"predecessor-version":[{"id":12384,"href":"https:\/\/powiatlwowecki.pl\/plci_json_endpoint\/wp\/v2\/posts\/12380\/revisions\/12384"}],"wp:featuredmedia":[{"embeddable":true,"href":"https:\/\/powiatlwowecki.pl\/plci_json_endpoint\/wp\/v2\/media\/12381"}],"wp:attachment":[{"href":"https:\/\/powiatlwowecki.pl\/plci_json_endpoint\/wp\/v2\/media?parent=12380"}],"wp:term":[{"taxonomy":"category","embeddable":true,"href":"https:\/\/powiatlwowecki.pl\/plci_json_endpoint\/wp\/v2\/categories?post=12380"},{"taxonomy":"post_tag","embeddable":true,"href":"https:\/\/powiatlwowecki.pl\/plci_json_endpoint\/wp\/v2\/tags?post=12380"}],"curies":[{"name":"wp","href":"https:\/\/api.w.org\/{rel}","templated":true}]}}