{"id":12370,"date":"2026-03-17T12:59:02","date_gmt":"2026-03-17T11:59:02","guid":{"rendered":"https:\/\/powiatlwowecki.pl\/?p=12370"},"modified":"2026-03-17T12:59:02","modified_gmt":"2026-03-17T11:59:02","slug":"zaproszenie-dla-rodzicow-dzieci-niepelnosprawnych","status":"publish","type":"post","link":"https:\/\/powiatlwowecki.pl\/zaproszenie-dla-rodzicow-dzieci-niepelnosprawnych\/","title":{"rendered":"Zaproszenie dla rodzic\u00f3w dzieci niepe\u0142nosprawnych"},"content":{"rendered":"<p><div class=\"fusion-fullwidth fullwidth-box fusion-builder-row-1 fusion-flex-container nonhundred-percent-fullwidth non-hundred-percent-height-scrolling\" style=\"--awb-border-radius-top-left:0px;--awb-border-radius-top-right:0px;--awb-border-radius-bottom-right:0px;--awb-border-radius-bottom-left:0px;--awb-flex-wrap:wrap;\" ><div class=\"fusion-builder-row fusion-row fusion-flex-align-items-flex-start fusion-flex-content-wrap\" style=\"max-width:1248px;margin-left: calc(-4% \/ 2 );margin-right: calc(-4% \/ 2 );\"><div class=\"fusion-layout-column fusion_builder_column fusion-builder-column-0 fusion_builder_column_3_4 3_4 fusion-flex-column\" style=\"--awb-bg-size:cover;--awb-width-large:75%;--awb-margin-top-large:0px;--awb-spacing-right-large:2.56%;--awb-margin-bottom-large:0px;--awb-spacing-left-large:2.56%;--awb-width-medium:100%;--awb-spacing-right-medium:1.92%;--awb-spacing-left-medium:1.92%;--awb-width-small:100%;--awb-spacing-right-small:1.92%;--awb-spacing-left-small:1.92%;\"><div class=\"fusion-column-wrapper fusion-flex-justify-content-flex-start fusion-content-layout-column\"><div class=\"fusion-text fusion-text-1\"><div class=\"xdj266r x14z9mp xat24cr x1lziwak x1vvkbs x126k92a\">\n<div dir=\"auto\" style=\"text-align: center;\">Projekt ze \u015brodk\u00f3w publicznych przyznanych przez Urz\u0105d Marsza\u0142kowski Wojew\u00f3dztwa Dolno\u015bl\u0105skiego<\/div>\n<\/div>\n<div class=\"x14z9mp xat24cr x1lziwak x1vvkbs xtlvy1s x126k92a\">\n<div dir=\"auto\"><strong>Projekt:<\/strong> Realizacja projektu b\u0119dzie w trzech obszarach:<\/div>\n<div dir=\"auto\"><\/div>\n<\/div>\n<div class=\"x14z9mp xat24cr x1lziwak x1vvkbs xtlvy1s x126k92a\">\n<div dir=\"auto\">1. Realizacja us\u0142ugi <strong>przerwy wytchnieniowej<\/strong> w wymiarze 418 godzin dla 4 rodzic\u00f3w lub opiekun\u00f3w dzieci i podopiecznych z niepe\u0142nosprawno\u015bci\u0105 w formie ca\u0142odobowej i\/ lub dziennej stacjonarnie w o\u015brodku RehaMaluch w Mi\u0142kowie i\/ lub domowo bez udzia\u0142u rodzica\/ opiekuna.<\/div>\n<\/div>\n<div class=\"x14z9mp xat24cr x1lziwak x1vvkbs xtlvy1s x126k92a\">\n<div dir=\"auto\"><\/div>\n<div dir=\"auto\">2. Realizacja us\u0142ugi wytchnieniowej w formie wyjazdowej podczas<strong> 6- dniowych turnus\u00f3w wyjazdowych dla 10 rodzic\u00f3w<\/strong> lub opiekun\u00f3w dzieci i podopiecznych z niepe\u0142nosprawno\u015bci\u0105 w o\u015brodku RehaMaluch w Mi\u0142kowie. Podczas turnusu opiekun otrzyma 40 godzin us\u0142ugi przerwy wytchnieniowej stacjonarnej w o\u015brodku (podczas \u015bwiadczonej us\u0142ugi przerwy wytchnieniowej podopieczny b\u0119dzie m\u00f3g\u0142 przebywa\u0107 bez rodzica\/opiekuna) i mo\u017cliwo\u015b\u0107 spotkania 1 godzinnego z psychologiem lub sociologiem<\/div>\n<\/div>\n<div class=\"x14z9mp xat24cr x1lziwak x1vvkbs xtlvy1s x126k92a\">\n<div dir=\"auto\"><\/div>\n<div dir=\"auto\">3. Realizacja <strong>doradztwa dot. rehabilitacji (konsultacje psychoruchowe i wczesnorozwojowe)<\/strong> dla rodzic\u00f3w oczekuj\u0105cych na narodziny dziecka z niepe\u0142nosprawno\u015bci\u0105 oraz rodzic\u00f3w \/ opiekun\u00f3w po porodzie dziecka, a tak\u017ce w dalszym jego procesie wychowawczym. Rodzice b\u0119d\u0105 mieli wsparcie terapeut\u00f3w (psycholog, sociolog, terapeuta\/diagnosta dzieci\u0119cy, pedagog specjalny)<\/div>\n<\/div>\n<div class=\"x14z9mp xat24cr x1lziwak x1vvkbs xtlvy1s x126k92a\">\n<div dir=\"auto\"><\/div>\n<div dir=\"auto\"><strong>Termin rekrutacji \/ Ilo\u015b\u0107 miejsc na dofinansowanie:<\/strong> do wyczerpania \u015brodk\u00f3w lub z ko\u0144cem 2026<\/div>\n<div dir=\"auto\"><strong>Miejsce Realizacji<\/strong>: Centrum Rehabilitacji RehaMaluch w Mi\u0142kowie.<\/div>\n<div dir=\"auto\"><strong>Odbiorcy projektu &#8211; wymogi:<\/strong><\/div>\n<\/div>\n<div class=\"x14z9mp xat24cr x1lziwak x1vvkbs xtlvy1s x126k92a\">\n<div dir=\"auto\">\u2022 Opieka wytchnieniowa &#8211; 4 rodzic\u00f3w \/ dzieci (do lat 18) z powiat\u00f3w: karkonoskiego, kamiennog\u00f3rskiego, lw\u00f3weckiego, luba\u0144skiego, jaworskiego, z\u0142otoryjskiego, zgorzeleckiego, boles\u0142awieckiego, miasta Legnica, miasta Jelenia G\u00f3ra<\/div>\n<\/div>\n<div class=\"x14z9mp xat24cr x1lziwak x1vvkbs xtlvy1s x126k92a\">\n<div dir=\"auto\">\u2022 Turnusy wytchnieniowe &#8211; 10 rodzic\u00f3w \/ dzieci (do lat 18) z wojew\u00f3dztwa dolno\u015bl\u0105skiego, kt\u00f3re posiadaj\u0105 orzeczenia o niepe\u0142nosprawno\u015b\u0107<\/div>\n<\/div>\n<div class=\"x14z9mp xat24cr x1lziwak x1vvkbs xtlvy1s x126k92a\">\n<div dir=\"auto\">\u2022 Doradztwa dot. rehabilitacji (konsultacje psychoruchowe i wczesnorozwojowe) &#8211; 100 rodzic\u00f3w oczekuj\u0105cych na narodziny dziecka z niepe\u0142nosprawno\u015bci\u0105 oraz rodzic\u00f3w \/ opiekun\u00f3w po porodzie dziecka<\/div>\n<\/div>\n<div class=\"x14z9mp xat24cr x1lziwak x1vvkbs xtlvy1s x126k92a\">\n<div dir=\"auto\">W celu uzyskania szczeg\u00f3\u0142\u00f3w, prosimy o kontakt pod 57 57 57 562 lub wej\u015b\u0107 na nasz\u0105 stron\u0119<a href=\"htps:\/\/www.rehamaluch.pl\/dofinansowanie\"> htps:\/\/www.rehamaluch.pl\/dofinansowanie<\/a> i wybra\u0107 \u201eRehaMaluch Doda Ci Skrzyde\u0142 II.<\/div>\n<div dir=\"auto\"><\/div>\n<\/div>\n<\/div><\/div><\/div><div class=\"fusion-layout-column fusion_builder_column fusion-builder-column-1 fusion_builder_column_1_4 1_4 fusion-flex-column\" style=\"--awb-bg-size:cover;--awb-width-large:25%;--awb-margin-top-large:0px;--awb-spacing-right-large:7.68%;--awb-margin-bottom-large:20px;--awb-spacing-left-large:7.68%;--awb-width-medium:100%;--awb-order-medium:0;--awb-spacing-right-medium:1.92%;--awb-spacing-left-medium:1.92%;--awb-width-small:100%;--awb-order-small:0;--awb-spacing-right-small:1.92%;--awb-spacing-left-small:1.92%;\"><div class=\"fusion-column-wrapper fusion-column-has-shadow fusion-flex-justify-content-flex-start fusion-content-layout-column\"><div class=\"awb-gallery-wrapper awb-gallery-wrapper-1 button-span-no\" style=\"--more-btn-alignment:center;\"><div style=\"margin:-5px;--awb-bordersize:0px;\" class=\"fusion-gallery fusion-gallery-container fusion-grid-3 fusion-columns-total-1 fusion-gallery-layout-grid fusion-gallery-1\"><div style=\"padding:5px;\" class=\"fusion-grid-column fusion-gallery-column fusion-gallery-column-3 hover-type-none\"><div class=\"fusion-gallery-image\"><a href=\"https:\/\/powiatlwowecki.pl\/wp-content\/uploads\/2026\/03\/Plakat-RM-Doda-Ci-Skrzydel-II-scaled.png\" rel=\"noreferrer\" data-rel=\"iLightbox[gallery_image_1]\" class=\"fusion-lightbox\" target=\"_self\"><img decoding=\"async\" src=\"https:\/\/powiatlwowecki.pl\/wp-content\/uploads\/2026\/03\/Plakat-RM-Doda-Ci-Skrzydel-II-scaled.png\" width=\"1678\" height=\"2560\" alt=\"\" title=\"Plakat RM Doda Ci Skrzyde\u0142 II\" aria-label=\"Plakat RM Doda Ci Skrzyde\u0142 II\" class=\"img-responsive wp-image-12371\" srcset=\"https:\/\/powiatlwowecki.pl\/wp-content\/uploads\/2026\/03\/Plakat-RM-Doda-Ci-Skrzydel-II-200x305.png 200w, https:\/\/powiatlwowecki.pl\/wp-content\/uploads\/2026\/03\/Plakat-RM-Doda-Ci-Skrzydel-II-400x610.png 400w, https:\/\/powiatlwowecki.pl\/wp-content\/uploads\/2026\/03\/Plakat-RM-Doda-Ci-Skrzydel-II-600x916.png 600w, https:\/\/powiatlwowecki.pl\/wp-content\/uploads\/2026\/03\/Plakat-RM-Doda-Ci-Skrzydel-II-800x1221.png 800w, https:\/\/powiatlwowecki.pl\/wp-content\/uploads\/2026\/03\/Plakat-RM-Doda-Ci-Skrzydel-II-1200x1831.png 1200w, https:\/\/powiatlwowecki.pl\/wp-content\/uploads\/2026\/03\/Plakat-RM-Doda-Ci-Skrzydel-II-scaled.png 1678w\" sizes=\"(min-width: 2200px) 100vw, (min-width: 784px) 397px, (min-width: 712px) 595px, (min-width: 640px) 712px, \" \/><\/a><\/div><\/div><\/div><\/div><\/div><\/div><\/div><\/div><div class=\"fusion-fullwidth fullwidth-box fusion-builder-row-2 fusion-flex-container has-pattern-background has-mask-background nonhundred-percent-fullwidth non-hundred-percent-height-scrolling\" style=\"--awb-border-radius-top-left:0px;--awb-border-radius-top-right:0px;--awb-border-radius-bottom-right:0px;--awb-border-radius-bottom-left:0px;--awb-flex-wrap:wrap;\" ><div class=\"fusion-builder-row fusion-row fusion-flex-align-items-flex-start fusion-flex-content-wrap\" style=\"max-width:1248px;margin-left: calc(-4% \/ 2 );margin-right: calc(-4% \/ 2 );\"><\/div><\/div><\/p>\n","protected":false},"excerpt":{"rendered":"","protected":false},"author":8,"featured_media":12372,"comment_status":"closed","ping_status":"closed","sticky":false,"template":"","format":"standard","meta":{"_acf_changed":false,"footnotes":""},"categories":[5],"tags":[],"class_list":["post-12370","post","type-post","status-publish","format-standard","has-post-thumbnail","hentry","category-aktualnosci"],"acf":{"kal_data_wydarzenia":""},"_links":{"self":[{"href":"https:\/\/powiatlwowecki.pl\/plci_json_endpoint\/wp\/v2\/posts\/12370","targetHints":{"allow":["GET"]}}],"collection":[{"href":"https:\/\/powiatlwowecki.pl\/plci_json_endpoint\/wp\/v2\/posts"}],"about":[{"href":"https:\/\/powiatlwowecki.pl\/plci_json_endpoint\/wp\/v2\/types\/post"}],"author":[{"embeddable":true,"href":"https:\/\/powiatlwowecki.pl\/plci_json_endpoint\/wp\/v2\/users\/8"}],"replies":[{"embeddable":true,"href":"https:\/\/powiatlwowecki.pl\/plci_json_endpoint\/wp\/v2\/comments?post=12370"}],"version-history":[{"count":1,"href":"https:\/\/powiatlwowecki.pl\/plci_json_endpoint\/wp\/v2\/posts\/12370\/revisions"}],"predecessor-version":[{"id":12373,"href":"https:\/\/powiatlwowecki.pl\/plci_json_endpoint\/wp\/v2\/posts\/12370\/revisions\/12373"}],"wp:featuredmedia":[{"embeddable":true,"href":"https:\/\/powiatlwowecki.pl\/plci_json_endpoint\/wp\/v2\/media\/12372"}],"wp:attachment":[{"href":"https:\/\/powiatlwowecki.pl\/plci_json_endpoint\/wp\/v2\/media?parent=12370"}],"wp:term":[{"taxonomy":"category","embeddable":true,"href":"https:\/\/powiatlwowecki.pl\/plci_json_endpoint\/wp\/v2\/categories?post=12370"},{"taxonomy":"post_tag","embeddable":true,"href":"https:\/\/powiatlwowecki.pl\/plci_json_endpoint\/wp\/v2\/tags?post=12370"}],"curies":[{"name":"wp","href":"https:\/\/api.w.org\/{rel}","templated":true}]}}