{"id":12361,"date":"2026-03-17T11:15:58","date_gmt":"2026-03-17T10:15:58","guid":{"rendered":"https:\/\/powiatlwowecki.pl\/?p=12361"},"modified":"2026-03-17T11:15:58","modified_gmt":"2026-03-17T10:15:58","slug":"wyniki-otwartego-konkursu-ofert-na-realizacje-zadan-publicznych-powiatu-lwoweckiego-w-2026-roku-przez-organizacje-prowadzace-dzialalnosc-pozytku-publicznego","status":"publish","type":"post","link":"https:\/\/powiatlwowecki.pl\/wyniki-otwartego-konkursu-ofert-na-realizacje-zadan-publicznych-powiatu-lwoweckiego-w-2026-roku-przez-organizacje-prowadzace-dzialalnosc-pozytku-publicznego\/","title":{"rendered":"Wyniki otwartego konkursu ofert na realizacj\u0119 zada\u0144 publicznych Powiatu Lw\u00f3weckiego w 2026 roku przez organizacj\u0119 prowadz\u0105ce dzia\u0142alno\u015b\u0107 po\u017cytku publicznego"},"content":{"rendered":"<p><div class=\"fusion-fullwidth fullwidth-box fusion-builder-row-1 fusion-flex-container nonhundred-percent-fullwidth non-hundred-percent-height-scrolling\" style=\"--awb-border-radius-top-left:0px;--awb-border-radius-top-right:0px;--awb-border-radius-bottom-right:0px;--awb-border-radius-bottom-left:0px;--awb-flex-wrap:wrap;\" ><div class=\"fusion-builder-row fusion-row fusion-flex-align-items-flex-start fusion-flex-content-wrap\" style=\"max-width:1248px;margin-left: calc(-4% \/ 2 );margin-right: calc(-4% \/ 2 );\"><div class=\"fusion-layout-column fusion_builder_column fusion-builder-column-0 fusion_builder_column_4_5 4_5 fusion-flex-column\" style=\"--awb-bg-size:cover;--awb-width-large:80%;--awb-margin-top-large:0px;--awb-spacing-right-large:2.4%;--awb-margin-bottom-large:0px;--awb-spacing-left-large:2.4%;--awb-width-medium:100%;--awb-spacing-right-medium:1.92%;--awb-spacing-left-medium:1.92%;--awb-width-small:100%;--awb-spacing-right-small:1.92%;--awb-spacing-left-small:1.92%;\"><div class=\"fusion-column-wrapper fusion-flex-justify-content-flex-start fusion-content-layout-column\"><div class=\"fusion-text fusion-text-1\"><p style=\"text-align: center;\"><strong>Uchwa\u0142a Nr 124\/30\/2026<\/strong><\/p>\n<p style=\"text-align: center;\"><strong>Zarz\u0105du Powiatu Lw\u00f3weckiego<\/strong><\/p>\n<p style=\"text-align: center;\"><strong>z dnia 11 marca 2026 roku<\/strong><\/p>\n<p style=\"text-align: center;\"><strong>\u00a0<\/strong><\/p>\n<p style=\"text-align: center;\"><strong>W sprawie rozstrzygni\u0119cia konkursu i og\u0142oszenia wynik\u00f3w otwartego konkursu ofert na realizacj\u0119 <\/strong><\/p>\n<p style=\"text-align: center;\"><strong>zada\u0144 publicznych Powiatu Lw\u00f3weckiego w 2026 roku przez organizacje prowadz\u0105ce dzia\u0142alno\u015b\u0107 <\/strong><\/p>\n<p style=\"text-align: center;\"><strong>po\u017cytku publicznego.<\/strong><\/p>\n<p><strong>\u00a0<\/strong><\/p>\n<p>Na podstawie art.15 ust. 2h ustawy z dnia 24 kwietnia 2003 roku o dzia\u0142alno\u015bci po\u017cytku publicznego i o wolontariacie (Dz.U.2025.1338 t.j. ze zm.) oraz dzia\u0142u VIII ust. 1 pkt 5 \u201eRocznego programu wsp\u00f3\u0142pracy Powiatu Lw\u00f3weckiego z organizacjami pozarz\u0105dowymi oraz podmiotami wymienionymi w art. 3 ust.3 ustawy o dzia\u0142alno\u015bci po\u017cytku publicznego i o wolontariacie na rok 2026\u201d stanowi\u0105cego za\u0142\u0105cznik do Uchwa\u0142y Nr XXII\/62\/2025 Rady Powiatu Lw\u00f3weckiego z dnia 19 grudnia 2025 roku Zarz\u0105d Powiatu Lw\u00f3weckiego uchwala, co nast\u0119puje:<\/p>\n<p><strong>\u00a71.<\/strong>1. Po zapoznaniu si\u0119 z propozycj\u0105 podzia\u0142u \u015brodk\u00f3w finansowych, przed\u0142o\u017con\u0105 przez Komisj\u0119 Konkursow\u0105, powo\u0142an\u0105 Uchwa\u0142\u0105 Zarz\u0105du Powiatu Lw\u00f3weckiego Nr118\/15\/2026 z dnia 10 lutego 2026 roku w sprawie powo\u0142ania Komisji Konkursowej do zaopiniowania ofert z\u0142o\u017conych w konkursie na realizacj\u0119 zada\u0144 publicznych, przyznaje dotacje podmiotom zgodnie z podzia\u0142em okre\u015blonym w za\u0142\u0105czniku do niniejszej Uchwa\u0142y.<\/p>\n<ol start=\"2\">\n<li>Og\u0142asza wyniki konkursu na stronie internetowej Powiatu, w Biuletynie Informacji Publicznej oraz na tablicy og\u0142osze\u0144 Starostwa Powiatowego w Lw\u00f3wku \u015al\u0105skim.<\/li>\n<\/ol>\n<p><strong>\u00a72.<\/strong>Wykonanie uchwa\u0142y powierza si\u0119 Staro\u015bcie Lw\u00f3weckiemu.<\/p>\n<p><strong>\u00a7<\/strong><strong>3.<\/strong> Uchwa\u0142a wchodzi w \u017cycie z dniem podj\u0119cia.<\/p>\n<p style=\"text-align: center;\">\u00a0 \u00a0 \u00a0 \u00a0 \u00a0 \u00a0 \u00a0 \u00a0 \u00a0 \u00a0 \u00a0 \u00a0 \u00a0 \u00a0 \u00a0 \u00a0 \u00a0 \u00a0 \u00a0 \u00a0 \u00a0 \u00a0 \u00a0 \u00a0 \u00a0 \u00a0 \u00a0 \u00a0 \u00a0 \u00a0 \u00a0 \u00a0 \u00a0 \u00a0 \u00a0 \u00a0 \u00a0 \u00a0 \u00a0 \u00a0 \u00a0 \u00a0 \u00a0 \u00a0 \u00a0 \u00a0 \u00a0 \u00a0 \u00a0Przewodnicz\u0105cy<\/p>\n<p style=\"text-align: center;\">\u00a0 \u00a0 \u00a0 \u00a0 \u00a0 \u00a0 \u00a0 \u00a0 \u00a0 \u00a0 \u00a0 \u00a0 \u00a0 \u00a0 \u00a0 \u00a0 \u00a0 \u00a0 \u00a0 \u00a0 \u00a0 \u00a0 \u00a0 \u00a0 \u00a0 \u00a0 \u00a0 \u00a0 \u00a0 \u00a0 \u00a0 \u00a0 \u00a0 \u00a0 \u00a0 \u00a0 \u00a0 \u00a0 \u00a0 \u00a0 \u00a0 \u00a0 \u00a0 \u00a0 \u00a0 \u00a0 \u00a0Zarz\u0105du Powiatu Lw\u00f3weckiego<\/p>\n<p style=\"text-align: center;\">\u00a0 \u00a0 \u00a0 \u00a0 \u00a0 \u00a0 \u00a0 \u00a0 \u00a0 \u00a0 \u00a0 \u00a0 \u00a0 \u00a0 \u00a0 \u00a0 \u00a0 \u00a0 \u00a0 \u00a0 \u00a0 \u00a0 \u00a0 \u00a0 \u00a0 \u00a0 \u00a0 \u00a0 \u00a0 \u00a0 \u00a0 \u00a0 \u00a0 \u00a0 \u00a0 \u00a0 \u00a0 \u00a0 \u00a0 \u00a0 \u00a0 \u00a0 \u00a0 \u00a0 \u00a0 \u00a0 \u00a0 \u00a0Ma\u0142gorzata Szczepa\u0144ska<\/p>\n<\/div><\/div><\/div><div class=\"fusion-layout-column fusion_builder_column fusion-builder-column-1 fusion_builder_column_1_5 1_5 fusion-flex-column\" style=\"--awb-bg-size:cover;--awb-width-large:20%;--awb-margin-top-large:0px;--awb-spacing-right-large:9.6%;--awb-margin-bottom-large:20px;--awb-spacing-left-large:9.6%;--awb-width-medium:100%;--awb-order-medium:0;--awb-spacing-right-medium:1.92%;--awb-spacing-left-medium:1.92%;--awb-width-small:100%;--awb-order-small:0;--awb-spacing-right-small:1.92%;--awb-spacing-left-small:1.92%;\"><div class=\"fusion-column-wrapper fusion-column-has-shadow fusion-flex-justify-content-flex-start fusion-content-layout-column\"><div class=\"fusion-content-boxes content-boxes columns row fusion-columns-1 fusion-columns-total-1 fusion-content-boxes-1 content-boxes-icon-with-title content-left\" style=\"--awb-hover-accent-color:#f44336;--awb-circle-hover-accent-color:#f44336;--awb-item-margin-bottom:40px;\" data-animationOffset=\"top-into-view\"><div style=\"--awb-backgroundcolor:var(--awb-custom10);\" class=\"fusion-column content-box-column content-box-column content-box-column-1 col-lg-12 col-md-12 col-sm-12 fusion-content-box-hover content-box-column-last content-box-column-last-in-row\"><div class=\"col content-box-wrapper content-wrapper-background link-area-link-icon link-type-text content-icon-wrapper-yes icon-hover-animation-slide\" data-animationOffset=\"top-into-view\"><div class=\"heading icon-left\"><a class=\"heading-link\" style=\"float:left;\" href=\"https:\/\/powiatlwowecki.pl\/wp-content\/uploads\/2026\/03\/uchwala-rozstrzygniecie-konkursu.pdf\" target=\"_self\"><h2 class=\"content-box-heading\" style=\"--h2_typography-font-size:24px;line-height:29px;\">Wyniki otwartego konkursu ofert na realizacj\u0119 zada\u0144 publicznych na 2026 rok<\/h2><\/a><\/div><div class=\"fusion-clearfix\"><\/div><a class=\" fusion-read-more\" style=\"float:left;\" href=\"https:\/\/powiatlwowecki.pl\/wp-content\/uploads\/2026\/03\/uchwala-rozstrzygniecie-konkursu.pdf\" target=\"_self\">PDF<\/a><div class=\"fusion-clearfix\"><\/div><\/div><\/div><div class=\"fusion-clearfix\"><\/div><\/div><\/div><\/div><\/div><\/div><div class=\"fusion-fullwidth fullwidth-box fusion-builder-row-2 fusion-flex-container has-pattern-background has-mask-background nonhundred-percent-fullwidth non-hundred-percent-height-scrolling\" style=\"--awb-border-radius-top-left:0px;--awb-border-radius-top-right:0px;--awb-border-radius-bottom-right:0px;--awb-border-radius-bottom-left:0px;--awb-flex-wrap:wrap;\" ><div class=\"fusion-builder-row fusion-row fusion-flex-align-items-flex-start fusion-flex-content-wrap\" style=\"max-width:1248px;margin-left: calc(-4% \/ 2 );margin-right: calc(-4% \/ 2 );\"><div class=\"fusion-layout-column fusion_builder_column fusion-builder-column-2 fusion_builder_column_1_1 1_1 fusion-flex-column\" style=\"--awb-bg-size:cover;--awb-width-large:100%;--awb-margin-top-large:0px;--awb-spacing-right-large:1.92%;--awb-margin-bottom-large:20px;--awb-spacing-left-large:1.92%;--awb-width-medium:100%;--awb-order-medium:0;--awb-spacing-right-medium:1.92%;--awb-spacing-left-medium:1.92%;--awb-width-small:100%;--awb-order-small:0;--awb-spacing-right-small:1.92%;--awb-spacing-left-small:1.92%;\"><div class=\"fusion-column-wrapper fusion-column-has-shadow fusion-flex-justify-content-flex-start fusion-content-layout-column\"><div class=\"fusion-text fusion-text-2\"><p style=\"text-align: right;\"><strong>Uzasadnienie <\/strong><\/p>\n<p style=\"text-align: right;\"><strong>Uchwa\u0142y Nr 124\/30\/2026<\/strong><\/p>\n<p style=\"text-align: right;\"><strong>Zarz\u0105du Powiatu Lw\u00f3weckiego<\/strong><\/p>\n<p style=\"text-align: right;\"><strong>Z dnia 11 marca 2026 roku<\/strong><\/p>\n<p>Zarz\u0105d Powiatu Lw\u00f3weckiego Uchwa\u0142\u0105 Nr 115\/06\/2026 z dnia 20 stycznia 2026 roku og\u0142osi\u0142 otwarty konkurs ofert na realizacj\u0119 zada\u0144 Powiatu Lw\u00f3weckiego w 2026 roku przez organizacje prowadz\u0105ce dzia\u0142alno\u015b\u0107 po\u017cytku publicznego. Nast\u0119pnie w dniu 10 lutego 2026 roku, Zarz\u0105d Powiatu Lw\u00f3weckiego\u00a0 Uchwa\u0142\u0105 Nr 118\/15\/2026 powo\u0142a\u0142 Komisj\u0119 Konkursow\u0105 do zaopiniowania ofert z\u0142o\u017conych w konkursie na realizacje zada\u0144 publicznych. Komisja dokona\u0142a oceny formalnej i merytorycznej z\u0142o\u017conych ofert, podczas posiedze\u0144 w dniach 19 lutego 2026 roku i 6 marca 2026 roku i przed\u0142o\u017cy\u0142a Zarz\u0105dowi protok\u00f3\u0142.<\/p>\n<p>Zgodnie z og\u0142oszeniem o otwartym konkursie ofert na realizacj\u0119 zada\u0144 Powiatu Lw\u00f3weckiego w 2026 roku przez organizacje prowadz\u0105ce dzia\u0142alno\u015b\u0107 po\u017cytku publicznego decyzj\u0119 o wyborze i udzieleniu dotacji podejmuje Zarz\u0105d Powiatu Lw\u00f3weckiego.<\/p>\n<p>W zwi\u0105zku z powy\u017cszym podj\u0119cie niniejszej uchwa\u0142y jest zasadne.<\/p>\n<p style=\"text-align: center;\">\u00a0 \u00a0 \u00a0 \u00a0 \u00a0 \u00a0 \u00a0 \u00a0 \u00a0 \u00a0 \u00a0 \u00a0 \u00a0 \u00a0 \u00a0 \u00a0 \u00a0 \u00a0 \u00a0 \u00a0 \u00a0 \u00a0 \u00a0 \u00a0 \u00a0 \u00a0 \u00a0 \u00a0 \u00a0 \u00a0 \u00a0 \u00a0 \u00a0 \u00a0 \u00a0 \u00a0 \u00a0 \u00a0 \u00a0 \u00a0Przewodnicz\u0105cy<\/p>\n<p style=\"text-align: center;\">\u00a0 \u00a0 \u00a0 \u00a0 \u00a0 \u00a0 \u00a0 \u00a0 \u00a0 \u00a0 \u00a0 \u00a0 \u00a0 \u00a0 \u00a0 \u00a0 \u00a0 \u00a0 \u00a0 \u00a0 \u00a0 \u00a0 \u00a0 \u00a0 \u00a0 \u00a0 \u00a0 \u00a0 \u00a0 \u00a0 \u00a0 \u00a0 \u00a0 \u00a0 \u00a0 \u00a0 \u00a0 \u00a0 \u00a0 \u00a0 \u00a0Zarz\u0105du Powiatu Lw\u00f3weckiego<\/p>\n<p style=\"text-align: center;\">\u00a0 \u00a0 \u00a0 \u00a0 \u00a0 \u00a0 \u00a0 \u00a0 \u00a0 \u00a0 \u00a0 \u00a0 \u00a0 \u00a0 \u00a0 \u00a0 \u00a0 \u00a0 \u00a0 \u00a0 \u00a0 \u00a0 \u00a0 \u00a0 \u00a0 \u00a0 \u00a0 \u00a0 \u00a0 \u00a0 \u00a0 \u00a0 \u00a0 \u00a0 \u00a0 \u00a0 \u00a0 \u00a0 \u00a0 \u00a0 \u00a0 Ma\u0142gorzata Szczepa\u0144ska<\/p>\n<\/div><div class=\"fusion-text fusion-text-3\"><p style=\"text-align: right;\">\u00a0\u00a0\u00a0\u00a0\u00a0\u00a0\u00a0\u00a0\u00a0\u00a0\u00a0\u00a0\u00a0\u00a0\u00a0\u00a0\u00a0\u00a0\u00a0 \u00a0\u00a0\u00a0Za\u0142\u0105cznik<\/p>\n<p style=\"text-align: right;\">\u00a0\u00a0\u00a0\u00a0\u00a0\u00a0\u00a0\u00a0\u00a0\u00a0\u00a0\u00a0\u00a0\u00a0\u00a0\u00a0\u00a0 do uchwa\u0142y Nr124\/30\/2026<\/p>\n<p style=\"text-align: right;\">Zarz\u0105du Powiatu Lw\u00f3weckiego<br \/>\nz dnia 11 marca 2026<\/p>\n<ol>\n<li><strong>Promocja i ochrona zdrowia (6 800 z\u0142)<\/strong><\/li>\n<\/ol>\n<table width=\"671\">\n<tbody>\n<tr>\n<td width=\"38\"><strong>l.p.<\/strong><\/td>\n<td width=\"225\"><strong>nazwa organizacji<\/strong><\/td>\n<td width=\"323\"><strong>Nazwa zadania<\/strong><\/td>\n<td width=\"85\"><strong>kwota przyznana<\/strong><\/td>\n<\/tr>\n<tr>\n<td width=\"38\"><strong>1.<\/strong><\/td>\n<td width=\"225\">Stowarzyszenie Mi\u0142o\u015bnik\u00f3w Kultury Fizycznej \u201eAZYL\u201d<\/td>\n<td width=\"323\">\u201eID\u0118 PO ZDROWIE- CZTERY PORY ROKU Z POWIATEM LW\u00d3WECKIM\u201d<\/td>\n<td width=\"85\">2.800,00 z\u0142<\/td>\n<\/tr>\n<tr>\n<td width=\"38\"><strong>2.<\/strong><\/td>\n<td width=\"225\">Stowarzyszenie HOMO VIATOR<\/td>\n<td width=\"323\">\u201e\u015aWIADOMI SIEBIE-PROGRAM ZDROWIA PSYCHICZNEGO M\u0141ODZIE\u017bY\u201d<\/td>\n<td width=\"85\">1.500,00 z\u0142<\/td>\n<\/tr>\n<tr>\n<td width=\"38\"><strong>3.<\/strong><\/td>\n<td width=\"225\">Lw\u00f3weckie Stowarzyszenie Senior\u00f3w \u201eSerdeczna D\u0142o\u0144\u201d<\/td>\n<td width=\"323\">\u201eJEDEN DZIE\u0143 BEZ ALKOHOLU\u201d<\/td>\n<td width=\"85\">1.500,00 z\u0142<\/td>\n<\/tr>\n<tr>\n<td width=\"38\"><strong>4.<\/strong><\/td>\n<td width=\"225\">Polski Zwi\u0105zek Niewidomych Okr\u0119g Dolno\u015bl\u0105ski Ko\u0142o w Gryfowie \u015al\u0105skim<\/td>\n<td width=\"323\">\u201eSPOTKANIE ZWI\u0104ZANE Z WSPIERANIEM OS\u00d3B NIEPE\u0141NOSPRAWNYCH\u201d<\/td>\n<td width=\"85\">1.000,00 z\u0142<\/td>\n<\/tr>\n<\/tbody>\n<\/table>\n<ol start=\"2\">\n<li><strong> Wspieranie os\u00f3b niepe\u0142nosprawnych (8\u00a0000 z\u0142)<\/strong><\/li>\n<\/ol>\n<table width=\"671\">\n<tbody>\n<tr>\n<td width=\"38\"><strong>l.p.<\/strong><\/td>\n<td width=\"227\"><strong>nazwa organizacji<\/strong><\/td>\n<td width=\"274\"><strong>Nazwa zadania<\/strong><\/td>\n<td width=\"132\"><strong>kwota przyznana<\/strong><\/td>\n<\/tr>\n<tr>\n<td width=\"38\"><strong>1.<\/strong><\/td>\n<td width=\"227\">TPD- Ko\u0142o specjalnej troski<\/td>\n<td width=\"274\">\u201eAUDYT DOST\u0118PNO\u015aCIDLA OS\u00d3B Z NIEPE\u0141NOSPRAWNO\u015aCIAMIW MIASTACH MIRSK I GRYF\u00d3W \u015aL\u0104SKI\u201d<\/td>\n<td width=\"132\">1.000,00 z\u0142<\/td>\n<\/tr>\n<tr>\n<td width=\"38\"><strong>2.<\/strong><\/td>\n<td width=\"227\">Stowarzyszenie Mi\u0142o\u015bnik\u00f3w Kultury Fizycznej \u201eAZYL\u201d<\/td>\n<td width=\"274\">\u201eOD NIEPE\u0141NOSPRAWNO\u015aCI DO GODNO\u015aCI\u201d<\/td>\n<td width=\"132\">2.500,00 z\u0142<\/td>\n<\/tr>\n<tr>\n<td width=\"38\"><strong>3. <\/strong><\/td>\n<td width=\"227\">Fundacja \u201eDITERO\u201d<\/td>\n<td width=\"274\">\u201eSPOTKAJMY SI\u0118- INTEGRACJA MIESZKA\u0143C\u00d3W POPRZEZ WSP\u00d3LNE DZIA\u0141ANIA\u201d<\/td>\n<td width=\"132\">2.500,00 z\u0142<\/td>\n<\/tr>\n<tr>\n<td width=\"38\"><strong>4.<\/strong><\/td>\n<td width=\"227\">Stowarzyszenie Senior\u00f3w \u201eSerdeczna D\u0142o\u0144\u201d<\/td>\n<td width=\"274\">\u201eSTOWARZYSZENIE OTWARTYCH SERC\u201d<\/td>\n<td width=\"132\">1.000,00 z\u0142<\/td>\n<\/tr>\n<tr>\n<td width=\"38\"><strong>5.<\/strong><\/td>\n<td width=\"227\">Fundacja \u201eTina and friends\u201d<\/td>\n<td width=\"274\">\u201eZWIERZ\u0118TA GOSPODARSKIE- INSPIRACJ\u0104 DO WARSZAT\u00d3W ARTYSTYCZNYCH\u201d<\/td>\n<td width=\"132\">1.000,00 z\u0142<\/td>\n<\/tr>\n<\/tbody>\n<\/table>\n<p><strong>\u00a0<\/strong><\/p>\n<ol start=\"3\">\n<li><strong> Kultura<\/strong> <strong>oraz<\/strong> <strong>ochrona<\/strong> <strong>zabytk\u00f3w i opieka nad zabytkami (18 500 z\u0142) <\/strong><\/li>\n<\/ol>\n<table width=\"671\">\n<tbody>\n<tr>\n<td width=\"38\"><strong>l.p.<\/strong><\/td>\n<td width=\"227\"><strong>nazwa organizacji<\/strong><\/td>\n<td width=\"274\"><strong>Nazwa zadania<\/strong><\/td>\n<td width=\"132\"><strong>kwota przyznana<\/strong><\/td>\n<\/tr>\n<tr>\n<td width=\"38\"><strong>1.<\/strong><\/td>\n<td width=\"227\">Lw\u00f3weckie Stowarzyszenie Senior\u00f3w \u201eSerdeczna D\u0142o\u0144\u201d<\/td>\n<td width=\"274\">\u201eZLOT STARYCH VW GARBUS\u00d3W\u201d<\/td>\n<td width=\"132\">500,00 z\u0142<\/td>\n<\/tr>\n<tr>\n<td width=\"38\"><strong>2.<\/strong><\/td>\n<td width=\"227\">Ko\u0142o Gospody\u0144 Wiejskich \u201eNasza Bielanka\u201d<\/td>\n<td width=\"274\">\u201eKONCERT U \u015aW. ANNY- MUZYKA W PRZESTRZENI SACRUM\u201d<\/td>\n<td width=\"132\">1.000,00 z\u0142<\/td>\n<\/tr>\n<tr>\n<td width=\"38\"><strong>\u00a0 3.<\/strong><\/td>\n<td width=\"227\">Stowarzyszenie AMBITUS LEONIS<\/td>\n<td width=\"274\">\u201eII BIESIADA\u201d<\/td>\n<td width=\"132\">2.000,00 z\u0142<\/td>\n<\/tr>\n<tr>\n<td width=\"38\"><strong>4. <\/strong><\/td>\n<td width=\"227\">Ko\u0142o Gospody\u0144 Wiejskich ALE CIACHO<\/td>\n<td width=\"274\">\u201ePOWR\u00d3T DO KORZENI, CZYLI KULTYWOWANIE TRADYCJI-KONTYNUACJA PROJEKTU\u201d<\/td>\n<td width=\"132\">2.000,00 z\u0142<\/td>\n<\/tr>\n<tr>\n<td width=\"38\"><strong>5.<\/strong><\/td>\n<td width=\"227\">Fundacja Ruinersi na Dolnym \u015al\u0105sku<\/td>\n<td width=\"274\">\u201eSTREFA RZEMIE\u015aLNIKA NA III ZLOCIE RUINERS\u00d3W W LUBOMIERZU\u201d<\/td>\n<td width=\"132\">1.500,00 z\u0142<\/td>\n<\/tr>\n<tr>\n<td width=\"38\"><strong>6.<\/strong><\/td>\n<td width=\"227\">Stowarzyszenie Przyjaci\u00f3\u0142 Lubomierza<\/td>\n<td width=\"274\">\u201eVII LUBOMIERSKA JESIE\u0143\u201d<\/td>\n<td width=\"132\">1.500,00 z\u0142<\/td>\n<\/tr>\n<tr>\n<td width=\"38\"><strong>7.<\/strong><\/td>\n<td width=\"227\">Fundacja Skala-Classic<\/td>\n<td width=\"274\">\u201eMUZYKA W SKALE\u201d<\/td>\n<td width=\"132\">1.000,00 z\u0142<\/td>\n<\/tr>\n<tr>\n<td width=\"38\"><strong>8.<\/strong><\/td>\n<td width=\"227\">Ko\u0142o Gospody\u0144 Wiejskich Grudza<\/td>\n<td width=\"274\">\u201ePOWIATOWE OBCHODY NARODOWY DZIE\u0143 PAMI\u0118CI O POLAKACH- OFIARACH LUDOB\u00d3JSTWA DOKONANEGO PRZEZ OUN I UPA NA ZIEMIACH WSCHODNICH RZECZYPOSPOLITEJ<\/td>\n<td width=\"132\">2.750,00 z\u0142<\/td>\n<\/tr>\n<tr>\n<td width=\"38\"><strong>9.<\/strong><\/td>\n<td width=\"227\">Stowarzyszenie Kulturalne \u201eIzerskie Bogdanki\u201d<\/td>\n<td width=\"274\">\u201ePROPAGOWANIE KULTURY LUDOWEJ FOLKLORU NA TERENIE GMINY I POWIATU\u201d<\/td>\n<td width=\"132\">2.750,00 z\u0142<\/td>\n<\/tr>\n<tr>\n<td width=\"38\"><strong>10.<\/strong><\/td>\n<td width=\"227\">Stowarzyszenie Piaskowe Wzg\u00f3rza<\/td>\n<td width=\"274\">\u201eXI POWIATOWA WYSTAWA R\u0118KODZIE\u0141A I RZEMIOS\u0141A- WSPIERANIE KULTURY LOKALNEJ\u201d<\/td>\n<td width=\"132\">2.500,00 z\u0142<\/td>\n<\/tr>\n<tr>\n<td width=\"38\"><strong>11.<\/strong><\/td>\n<td width=\"227\">Stowarzyszenie Homo Viator<\/td>\n<td width=\"274\">\u201eG\u0141OS M\u0141ODEGO POKOLENIA- WARSZTATY DZIENNIKARSKIE\u201d<\/td>\n<td width=\"132\">1.000,00 z\u0142<\/td>\n<\/tr>\n<\/tbody>\n<\/table>\n<p><strong>\u00a0<\/strong><\/p>\n<ol start=\"4\">\n<li><strong> Kultura fizyczna i turystyka (90 000 z\u0142)<\/strong><\/li>\n<\/ol>\n<table width=\"660\">\n<tbody>\n<tr>\n<td width=\"44\"><strong>l.p.<\/strong><\/td>\n<td width=\"219\"><strong>nazwa organizacji<\/strong><\/td>\n<td width=\"267\"><strong>Nazwa zadania<\/strong><\/td>\n<td width=\"129\"><strong>kwota przyznana<\/strong><\/td>\n<\/tr>\n<tr>\n<td width=\"44\"><strong>1.<\/strong><\/td>\n<td width=\"219\">Klub Sportowy BOX Lw\u00f3wek \u015al\u0105ski<\/td>\n<td width=\"267\">\u201eGala Boksu GMiM Lw\u00f3wek \u015al\u0105ski- promowanie zdrowego stylu \u017cycia i przeciwdzia\u0142ania alkoholizmowi\u201d<\/td>\n<td width=\"129\">3.000,00 z\u0142<\/td>\n<\/tr>\n<tr>\n<td width=\"44\"><strong>2.<\/strong><\/td>\n<td width=\"219\">Stowarzyszenie \u201eNasz Dworek\u201d<\/td>\n<td width=\"267\">\u201eDrugi Korea\u0144ski Rajd Rowerowy\u201d<\/td>\n<td width=\"129\">1.000,00 z\u0142<\/td>\n<\/tr>\n<tr>\n<td width=\"44\"><strong>3.<\/strong><\/td>\n<td width=\"219\">Miejski Klub Sportowy W\u0141\u00d3KNIARZ MIRSK<\/td>\n<td width=\"267\">\u201eTURNIEJ PI\u0141KARSKI DLA DZIECI\u201d<\/td>\n<td width=\"129\">2.000,00 z\u0142<\/td>\n<\/tr>\n<tr>\n<td width=\"44\"><strong>4.<\/strong><\/td>\n<td width=\"219\">Stowarzyszenie Mi\u0142o\u015bnik\u00f3w Kultury Fizycznej \u201eAZYL\u201d<\/td>\n<td width=\"267\">\u201eXIIIFINA\u0141 MISTRZOSTW POLSKI M\u0141ODZIE\u017bOWYCH O\u015aRODK\u00d3W WYCHOWAWCZYCH W PI\u0141CE NO\u017bNEJ NA ORLIKU LW\u00d3WEK \u015aL\u0104SKI 2026R.\u201d<\/td>\n<td width=\"129\">3.000,00 z\u0142<\/td>\n<\/tr>\n<tr>\n<td width=\"44\"><strong>7.<\/strong><\/td>\n<td width=\"219\">Powiatowy szkolny Zwi\u0105zek Sportowy w Lw\u00f3wku \u015al\u0105skim<\/td>\n<td width=\"267\">\u201eOrganizacja zawod\u00f3w mi\u0119dzyszkolnych PSZS\u201d<\/td>\n<td width=\"129\">20.000,00 z\u0142<\/td>\n<\/tr>\n<tr>\n<td width=\"44\"><strong>8.<\/strong><\/td>\n<td width=\"219\">Stowarzyszenie BIA\u0141OG\u00d3RZANIE<\/td>\n<td width=\"267\">\u00a0\u00a0\u00a0 \u201ePOWIATOWE ZAWODY K\u00d3\u0141 GOSPODY\u0143 WIEJSKICH W PALANTA\u201d<\/td>\n<td width=\"129\">4.000,00 z\u0142<\/td>\n<\/tr>\n<tr>\n<td width=\"44\"><strong>9.<\/strong><\/td>\n<td width=\"219\">Mi\u0119dzyszkolny Ludowy Klub Sportowy \u201eRAKOWICE\u201d<\/td>\n<td width=\"267\">\u201eORGANIZACJA VI EDYCJI MI\u0118DZYNARODOWEGO BIEGU ULICZNEGO- ZIMOWY BIEG DLA ZDROWIA \u201eDWORSKA DYSZKA\u201d\u201d<\/td>\n<td width=\"129\">1.000,00 z\u0142<\/td>\n<\/tr>\n<tr>\n<td width=\"44\"><strong>10.<\/strong><\/td>\n<td width=\"219\">Mi\u0119dzyszkolny Ludowy Klub Sportowy \u201eRAKOWICE\u201d<\/td>\n<td width=\"267\">\u201eWZROST AKTYWNO\u015aCI FIZYCZNEJ DZIECI I M\u0141ODZIE\u017bY Z OBSZAR\u00d3W WIEJSKICH POWIATU LW\u00d3WEK \u015aL\u0104SKI<\/td>\n<td width=\"129\">2.000,00 z\u0142<\/td>\n<\/tr>\n<tr>\n<td width=\"44\"><strong>11.<\/strong><\/td>\n<td width=\"219\">Gryfowski Klub Sportowy GRYF<\/td>\n<td width=\"267\">\u201e80 lat Gryfa- pi\u0142karskie \u015bwi\u0119to najm\u0142odszych\u201d<\/td>\n<td width=\"129\">2.000,00 z\u0142<\/td>\n<\/tr>\n<tr>\n<td width=\"44\"><strong>12.<\/strong><\/td>\n<td width=\"219\">Powiatowe Zrzeszenie Ludowe Zespo\u0142y Sportowe w Lw\u00f3wku \u015al\u0105skim<\/td>\n<td width=\"267\">\u201eORGANIZACJA IMPREZ SPORTOWYCH POWIATOWEGO ZRZESZENIA LUDOWE ZESPO\u0141Y SPORTOWE W LW\u00d3WKU \u015aL\u0104SKIM NA 2026 ROK<\/td>\n<td width=\"129\">20.000,00 z\u0142<\/td>\n<\/tr>\n<tr>\n<td width=\"44\"><strong>13.<\/strong><\/td>\n<td width=\"219\">KGW Chmiele\u0144<\/td>\n<td width=\"267\">\u201e\u015aladami lokalnych legend- Powiatowa gra terenowa w Chmieleniu\u201d<\/td>\n<td width=\"129\">1.000,00 z\u0142<\/td>\n<\/tr>\n<tr>\n<td width=\"44\"><strong>14.<\/strong><\/td>\n<td width=\"219\">Stowarzyszenie \u201eNASZ CHMIELE\u0143\u201d<\/td>\n<td width=\"267\">\u201ePowiatowy turniej sportowy\u201d<\/td>\n<td width=\"129\">2.000,00 z\u0142<\/td>\n<\/tr>\n<tr>\n<td width=\"44\"><strong>15.<\/strong><\/td>\n<td width=\"219\">Stowarzyszenie Senior\u00f3w \u201eSerdeczna D\u0142o\u0144\u201d<\/td>\n<td width=\"267\">\u201eMi\u0119dzynarodowe zawody senior\u00f3w- Pardubice 2026\u201d<\/td>\n<td width=\"129\">500,00 z\u0142<\/td>\n<\/tr>\n<tr>\n<td width=\"44\"><strong>16.<\/strong><\/td>\n<td width=\"219\">Fundacja Pi\u0142ki R\u0119cznej<\/td>\n<td width=\"267\">\u201eUczestnictwo dzieci i m\u0142odzie\u017cy reprezentuj\u0105cych Powiat w imprezach wojew\u00f3dzkich i og\u00f3lnopolskich\u201d<\/td>\n<td width=\"129\">10.000,00 z\u0142<\/td>\n<\/tr>\n<tr>\n<td width=\"44\"><strong>17.<\/strong><\/td>\n<td width=\"219\">Stowarzyszenie Aktywny Gryf\u00f3w \u201eCROSS GRYFIT\u00d3W\u201d<\/td>\n<td width=\"267\">15. BIEG CROSS GFYRIT\u00d3W<\/p>\n<p>5. WY\u015aCIG ROWEROWY<\/td>\n<td width=\"129\">8.000,00 z\u0142<\/td>\n<\/tr>\n<tr>\n<td width=\"44\"><strong>19.<\/strong><\/td>\n<td width=\"219\">Fundacja Po Prostu<\/td>\n<td width=\"267\">\u201eXII Izerska Parada Powoz\u00f3w\u201d<\/td>\n<td width=\"129\">2.000,00 z\u0142<\/td>\n<\/tr>\n<tr>\n<td width=\"44\"><strong>20.<\/strong><\/td>\n<td width=\"219\">Stowarzyszenie HOMO VIATOR<\/td>\n<td width=\"267\">\u201eI Powiatowe Mistrzostwa o Puchar Przewodnicz\u0105cego Rady Powiatu Lw\u00f3weckiego w Strzelectwie Wirtualnym\u201d<\/td>\n<td width=\"129\">3.500,00 z\u0142<\/td>\n<\/tr>\n<tr>\n<td width=\"44\"><strong>23.<\/strong><\/td>\n<td width=\"219\">Lw\u00f3wecki Klub Sportowy Czarni<\/td>\n<td width=\"267\">\u201e80 lat CZARNYCH- jubileusz, kt\u00f3ry \u0142\u0105czy pokolenia\u201d-organizacja mistrzostw powiatu lw\u00f3weckiego w pi\u0142ce no\u017cnej\u201d<\/td>\n<td width=\"129\">5.000,00 z\u0142<\/td>\n<\/tr>\n<\/tbody>\n<\/table>\n<p><strong>\u00a0<\/strong><\/p>\n<ol start=\"5\">\n<li><strong> Ochrona \u015brodowiska i przyrody (6 700 z\u0142)<\/strong><\/li>\n<\/ol>\n<table width=\"671\">\n<tbody>\n<tr>\n<td width=\"38\"><strong>l.p.<\/strong><\/td>\n<td width=\"227\"><strong>nazwa organizacji<\/strong><\/td>\n<td width=\"274\"><strong>Nazwa zadania<\/strong><\/td>\n<td width=\"132\"><strong>kwota przyznana<\/strong><\/td>\n<\/tr>\n<tr>\n<td width=\"38\"><strong>1.<\/strong><\/td>\n<td width=\"227\">Stowarzyszenie HOMO VIATOR<\/td>\n<td width=\"274\">\u201eChronimy zapylacze w Powiecie Lw\u00f3weckim- edukacja i warsztaty w Pasiece Edukacyjnej w ZSOiZ w Gryfowie \u015al\u0105skim\u201d<\/td>\n<td width=\"132\">2.200,00 z\u0142<\/td>\n<\/tr>\n<tr>\n<td width=\"38\"><strong>2.<\/strong><\/td>\n<td width=\"227\">Stowarzyszenie Senior\u00f3w \u201eSerdeczna D\u0142o\u0144\u201d<\/td>\n<td width=\"274\">\u201ePomnik przyrody Cis w Bystrzycy pod nasz\u0105 opiek\u0105\u201d<\/td>\n<td width=\"132\">500,00 z\u0142<\/td>\n<\/tr>\n<tr>\n<td width=\"38\"><strong>3.<\/strong><\/td>\n<td width=\"227\">Stowarzyszenie Piaskowe Wzg\u00f3rza<\/td>\n<td width=\"274\">\u201eKocham przyrod\u0119- ratuj\u0119 pszczo\u0142y- kontynuacja projektu\u201d<\/td>\n<td width=\"132\">2.000,00 z\u0142<\/td>\n<\/tr>\n<tr>\n<td width=\"38\"><strong>4.<\/strong><\/td>\n<td width=\"227\">Stowarzyszenie Klasztor Lubomierz<\/td>\n<td width=\"274\">Ro\u015bliny zielone w ochronie i piel\u0119gnacji zdrowia<\/td>\n<td width=\"132\">2.000,00 z\u0142<\/td>\n<\/tr>\n<\/tbody>\n<\/table>\n<p style=\"text-align: center;\">\u00a0 \u00a0 \u00a0 \u00a0 \u00a0 \u00a0 \u00a0 \u00a0 \u00a0 \u00a0 \u00a0 \u00a0 \u00a0 \u00a0 \u00a0 \u00a0 \u00a0 \u00a0 \u00a0 \u00a0 \u00a0 \u00a0 \u00a0 \u00a0 \u00a0 \u00a0 \u00a0 \u00a0 \u00a0 \u00a0 \u00a0 \u00a0 \u00a0 \u00a0 \u00a0 \u00a0 \u00a0 \u00a0 \u00a0 \u00a0 \u00a0 \u00a0 \u00a0 \u00a0 \u00a0 \u00a0 \u00a0 \u00a0 \u00a0 \u00a0 \u00a0 \u00a0 \u00a0 \u00a0 \u00a0 \u00a0 \u00a0 \u00a0 \u00a0 \u00a0 \u00a0 \u00a0 \u00a0 Przewodnicz\u0105cy<\/p>\n<p style=\"text-align: center;\">\u00a0 \u00a0 \u00a0 \u00a0 \u00a0 \u00a0 \u00a0 \u00a0 \u00a0 \u00a0 \u00a0 \u00a0 \u00a0 \u00a0 \u00a0 \u00a0 \u00a0 \u00a0 \u00a0 \u00a0 \u00a0 \u00a0 \u00a0 \u00a0 \u00a0 \u00a0 \u00a0 \u00a0 \u00a0 \u00a0 \u00a0 \u00a0 \u00a0 \u00a0 \u00a0 \u00a0 \u00a0 \u00a0 \u00a0 \u00a0 \u00a0 \u00a0 \u00a0 \u00a0 \u00a0 \u00a0 \u00a0 \u00a0 \u00a0 \u00a0 \u00a0 \u00a0 \u00a0 \u00a0 \u00a0 \u00a0 \u00a0 \u00a0 \u00a0 \u00a0 \u00a0Zarz\u0105du Powiatu Lw\u00f3weckiego<\/p>\n<p style=\"text-align: center;\">\u00a0 \u00a0 \u00a0 \u00a0 \u00a0 \u00a0 \u00a0 \u00a0 \u00a0 \u00a0 \u00a0 \u00a0 \u00a0 \u00a0 \u00a0 \u00a0 \u00a0 \u00a0 \u00a0 \u00a0 \u00a0 \u00a0 \u00a0 \u00a0 \u00a0 \u00a0 \u00a0 \u00a0 \u00a0 \u00a0 \u00a0 \u00a0 \u00a0 \u00a0 \u00a0 \u00a0 \u00a0 \u00a0 \u00a0 \u00a0 \u00a0 \u00a0 \u00a0 \u00a0 \u00a0 \u00a0 \u00a0 \u00a0 \u00a0 \u00a0 \u00a0 \u00a0 \u00a0 \u00a0 \u00a0 \u00a0 \u00a0 \u00a0 \u00a0 \u00a0 \u00a0 \u00a0 \u00a0Ma\u0142gorzata Szczepa\u0144ska<\/p>\n<\/div><\/div><\/div><\/div><\/div><div class=\"fusion-fullwidth fullwidth-box fusion-builder-row-3 fusion-flex-container has-pattern-background has-mask-background nonhundred-percent-fullwidth non-hundred-percent-height-scrolling\" style=\"--awb-border-radius-top-left:0px;--awb-border-radius-top-right:0px;--awb-border-radius-bottom-right:0px;--awb-border-radius-bottom-left:0px;--awb-flex-wrap:wrap;\" ><div class=\"fusion-builder-row fusion-row fusion-flex-align-items-flex-start fusion-flex-content-wrap\" style=\"max-width:1248px;margin-left: calc(-4% \/ 2 );margin-right: calc(-4% \/ 2 );\"><\/div><\/div><\/p>\n","protected":false},"excerpt":{"rendered":"","protected":false},"author":8,"featured_media":12364,"comment_status":"closed","ping_status":"closed","sticky":false,"template":"","format":"standard","meta":{"_acf_changed":false,"footnotes":""},"categories":[5],"tags":[],"class_list":["post-12361","post","type-post","status-publish","format-standard","has-post-thumbnail","hentry","category-aktualnosci"],"acf":{"kal_data_wydarzenia":""},"_links":{"self":[{"href":"https:\/\/powiatlwowecki.pl\/plci_json_endpoint\/wp\/v2\/posts\/12361","targetHints":{"allow":["GET"]}}],"collection":[{"href":"https:\/\/powiatlwowecki.pl\/plci_json_endpoint\/wp\/v2\/posts"}],"about":[{"href":"https:\/\/powiatlwowecki.pl\/plci_json_endpoint\/wp\/v2\/types\/post"}],"author":[{"embeddable":true,"href":"https:\/\/powiatlwowecki.pl\/plci_json_endpoint\/wp\/v2\/users\/8"}],"replies":[{"embeddable":true,"href":"https:\/\/powiatlwowecki.pl\/plci_json_endpoint\/wp\/v2\/comments?post=12361"}],"version-history":[{"count":4,"href":"https:\/\/powiatlwowecki.pl\/plci_json_endpoint\/wp\/v2\/posts\/12361\/revisions"}],"predecessor-version":[{"id":12369,"href":"https:\/\/powiatlwowecki.pl\/plci_json_endpoint\/wp\/v2\/posts\/12361\/revisions\/12369"}],"wp:featuredmedia":[{"embeddable":true,"href":"https:\/\/powiatlwowecki.pl\/plci_json_endpoint\/wp\/v2\/media\/12364"}],"wp:attachment":[{"href":"https:\/\/powiatlwowecki.pl\/plci_json_endpoint\/wp\/v2\/media?parent=12361"}],"wp:term":[{"taxonomy":"category","embeddable":true,"href":"https:\/\/powiatlwowecki.pl\/plci_json_endpoint\/wp\/v2\/categories?post=12361"},{"taxonomy":"post_tag","embeddable":true,"href":"https:\/\/powiatlwowecki.pl\/plci_json_endpoint\/wp\/v2\/tags?post=12361"}],"curies":[{"name":"wp","href":"https:\/\/api.w.org\/{rel}","templated":true}]}}