{"id":12358,"date":"2026-03-16T10:04:10","date_gmt":"2026-03-16T09:04:10","guid":{"rendered":"https:\/\/powiatlwowecki.pl\/?p=12358"},"modified":"2026-03-16T10:04:10","modified_gmt":"2026-03-16T09:04:10","slug":"weekend-pelen-zaangazowania-i-waznych-wydarzen","status":"publish","type":"post","link":"https:\/\/powiatlwowecki.pl\/weekend-pelen-zaangazowania-i-waznych-wydarzen\/","title":{"rendered":"Weekend pe\u0142en zaanga\u017cowania i wa\u017cnych wydarze\u0144"},"content":{"rendered":"<div class=\"fusion-fullwidth fullwidth-box fusion-builder-row-1 fusion-flex-container nonhundred-percent-fullwidth non-hundred-percent-height-scrolling\" style=\"--awb-border-radius-top-left:0px;--awb-border-radius-top-right:0px;--awb-border-radius-bottom-right:0px;--awb-border-radius-bottom-left:0px;--awb-flex-wrap:wrap;\" ><div class=\"fusion-builder-row fusion-row fusion-flex-align-items-flex-start fusion-flex-content-wrap\" style=\"max-width:1248px;margin-left: calc(-4% \/ 2 );margin-right: calc(-4% \/ 2 );\"><div class=\"fusion-layout-column fusion_builder_column fusion-builder-column-0 fusion_builder_column_1_1 1_1 fusion-flex-column\" style=\"--awb-bg-size:cover;--awb-width-large:100%;--awb-margin-top-large:0px;--awb-spacing-right-large:1.92%;--awb-margin-bottom-large:0px;--awb-spacing-left-large:1.92%;--awb-width-medium:100%;--awb-spacing-right-medium:1.92%;--awb-spacing-left-medium:1.92%;--awb-width-small:100%;--awb-spacing-right-small:1.92%;--awb-spacing-left-small:1.92%;\"><div class=\"fusion-column-wrapper fusion-flex-justify-content-flex-start fusion-content-layout-column\"><div class=\"fusion-text fusion-text-1\"><p>Miniony weekend obfitowa\u0142 w wa\u017cne spotkania, wydarzenia i inicjatywy z udzia\u0142em Starosty Powiatu Lw\u00f3weckiego. Od obrad Konwentu Powiat\u00f3w Wojew\u00f3dztwa Dolno\u015bl\u0105skiego we Wroc\u0142awiu, przez mi\u0119dzypowiatowe zmagania turystyczno-krajoznawcze, po konkurs historyczny dla m\u0142odzie\u017cy \u2013 ka\u017cdy z tych punkt\u00f3w pokaza\u0142, jak r\u00f3\u017cnorodne s\u0105 dzia\u0142ania realizowane na rzecz mieszka\u0144c\u00f3w powiatu.<\/p>\n<p>W pi\u0105tek, 13 marca, we Wroc\u0142awiu zako\u0144czy\u0142 si\u0119 Konwent Powiat\u00f3w Wojew\u00f3dztwa Dolno\u015bl\u0105skiego, w kt\u00f3rym uczestniczy\u0142a Starosta Powiatu Lw\u00f3weckiego. Podczas spotkania samorz\u0105dowcy rozmawiali o planowanych zmianach w prawie, finansowaniu zakup\u00f3w i inwestycji w ramach obrony cywilnej oraz ochrony ludno\u015bci, a tak\u017ce o mo\u017cliwo\u015bciach pozyskiwania \u015brodk\u00f3w zewn\u0119trznych.<\/p>\n<p>Gospodarze wydarzenia \u2013 w\u0142odarze Powiatu Wroc\u0142awskiego \u2013 zaprosili uczestnik\u00f3w do Narodowego Forum Muzyki im. Witolda Lutos\u0142awskiego, jednej z najnowocze\u015bniejszych sal koncertowych w Europie, b\u0119d\u0105cej wizyt\u00f3wk\u0105 Wroc\u0142awia. Kulisy tego wyj\u0105tkowego miejsca zaprezentowa\u0142a dyrektor NFM, Olga Hume\u0144czuk. By\u0142a to cenna okazja nie tylko do wymiany samorz\u0105dowych do\u015bwiadcze\u0144, ale r\u00f3wnie\u017c do poznania jednego z najwa\u017cniejszych obiekt\u00f3w kulturalnych Dolnego \u015al\u0105ska.<\/p>\n<\/div><div class=\"awb-gallery-wrapper awb-gallery-wrapper-1 button-span-no\" style=\"--more-btn-alignment:center;\"><div style=\"margin:-5px;--awb-bordersize:0px;\" class=\"fusion-gallery fusion-gallery-container fusion-grid-3 fusion-columns-total-3 fusion-gallery-layout-grid fusion-gallery-1\"><div style=\"padding:5px;\" class=\"fusion-grid-column fusion-gallery-column fusion-gallery-column-3 hover-type-none\"><div class=\"fusion-gallery-image\"><a href=\"https:\/\/powiatlwowecki.pl\/wp-content\/uploads\/2026\/03\/WhatsApp-Image-2026-03-13-at-14.01.09.jpeg\" rel=\"noreferrer\" data-rel=\"iLightbox[gallery_image_1]\" class=\"fusion-lightbox\" target=\"_self\"><img decoding=\"async\" src=\"https:\/\/powiatlwowecki.pl\/wp-content\/uploads\/2026\/03\/WhatsApp-Image-2026-03-13-at-14.01.09.jpeg\" width=\"1600\" height=\"1200\" alt=\"\" title=\"WhatsApp Image 2026-03-13 at 14.01.09\" aria-label=\"WhatsApp Image 2026-03-13 at 14.01.09\" class=\"img-responsive wp-image-12350\" srcset=\"https:\/\/powiatlwowecki.pl\/wp-content\/uploads\/2026\/03\/WhatsApp-Image-2026-03-13-at-14.01.09-200x150.jpeg 200w, https:\/\/powiatlwowecki.pl\/wp-content\/uploads\/2026\/03\/WhatsApp-Image-2026-03-13-at-14.01.09-400x300.jpeg 400w, https:\/\/powiatlwowecki.pl\/wp-content\/uploads\/2026\/03\/WhatsApp-Image-2026-03-13-at-14.01.09-600x450.jpeg 600w, https:\/\/powiatlwowecki.pl\/wp-content\/uploads\/2026\/03\/WhatsApp-Image-2026-03-13-at-14.01.09-800x600.jpeg 800w, https:\/\/powiatlwowecki.pl\/wp-content\/uploads\/2026\/03\/WhatsApp-Image-2026-03-13-at-14.01.09-1200x900.jpeg 1200w, https:\/\/powiatlwowecki.pl\/wp-content\/uploads\/2026\/03\/WhatsApp-Image-2026-03-13-at-14.01.09.jpeg 1600w\" sizes=\"(min-width: 2200px) 100vw, (min-width: 784px) 397px, (min-width: 712px) 595px, (min-width: 640px) 712px, \" \/><\/a><\/div><\/div><div style=\"padding:5px;\" class=\"fusion-grid-column fusion-gallery-column fusion-gallery-column-3 hover-type-none\"><div class=\"fusion-gallery-image\"><a href=\"https:\/\/powiatlwowecki.pl\/wp-content\/uploads\/2026\/03\/WhatsApp-Image-2026-03-13-at-14.01.09a.jpeg\" rel=\"noreferrer\" data-rel=\"iLightbox[gallery_image_1]\" class=\"fusion-lightbox\" target=\"_self\"><img decoding=\"async\" src=\"https:\/\/powiatlwowecki.pl\/wp-content\/uploads\/2026\/03\/WhatsApp-Image-2026-03-13-at-14.01.09a.jpeg\" width=\"1200\" height=\"1600\" alt=\"\" title=\"WhatsApp Image 2026-03-13 at 14.01.09a\" aria-label=\"WhatsApp Image 2026-03-13 at 14.01.09a\" class=\"img-responsive wp-image-12351\" srcset=\"https:\/\/powiatlwowecki.pl\/wp-content\/uploads\/2026\/03\/WhatsApp-Image-2026-03-13-at-14.01.09a-200x267.jpeg 200w, https:\/\/powiatlwowecki.pl\/wp-content\/uploads\/2026\/03\/WhatsApp-Image-2026-03-13-at-14.01.09a-400x533.jpeg 400w, https:\/\/powiatlwowecki.pl\/wp-content\/uploads\/2026\/03\/WhatsApp-Image-2026-03-13-at-14.01.09a-600x800.jpeg 600w, https:\/\/powiatlwowecki.pl\/wp-content\/uploads\/2026\/03\/WhatsApp-Image-2026-03-13-at-14.01.09a-800x1067.jpeg 800w, https:\/\/powiatlwowecki.pl\/wp-content\/uploads\/2026\/03\/WhatsApp-Image-2026-03-13-at-14.01.09a.jpeg 1200w\" sizes=\"(min-width: 2200px) 100vw, (min-width: 784px) 397px, (min-width: 712px) 595px, (min-width: 640px) 712px, \" \/><\/a><\/div><\/div><div style=\"padding:5px;\" class=\"fusion-grid-column fusion-gallery-column fusion-gallery-column-3 hover-type-none\"><div class=\"fusion-gallery-image\"><a href=\"https:\/\/powiatlwowecki.pl\/wp-content\/uploads\/2026\/03\/WhatsApp-Image-2026-03-13-at-14.01.09b.jpeg\" rel=\"noreferrer\" data-rel=\"iLightbox[gallery_image_1]\" class=\"fusion-lightbox\" target=\"_self\"><img decoding=\"async\" src=\"https:\/\/powiatlwowecki.pl\/wp-content\/uploads\/2026\/03\/WhatsApp-Image-2026-03-13-at-14.01.09b.jpeg\" width=\"1600\" height=\"1200\" alt=\"\" title=\"WhatsApp Image 2026-03-13 at 14.01.09b\" aria-label=\"WhatsApp Image 2026-03-13 at 14.01.09b\" class=\"img-responsive wp-image-12352\" srcset=\"https:\/\/powiatlwowecki.pl\/wp-content\/uploads\/2026\/03\/WhatsApp-Image-2026-03-13-at-14.01.09b-200x150.jpeg 200w, https:\/\/powiatlwowecki.pl\/wp-content\/uploads\/2026\/03\/WhatsApp-Image-2026-03-13-at-14.01.09b-400x300.jpeg 400w, https:\/\/powiatlwowecki.pl\/wp-content\/uploads\/2026\/03\/WhatsApp-Image-2026-03-13-at-14.01.09b-600x450.jpeg 600w, https:\/\/powiatlwowecki.pl\/wp-content\/uploads\/2026\/03\/WhatsApp-Image-2026-03-13-at-14.01.09b-800x600.jpeg 800w, https:\/\/powiatlwowecki.pl\/wp-content\/uploads\/2026\/03\/WhatsApp-Image-2026-03-13-at-14.01.09b-1200x900.jpeg 1200w, https:\/\/powiatlwowecki.pl\/wp-content\/uploads\/2026\/03\/WhatsApp-Image-2026-03-13-at-14.01.09b.jpeg 1600w\" sizes=\"(min-width: 2200px) 100vw, (min-width: 784px) 397px, (min-width: 712px) 595px, (min-width: 640px) 712px, \" \/><\/a><\/div><\/div><div class=\"clearfix\"><\/div><\/div><\/div><div class=\"fusion-text fusion-text-2\"><p>Tego samego dnia odby\u0142y si\u0119 r\u00f3wnie\u017c Eliminacje Mi\u0119dzypowiatowe 52. Og\u00f3lnopolskiego M\u0142odzie\u017cowego Turnieju Turystyczno-Krajoznawczego. Tegoroczna edycja cieszy\u0142a si\u0119 wyj\u0105tkowo du\u017c\u0105 frekwencj\u0105, co potwierdza, \u017ce wydarzenie o wieloletniej tradycji nadal cieszy si\u0119 du\u017cym zainteresowaniem m\u0142odzie\u017cy. Udzia\u0142 w turnieju wymaga\u0142 od uczestnik\u00f3w wszechstronnej wiedzy teoretycznej i praktycznej, a tak\u017ce zaanga\u017cowania i solidnego przygotowania.<\/p>\n<p>S\u0142owa uznania nale\u017c\u0105 si\u0119 wszystkim uczestnikom oraz ich opiekunom za czas i trud w\u0142o\u017cony w przygotowania. Podzi\u0119kowania kierowane s\u0105 r\u00f3wnie\u017c do organizator\u00f3w: PTTK Pog\u00f3rze Izerskie z prezesem Tadeuszem S\u0142awi\u0144skim, wiceprezesem Wojciechem Kr\u00f3lem, a tak\u017ce Honoracie Kr\u00f3l i Mieczys\u0142awowi J\u00f3zefowiczowi, oraz do Miejsko-Gminnego O\u015brodka Kultury z Ann\u0105 Michalkiewicz. Wyrazy wdzi\u0119czno\u015bci nale\u017c\u0105 si\u0119 tak\u017ce przedstawicielom s\u0142u\u017cb \u2013 Magdzie W\u0142odarczyk i S\u0142awomirowi Cichucie \u2013 za ich niezast\u0105pione wsparcie. Gratulujemy wszystkim uczestnikom, a za zwyci\u0119zc\u00f3w trzymamy kciuki przed kolejnym etapem rywalizacji w Jaworze.<\/p>\n<\/div><div class=\"awb-gallery-wrapper awb-gallery-wrapper-2 button-span-no\" style=\"--more-btn-alignment:center;\"><div style=\"margin:-5px;--awb-bordersize:0px;\" class=\"fusion-gallery fusion-gallery-container fusion-grid-3 fusion-columns-total-3 fusion-gallery-layout-grid fusion-gallery-2\"><div style=\"padding:5px;\" class=\"fusion-grid-column fusion-gallery-column fusion-gallery-column-3 hover-type-none\"><div class=\"fusion-gallery-image\"><a href=\"https:\/\/powiatlwowecki.pl\/wp-content\/uploads\/2026\/03\/651021699_1355027440002848_265947626329462498_n.jpg\" rel=\"noreferrer\" data-rel=\"iLightbox[gallery_image_2]\" class=\"fusion-lightbox\" target=\"_self\"><img decoding=\"async\" src=\"https:\/\/powiatlwowecki.pl\/wp-content\/uploads\/2026\/03\/651021699_1355027440002848_265947626329462498_n.jpg\" width=\"1200\" height=\"1600\" alt=\"\" title=\"651021699_1355027440002848_265947626329462498_n\" aria-label=\"651021699_1355027440002848_265947626329462498_n\" class=\"img-responsive wp-image-12353\" srcset=\"https:\/\/powiatlwowecki.pl\/wp-content\/uploads\/2026\/03\/651021699_1355027440002848_265947626329462498_n-200x267.jpg 200w, https:\/\/powiatlwowecki.pl\/wp-content\/uploads\/2026\/03\/651021699_1355027440002848_265947626329462498_n-400x533.jpg 400w, https:\/\/powiatlwowecki.pl\/wp-content\/uploads\/2026\/03\/651021699_1355027440002848_265947626329462498_n-600x800.jpg 600w, https:\/\/powiatlwowecki.pl\/wp-content\/uploads\/2026\/03\/651021699_1355027440002848_265947626329462498_n-800x1067.jpg 800w, https:\/\/powiatlwowecki.pl\/wp-content\/uploads\/2026\/03\/651021699_1355027440002848_265947626329462498_n.jpg 1200w\" sizes=\"(min-width: 2200px) 100vw, (min-width: 784px) 397px, (min-width: 712px) 595px, (min-width: 640px) 712px, \" \/><\/a><\/div><\/div><div style=\"padding:5px;\" class=\"fusion-grid-column fusion-gallery-column fusion-gallery-column-3 hover-type-none\"><div class=\"fusion-gallery-image\"><a href=\"https:\/\/powiatlwowecki.pl\/wp-content\/uploads\/2026\/03\/651032009_1355027503336175_6461942344368772469_n.jpg\" rel=\"noreferrer\" data-rel=\"iLightbox[gallery_image_2]\" class=\"fusion-lightbox\" target=\"_self\"><img decoding=\"async\" src=\"https:\/\/powiatlwowecki.pl\/wp-content\/uploads\/2026\/03\/651032009_1355027503336175_6461942344368772469_n.jpg\" width=\"1600\" height=\"1200\" alt=\"\" title=\"651032009_1355027503336175_6461942344368772469_n\" aria-label=\"651032009_1355027503336175_6461942344368772469_n\" class=\"img-responsive wp-image-12354\" srcset=\"https:\/\/powiatlwowecki.pl\/wp-content\/uploads\/2026\/03\/651032009_1355027503336175_6461942344368772469_n-200x150.jpg 200w, https:\/\/powiatlwowecki.pl\/wp-content\/uploads\/2026\/03\/651032009_1355027503336175_6461942344368772469_n-400x300.jpg 400w, https:\/\/powiatlwowecki.pl\/wp-content\/uploads\/2026\/03\/651032009_1355027503336175_6461942344368772469_n-600x450.jpg 600w, https:\/\/powiatlwowecki.pl\/wp-content\/uploads\/2026\/03\/651032009_1355027503336175_6461942344368772469_n-800x600.jpg 800w, https:\/\/powiatlwowecki.pl\/wp-content\/uploads\/2026\/03\/651032009_1355027503336175_6461942344368772469_n-1200x900.jpg 1200w, https:\/\/powiatlwowecki.pl\/wp-content\/uploads\/2026\/03\/651032009_1355027503336175_6461942344368772469_n.jpg 1600w\" sizes=\"(min-width: 2200px) 100vw, (min-width: 784px) 397px, (min-width: 712px) 595px, (min-width: 640px) 712px, \" \/><\/a><\/div><\/div><div style=\"padding:5px;\" class=\"fusion-grid-column fusion-gallery-column fusion-gallery-column-3 hover-type-none\"><div class=\"fusion-gallery-image\"><a href=\"https:\/\/powiatlwowecki.pl\/wp-content\/uploads\/2026\/03\/651285694_1355027450002847_2587244838213537452_n.jpg\" rel=\"noreferrer\" data-rel=\"iLightbox[gallery_image_2]\" class=\"fusion-lightbox\" target=\"_self\"><img decoding=\"async\" src=\"https:\/\/powiatlwowecki.pl\/wp-content\/uploads\/2026\/03\/651285694_1355027450002847_2587244838213537452_n.jpg\" width=\"1536\" height=\"2048\" alt=\"\" title=\"651285694_1355027450002847_2587244838213537452_n\" aria-label=\"651285694_1355027450002847_2587244838213537452_n\" class=\"img-responsive wp-image-12356\" srcset=\"https:\/\/powiatlwowecki.pl\/wp-content\/uploads\/2026\/03\/651285694_1355027450002847_2587244838213537452_n-200x267.jpg 200w, https:\/\/powiatlwowecki.pl\/wp-content\/uploads\/2026\/03\/651285694_1355027450002847_2587244838213537452_n-400x533.jpg 400w, https:\/\/powiatlwowecki.pl\/wp-content\/uploads\/2026\/03\/651285694_1355027450002847_2587244838213537452_n-600x800.jpg 600w, https:\/\/powiatlwowecki.pl\/wp-content\/uploads\/2026\/03\/651285694_1355027450002847_2587244838213537452_n-800x1067.jpg 800w, https:\/\/powiatlwowecki.pl\/wp-content\/uploads\/2026\/03\/651285694_1355027450002847_2587244838213537452_n-1200x1600.jpg 1200w, https:\/\/powiatlwowecki.pl\/wp-content\/uploads\/2026\/03\/651285694_1355027450002847_2587244838213537452_n.jpg 1536w\" sizes=\"(min-width: 2200px) 100vw, (min-width: 784px) 397px, (min-width: 712px) 595px, (min-width: 640px) 712px, \" \/><\/a><\/div><\/div><div class=\"clearfix\"><\/div><\/div><\/div><div class=\"fusion-text fusion-text-3\"><p>W sobot\u0119, 14 marca, odby\u0142 si\u0119 VIII Powiatowy Konkurs Historyczny, zorganizowany przez Szko\u0142\u0119 Podstawow\u0105 nr 3 w Lw\u00f3wku \u015al\u0105skim oraz Powiatowy O\u015brodek Rozwoju Edukacji w Lw\u00f3wku \u015al\u0105skim. Tegoroczna edycja zosta\u0142a po\u015bwi\u0119cona tematyce II wojny \u015bwiatowej.<\/p>\n<p>Konkurs historyczny to niezwykle cenna inicjatywa, szczeg\u00f3lnie wa\u017cna dla m\u0142odego pokolenia. Znajomo\u015b\u0107 historii i umiej\u0119tno\u015b\u0107 wyci\u0105gania wniosk\u00f3w z przesz\u0142o\u015bci pozwalaj\u0105 lepiej rozumie\u0107 wsp\u00f3\u0142czesny \u015bwiat i bardziej \u015bwiadomie go analizowa\u0107. Uczestnicy zmierzyli si\u0119 z wymagaj\u0105c\u0105 tematyk\u0105, wykazuj\u0105c si\u0119 du\u017c\u0105 wiedz\u0105, dojrza\u0142o\u015bci\u0105 i zaanga\u017cowaniem.<\/p>\n<p>Podzi\u0119kowania kierujemy do organizator\u00f3w za perfekcyjne przygotowanie wydarzenia, a do wszystkich uczestnik\u00f3w i ich opiekun\u00f3w \u2013 za trud w\u0142o\u017cony w przygotowania do konkursu. Zdobyta wiedza z pewno\u015bci\u0105 pozostanie z nimi na d\u0142ugo i b\u0119dzie cennym wsparciem w dalszym poznawaniu historii oraz otaczaj\u0105cej rzeczywisto\u015bci.<\/p>\n<p>Minione dni\u00a0 pokaza\u0142y, jak wiele wa\u017cnych spraw dzieje si\u0119 r\u00f3wnolegle w samorz\u0105dzie powiatowym \u2013 od rozm\u00f3w o bezpiecze\u0144stwie i rozwoju regionu, po wspieranie edukacji, turystyki i \u015bwiadomo\u015bci historycznej w\u015br\u00f3d m\u0142odzie\u017cy.<\/p>\n<\/div><div class=\"awb-gallery-wrapper awb-gallery-wrapper-3 button-span-no\" style=\"--more-btn-alignment:center;\"><div style=\"margin:-5px;--awb-bordersize:0px;\" class=\"fusion-gallery fusion-gallery-container fusion-grid-3 fusion-columns-total-2 fusion-gallery-layout-grid fusion-gallery-3\"><div style=\"padding:5px;\" class=\"fusion-grid-column fusion-gallery-column fusion-gallery-column-3 hover-type-none\"><div class=\"fusion-gallery-image\"><a href=\"https:\/\/powiatlwowecki.pl\/wp-content\/uploads\/2026\/03\/651208921_1355807426591516_1858982434463280675_n.jpg\" rel=\"noreferrer\" data-rel=\"iLightbox[gallery_image_3]\" class=\"fusion-lightbox\" target=\"_self\"><img decoding=\"async\" src=\"https:\/\/powiatlwowecki.pl\/wp-content\/uploads\/2026\/03\/651208921_1355807426591516_1858982434463280675_n.jpg\" width=\"1428\" height=\"1142\" alt=\"\" title=\"651208921_1355807426591516_1858982434463280675_n\" aria-label=\"651208921_1355807426591516_1858982434463280675_n\" class=\"img-responsive wp-image-12355\" srcset=\"https:\/\/powiatlwowecki.pl\/wp-content\/uploads\/2026\/03\/651208921_1355807426591516_1858982434463280675_n-200x160.jpg 200w, https:\/\/powiatlwowecki.pl\/wp-content\/uploads\/2026\/03\/651208921_1355807426591516_1858982434463280675_n-400x320.jpg 400w, https:\/\/powiatlwowecki.pl\/wp-content\/uploads\/2026\/03\/651208921_1355807426591516_1858982434463280675_n-600x480.jpg 600w, https:\/\/powiatlwowecki.pl\/wp-content\/uploads\/2026\/03\/651208921_1355807426591516_1858982434463280675_n-800x640.jpg 800w, https:\/\/powiatlwowecki.pl\/wp-content\/uploads\/2026\/03\/651208921_1355807426591516_1858982434463280675_n-1200x960.jpg 1200w, https:\/\/powiatlwowecki.pl\/wp-content\/uploads\/2026\/03\/651208921_1355807426591516_1858982434463280675_n.jpg 1428w\" sizes=\"(min-width: 2200px) 100vw, (min-width: 784px) 397px, (min-width: 712px) 595px, (min-width: 640px) 712px, \" \/><\/a><\/div><\/div><div style=\"padding:5px;\" class=\"fusion-grid-column fusion-gallery-column fusion-gallery-column-3 hover-type-none\"><div class=\"fusion-gallery-image\"><a href=\"https:\/\/powiatlwowecki.pl\/wp-content\/uploads\/2026\/03\/652324431_1355807423258183_7846413448439521806_n.jpg\" rel=\"noreferrer\" data-rel=\"iLightbox[gallery_image_3]\" class=\"fusion-lightbox\" target=\"_self\"><img decoding=\"async\" src=\"https:\/\/powiatlwowecki.pl\/wp-content\/uploads\/2026\/03\/652324431_1355807423258183_7846413448439521806_n.jpg\" width=\"1426\" height=\"1052\" alt=\"\" title=\"652324431_1355807423258183_7846413448439521806_n\" aria-label=\"652324431_1355807423258183_7846413448439521806_n\" class=\"img-responsive wp-image-12357\" srcset=\"https:\/\/powiatlwowecki.pl\/wp-content\/uploads\/2026\/03\/652324431_1355807423258183_7846413448439521806_n-200x148.jpg 200w, https:\/\/powiatlwowecki.pl\/wp-content\/uploads\/2026\/03\/652324431_1355807423258183_7846413448439521806_n-400x295.jpg 400w, https:\/\/powiatlwowecki.pl\/wp-content\/uploads\/2026\/03\/652324431_1355807423258183_7846413448439521806_n-600x443.jpg 600w, https:\/\/powiatlwowecki.pl\/wp-content\/uploads\/2026\/03\/652324431_1355807423258183_7846413448439521806_n-800x590.jpg 800w, https:\/\/powiatlwowecki.pl\/wp-content\/uploads\/2026\/03\/652324431_1355807423258183_7846413448439521806_n-1200x885.jpg 1200w, https:\/\/powiatlwowecki.pl\/wp-content\/uploads\/2026\/03\/652324431_1355807423258183_7846413448439521806_n.jpg 1426w\" sizes=\"(min-width: 2200px) 100vw, (min-width: 784px) 397px, (min-width: 712px) 595px, (min-width: 640px) 712px, \" \/><\/a><\/div><\/div><\/div><\/div><\/div><\/div><\/div><\/div>\n","protected":false},"excerpt":{"rendered":"","protected":false},"author":8,"featured_media":12350,"comment_status":"closed","ping_status":"closed","sticky":false,"template":"","format":"standard","meta":{"_acf_changed":false,"footnotes":""},"categories":[5],"tags":[],"class_list":["post-12358","post","type-post","status-publish","format-standard","has-post-thumbnail","hentry","category-aktualnosci"],"acf":{"kal_data_wydarzenia":""},"_links":{"self":[{"href":"https:\/\/powiatlwowecki.pl\/plci_json_endpoint\/wp\/v2\/posts\/12358","targetHints":{"allow":["GET"]}}],"collection":[{"href":"https:\/\/powiatlwowecki.pl\/plci_json_endpoint\/wp\/v2\/posts"}],"about":[{"href":"https:\/\/powiatlwowecki.pl\/plci_json_endpoint\/wp\/v2\/types\/post"}],"author":[{"embeddable":true,"href":"https:\/\/powiatlwowecki.pl\/plci_json_endpoint\/wp\/v2\/users\/8"}],"replies":[{"embeddable":true,"href":"https:\/\/powiatlwowecki.pl\/plci_json_endpoint\/wp\/v2\/comments?post=12358"}],"version-history":[{"count":2,"href":"https:\/\/powiatlwowecki.pl\/plci_json_endpoint\/wp\/v2\/posts\/12358\/revisions"}],"predecessor-version":[{"id":12360,"href":"https:\/\/powiatlwowecki.pl\/plci_json_endpoint\/wp\/v2\/posts\/12358\/revisions\/12360"}],"wp:featuredmedia":[{"embeddable":true,"href":"https:\/\/powiatlwowecki.pl\/plci_json_endpoint\/wp\/v2\/media\/12350"}],"wp:attachment":[{"href":"https:\/\/powiatlwowecki.pl\/plci_json_endpoint\/wp\/v2\/media?parent=12358"}],"wp:term":[{"taxonomy":"category","embeddable":true,"href":"https:\/\/powiatlwowecki.pl\/plci_json_endpoint\/wp\/v2\/categories?post=12358"},{"taxonomy":"post_tag","embeddable":true,"href":"https:\/\/powiatlwowecki.pl\/plci_json_endpoint\/wp\/v2\/tags?post=12358"}],"curies":[{"name":"wp","href":"https:\/\/api.w.org\/{rel}","templated":true}]}}