{"id":12345,"date":"2026-03-16T08:17:46","date_gmt":"2026-03-16T07:17:46","guid":{"rendered":"https:\/\/powiatlwowecki.pl\/?p=12345"},"modified":"2026-03-16T08:18:27","modified_gmt":"2026-03-16T07:18:27","slug":"dofinansowanie-wynagrodzen-rodzin-zastepczych-zawodowych-i-prowadzacych-rodzinne-domy-dziecka-na-lata-2024-2027-3","status":"publish","type":"post","link":"https:\/\/powiatlwowecki.pl\/dofinansowanie-wynagrodzen-rodzin-zastepczych-zawodowych-i-prowadzacych-rodzinne-domy-dziecka-na-lata-2024-2027-3\/","title":{"rendered":"Dofinansowanie wynagrodze\u0144 rodzin zast\u0119pczych zawodowych i prowadz\u0105cych rodzinne domy dziecka  na lata 2024-2027"},"content":{"rendered":"<p><img decoding=\"async\" class=\"wp-image-11633 aligncenter\" src=\"https:\/\/powiatlwowecki.pl\/wp-content\/uploads\/2026\/01\/Projekt-bez-nazwy7-300x189.jpg\" alt=\"\" width=\"375\" height=\"236\" srcset=\"https:\/\/powiatlwowecki.pl\/wp-content\/uploads\/2026\/01\/Projekt-bez-nazwy7-24x15.jpg 24w, https:\/\/powiatlwowecki.pl\/wp-content\/uploads\/2026\/01\/Projekt-bez-nazwy7-36x23.jpg 36w, https:\/\/powiatlwowecki.pl\/wp-content\/uploads\/2026\/01\/Projekt-bez-nazwy7-48x30.jpg 48w, https:\/\/powiatlwowecki.pl\/wp-content\/uploads\/2026\/01\/Projekt-bez-nazwy7-200x126.jpg 200w, https:\/\/powiatlwowecki.pl\/wp-content\/uploads\/2026\/01\/Projekt-bez-nazwy7-300x189.jpg 300w, https:\/\/powiatlwowecki.pl\/wp-content\/uploads\/2026\/01\/Projekt-bez-nazwy7-320x202.jpg 320w, https:\/\/powiatlwowecki.pl\/wp-content\/uploads\/2026\/01\/Projekt-bez-nazwy7-400x253.jpg 400w, https:\/\/powiatlwowecki.pl\/wp-content\/uploads\/2026\/01\/Projekt-bez-nazwy7-600x379.jpg 600w, https:\/\/powiatlwowecki.pl\/wp-content\/uploads\/2026\/01\/Projekt-bez-nazwy7-700x441.jpg 700w, https:\/\/powiatlwowecki.pl\/wp-content\/uploads\/2026\/01\/Projekt-bez-nazwy7.jpg 760w\" sizes=\"(max-width: 375px) 100vw, 375px\" \/>Uchwa\u0142\u0105 nr 61 Rady Ministr\u00f3w z dnia 19 czerwca 2024 r. przyj\u0119to rz\u0105dowy program \u201eDofinansowanie wynagrodze\u0144 rodzin zast\u0119pczych zawodowych i prowadz\u0105cych rodzinne domy dziecka \u00a0na lata 2024-2027\u201d<\/p>\n<p>Powiat Lw\u00f3wecki pozyska\u0142 \u015brodki finansowe w ramach ww. programu w\u00a02026\u00a0r.\u00a0 w\u00a0kwocie <em>\u00a080\u00a0418,24 z\u0142.\u00a0<\/em><\/p>\n<p><em>Umow\u0119 zawarto 9 marca 2026 r.<\/em><\/p>\n<p>Celem Programu jest pomoc w realizacji zada\u0144 w\u0142asnych powiatu z zakresu wspierania rodziny oraz systemu pieczy zast\u0119pczej przez dofinansowanie wynagrodze\u0144 przys\u0142uguj\u0105cym rodzinom zast\u0119pczym i prowadz\u0105cym rodzinne domy dziecka.<\/p>\n<p>Dofinansowanie jest realizowane w formie dodatku do wynagrodzenia w wysoko\u015bci 1000 z\u0142 brutto miesi\u0119cznie w okresie od 1 stycznia 2026 r. do 31 grudnia 2026 r.<\/p>\n<p>\u0179r\u00f3d\u0142em finansowania programu s\u0105 \u015brodki Funduszu Pracy.<\/p>\n<p><img decoding=\"async\" class=\" wp-image-12347 aligncenter\" src=\"https:\/\/powiatlwowecki.pl\/wp-content\/uploads\/2026\/03\/plakat__budzet__panstwa__420x297-212x300.jpg\" alt=\"\" width=\"542\" height=\"767\" srcset=\"https:\/\/powiatlwowecki.pl\/wp-content\/uploads\/2026\/03\/plakat__budzet__panstwa__420x297-17x24.jpg 17w, https:\/\/powiatlwowecki.pl\/wp-content\/uploads\/2026\/03\/plakat__budzet__panstwa__420x297-25x36.jpg 25w, https:\/\/powiatlwowecki.pl\/wp-content\/uploads\/2026\/03\/plakat__budzet__panstwa__420x297-34x48.jpg 34w, https:\/\/powiatlwowecki.pl\/wp-content\/uploads\/2026\/03\/plakat__budzet__panstwa__420x297-200x283.jpg 200w, https:\/\/powiatlwowecki.pl\/wp-content\/uploads\/2026\/03\/plakat__budzet__panstwa__420x297-212x300.jpg 212w, https:\/\/powiatlwowecki.pl\/wp-content\/uploads\/2026\/03\/plakat__budzet__panstwa__420x297-400x566.jpg 400w, https:\/\/powiatlwowecki.pl\/wp-content\/uploads\/2026\/03\/plakat__budzet__panstwa__420x297-600x849.jpg 600w, https:\/\/powiatlwowecki.pl\/wp-content\/uploads\/2026\/03\/plakat__budzet__panstwa__420x297-724x1024.jpg 724w, https:\/\/powiatlwowecki.pl\/wp-content\/uploads\/2026\/03\/plakat__budzet__panstwa__420x297-768x1086.jpg 768w, https:\/\/powiatlwowecki.pl\/wp-content\/uploads\/2026\/03\/plakat__budzet__panstwa__420x297-800x1131.jpg 800w, https:\/\/powiatlwowecki.pl\/wp-content\/uploads\/2026\/03\/plakat__budzet__panstwa__420x297-1086x1536.jpg 1086w, https:\/\/powiatlwowecki.pl\/wp-content\/uploads\/2026\/03\/plakat__budzet__panstwa__420x297-1200x1697.jpg 1200w, https:\/\/powiatlwowecki.pl\/wp-content\/uploads\/2026\/03\/plakat__budzet__panstwa__420x297-1448x2048.jpg 1448w, https:\/\/powiatlwowecki.pl\/wp-content\/uploads\/2026\/03\/plakat__budzet__panstwa__420x297-scaled.jpg 1810w\" sizes=\"(max-width: 542px) 100vw, 542px\" \/><\/p>\n<p>&nbsp;<\/p>\n<p>&nbsp;<\/p>\n","protected":false},"excerpt":{"rendered":"<p>Uchwa\u0142\u0105 nr 61 Rady Ministr\u00f3w z dnia 19 czerwca 2024 r. przyj\u0119to rz\u0105dowy program \u201eDofinansowanie wynagrodze\u0144 rodzin zast\u0119pczych zawodowych i prowadz\u0105cych rodzinne domy dziecka \u00a0na lata 2024-2027\u201d Powiat Lw\u00f3wecki pozyska\u0142 \u015brodki finansowe w ramach ww.  [&#8230;]<\/p>\n","protected":false},"author":8,"featured_media":11633,"comment_status":"closed","ping_status":"closed","sticky":false,"template":"","format":"standard","meta":{"_acf_changed":false,"footnotes":""},"categories":[5,88],"tags":[],"class_list":["post-12345","post","type-post","status-publish","format-standard","has-post-thumbnail","hentry","category-aktualnosci","category-fundusze-zewnetrzne"],"acf":{"kal_data_wydarzenia":""},"_links":{"self":[{"href":"https:\/\/powiatlwowecki.pl\/plci_json_endpoint\/wp\/v2\/posts\/12345","targetHints":{"allow":["GET"]}}],"collection":[{"href":"https:\/\/powiatlwowecki.pl\/plci_json_endpoint\/wp\/v2\/posts"}],"about":[{"href":"https:\/\/powiatlwowecki.pl\/plci_json_endpoint\/wp\/v2\/types\/post"}],"author":[{"embeddable":true,"href":"https:\/\/powiatlwowecki.pl\/plci_json_endpoint\/wp\/v2\/users\/8"}],"replies":[{"embeddable":true,"href":"https:\/\/powiatlwowecki.pl\/plci_json_endpoint\/wp\/v2\/comments?post=12345"}],"version-history":[{"count":2,"href":"https:\/\/powiatlwowecki.pl\/plci_json_endpoint\/wp\/v2\/posts\/12345\/revisions"}],"predecessor-version":[{"id":12348,"href":"https:\/\/powiatlwowecki.pl\/plci_json_endpoint\/wp\/v2\/posts\/12345\/revisions\/12348"}],"wp:featuredmedia":[{"embeddable":true,"href":"https:\/\/powiatlwowecki.pl\/plci_json_endpoint\/wp\/v2\/media\/11633"}],"wp:attachment":[{"href":"https:\/\/powiatlwowecki.pl\/plci_json_endpoint\/wp\/v2\/media?parent=12345"}],"wp:term":[{"taxonomy":"category","embeddable":true,"href":"https:\/\/powiatlwowecki.pl\/plci_json_endpoint\/wp\/v2\/categories?post=12345"},{"taxonomy":"post_tag","embeddable":true,"href":"https:\/\/powiatlwowecki.pl\/plci_json_endpoint\/wp\/v2\/tags?post=12345"}],"curies":[{"name":"wp","href":"https:\/\/api.w.org\/{rel}","templated":true}]}}