{"id":12328,"date":"2026-03-13T11:52:05","date_gmt":"2026-03-13T10:52:05","guid":{"rendered":"https:\/\/powiatlwowecki.pl\/?p=12328"},"modified":"2026-03-13T11:52:05","modified_gmt":"2026-03-13T10:52:05","slug":"ponad-15-tys-druzyn-zglosilo-sie-do-xxvi-edycji-pucharu-tymbark","status":"publish","type":"post","link":"https:\/\/powiatlwowecki.pl\/ponad-15-tys-druzyn-zglosilo-sie-do-xxvi-edycji-pucharu-tymbark\/","title":{"rendered":"Ponad 15 tys. dru\u017cyn zg\u0142osi\u0142o si\u0119 do XXVI edycji Pucharu Tymbark"},"content":{"rendered":"<div class=\"fusion-fullwidth fullwidth-box fusion-builder-row-1 fusion-flex-container nonhundred-percent-fullwidth non-hundred-percent-height-scrolling\" style=\"--awb-border-radius-top-left:0px;--awb-border-radius-top-right:0px;--awb-border-radius-bottom-right:0px;--awb-border-radius-bottom-left:0px;--awb-flex-wrap:wrap;\" ><div class=\"fusion-builder-row fusion-row fusion-flex-align-items-flex-start fusion-flex-content-wrap\" style=\"max-width:1248px;margin-left: calc(-4% \/ 2 );margin-right: calc(-4% \/ 2 );\"><div class=\"fusion-layout-column fusion_builder_column fusion-builder-column-0 fusion_builder_column_1_1 1_1 fusion-flex-column\" style=\"--awb-bg-size:cover;--awb-width-large:100%;--awb-margin-top-large:0px;--awb-spacing-right-large:1.92%;--awb-margin-bottom-large:0px;--awb-spacing-left-large:1.92%;--awb-width-medium:100%;--awb-spacing-right-medium:1.92%;--awb-spacing-left-medium:1.92%;--awb-width-small:100%;--awb-spacing-right-small:1.92%;--awb-spacing-left-small:1.92%;\"><div class=\"fusion-column-wrapper fusion-flex-justify-content-flex-start fusion-content-layout-column\"><div class=\"fusion-text fusion-text-1\"><p><strong>Do najwi\u0119kszego turnieju pi\u0142karskiego dla dzieci w Europie dru\u017cyny zg\u0142osi\u0142a co trzecia szko\u0142a podstawowa w kraju. Reprezentacj\u0119 ma ka\u017cdy powiat, co potwierdza og\u00f3lnopolski zasi\u0119g i skal\u0119 rozgrywek. Najwi\u0119ksz\u0105 aktywno\u015bci\u0105 wykaza\u0142o si\u0119 wojew\u00f3dztwo lubelskie, wyra\u017any lider tegorocznych zg\u0142osze\u0144. Na podium znalaz\u0142y si\u0119 r\u00f3wnie\u017c wojew\u00f3dztwa mazowieckie i wielkopolskie.<\/strong><\/p>\n<p>Tegoroczna edycja Pucharu Tymbark cieszy si\u0119 ogromnym zainteresowaniem \u2013 do rozgrywek zg\u0142osi\u0142o si\u0119 ponad 15 tys. dru\u017cyn ze wszystkich powiat\u00f3w w Polsce. To wyra\u017any sygna\u0142, \u017ce pi\u0142ka no\u017cna pozostaje najpopularniejszym wyborem aktywno\u015bci fizycznej dla najm\u0142odszych, a Puchar Tymbark skutecznie dociera do dzieci z ka\u017cdego regionu kraju. Dzi\u0119ki temu turniej od lat pe\u0142ni wyj\u0105tkow\u0105 rol\u0119 \u2013 dla tysi\u0119cy dziewczynek i ch\u0142opc\u00f3w jest pierwszym sportowym do\u015bwiadczeniem, szans\u0105 na odkrycie talentu, spe\u0142nienie marze\u0144 i prze\u017cycie pi\u0142karskiej przygody.<\/p>\n<p>\u2013 <em>Tegoroczna edycja Pucharu Tymbark potwierdza, jak silnym i potrzebnym projektem jest ten turniej. Notujemy rekordow\u0105 po pandemii liczb\u0119 zg\u0142osze\u0144, a dru\u017cyny reprezentuj\u0105 wszystkie powiaty w Polsce. To dow\u00f3d, \u017ce szko\u0142y widz\u0105 w Pucharze Tymbark realne wsparcie w promowaniu aktywno\u015bci fizycznej i zdrowego stylu \u017cycia w\u015br\u00f3d dzieci<\/em> \u2013 m\u00f3wi wiceprezes PZPN ds. pi\u0142karstwa amatorskiego Tomasz Garbowski. \u2013 <em>Puchar Tymbark to jednak znacznie wi\u0119cej ni\u017c rywalizacja sportowa. To nauka gry w pi\u0142k\u0119 no\u017cn\u0105 w duchu fair play, rozwijanie umiej\u0119tno\u015bci interpersonalnych, odpowiedzialno\u015bci i wsp\u00f3\u0142pracy w grupie. Od lat wychowujemy kolejne pokolenia reprezentantek i reprezentant\u00f3w Polski, a jednocze\u015bnie dajemy tysi\u0105com dzieci pierwsze, cz\u0119sto najwa\u017cniejsze do\u015bwiadczenie sportowe. <\/em>\u2013 dodaje.<\/p>\n<p>\u2013 <em>Puchar Tymbark to flagowy projekt CSR Grupy Maspex i jednocze\u015bnie nasza najd\u0142u\u017csza, bo ju\u017c 20-letnia inwestycja w polski sport. Ten turniej idealnie wpisuje si\u0119 w DNA marki Tymbark, bo dzi\u0119ki niemu promujemy sport i aktywno\u015b\u0107 fizyczn\u0105 dok\u0142adnie tam, gdzie ma to najwi\u0119kszy potencja\u0142 \u2013 w\u015br\u00f3d dzieci. 15 tys. dru\u017cyn na starcie XXVI edycji\u00a0Pucharu Tymbark \u015bwiadczy nie tylko o skali i zasi\u0119gu rozgrywek, ale r\u00f3wnie\u017c pokazuje, \u017ce turniej\u00a0ca\u0142y czas ma przestrze\u0144 do rozwoju. To tak\u017ce potwierdzenie, \u017ce pi\u0142ka no\u017cna nadal budzi w\u015br\u00f3d najm\u0142odszych du\u017cy entuzjazm. Wychodzimy z prostego za\u0142o\u017cenia: nie b\u0119dzie rozwoju polskiego futbolu bez masowego grania od najm\u0142odszych lat. Puchar Tymbark \u0142\u0105czymy ze wspieraniem Reprezentacji Polski \u2013 bo w tym turnieju gra\u0142a ju\u017c po\u0142owa zawodnik\u00f3w i zawodniczek naszej seniorskiej kadry. <\/em>\u2013 m\u00f3wi\u00a0Krzysztof Pawi\u0144ski, prezes i\u00a0wsp\u00f3\u0142w\u0142a\u015bciciel Grupy Maspex, do kt\u00f3rej nale\u017cy marka Tymbark.<\/p>\n<p><strong>Z podw\u00f3rka do reprezentacji Polski<\/strong><\/p>\n<p>W Pucharze Tymbark rywalizuj\u0105 dru\u017cyny z du\u017cych miast, mniejszych miejscowo\u015bci i teren\u00f3w wiejskich, co sprawia, \u017ce rozgrywki s\u0105 dost\u0119pne dla dzieci niezale\u017cnie od miejsca zamieszkania czy sportowego zaplecza. Turniej od lat \u0142\u0105czy sport z edukacj\u0105 i promocj\u0105 zdrowego stylu \u017cycia. Dla wielu szk\u00f3\u0142 i lokalnych spo\u0142eczno\u015bci to jedno z najwa\u017cniejszych wydarze\u0144 sportowych w roku, anga\u017cuj\u0105ce nie tylko dzieci, lecz tak\u017ce nauczycieli, trener\u00f3w i rodzic\u00f3w.<\/p>\n<p>Puchar Tymbark to tak\u017ce wa\u017cny punkt startowy w pi\u0142karskiej drodze wielu zawodniczek i zawodnik\u00f3w. W\u015br\u00f3d by\u0142ych uczestnik\u00f3w znajduj\u0105 si\u0119 reprezentanci Polski m.in. Krzysztof Pi\u0105tek, Piotr Zieli\u0144ski, Jakub Moder, Sebastian Szyma\u0144ski, Adam Buksa, Bart\u0142omiej Dr\u0105gowski, Jakub Kiwior, Oskar Pietuszewski, Karol \u015awiderski czy Jakub Kami\u0144ski, kt\u00f3ry wielokrotnie podkre\u015bla\u0142 rol\u0119 turnieju na pocz\u0105tku swojej sportowej kariery.<\/p>\n<p>\u2013 <em>Sam mia\u0142em okazj\u0119 bra\u0107 udzia\u0142 w Pucharze Tymbark i bardzo dobrze to wspominam. Z roku na rok przybywa zespo\u0142\u00f3w i zawodnik\u00f3w, a poziom sportowy ro\u015bnie. To \u015bwietna inicjatywa i turniej, kt\u00f3ry mocno rozwija pod k\u0105tem pi\u0142karskim. Zawsze b\u0119d\u0119 zach\u0119ca\u0142 do udzia\u0142u, bo mo\u017cna prze\u017cy\u0107 co\u015b, co zostaje w pami\u0119ci na ca\u0142e \u017cycie<\/em> \u2013 m\u00f3wi Jakub Kami\u0144ski, reprezentant Polski i by\u0142y uczestnik Pucharu Tymbark. \u2013 <em>Trzymam kciuki, aby napisa\u0142a si\u0119 kolejna pi\u0119kna historia. To jest mo\u017cliwe, co pokazuj\u0105 liczne przyk\u0142ady obecnych reprezentant\u00f3w, kt\u00f3rzy maj\u0105 za sob\u0105 gr\u0119 w tym turnieju <\/em>\u2013 dodaje.<\/p>\n<p>Ju\u017c po\u0142owa reprezentacji Polski zar\u00f3wno m\u0119skiej prowadzonej przez Jana Urbana, jak i kobiecej, kt\u00f3rej selekcjonerk\u0105 jest Nina Patalon, to zawodnicy i zawodniczki, kt\u00f3rzy grali w Pucharze Tymbark. W kadrach m\u0142odzie\u017cowych by\u0142ych uczestnik\u00f3w turnieju jest jeszcze wi\u0119cej. W reprezentacji U-17 m\u0119\u017cczyzn, kt\u00f3ra wywalczy\u0142a w 2023 roku trzecie miejsce na ME, blisko 70 proc. stanowili uczestnicy Pucharu Tymbark, a w kadrze kobiet U-17, kt\u00f3ra na ME wywalczy\u0142a 5. miejsce 86 proc. zespo\u0142u to uczestniczki Pucharu Tymbark.<\/p>\n<p>Od 2023 roku Puchar Tymbark i jego uczestnicy s\u0105 oficjalnym partnerem pi\u0142karskiej reprezentacji Polski, a mecze fina\u0142owe odbywaj\u0105 si\u0119 przed meczami kadry.<\/p>\n<p><strong>Puchar Tymbark od \u0107wier\u0107 wieku wspiera rozw\u00f3j pi\u0142ki dziewcz\u0119cej<\/strong><\/p>\n<p>Znaczenie Pucharu Tymbark wykracza poza sportow\u0105 rywalizacj\u0119. Turniej jest jednym z kluczowych filar\u00f3w systemu pi\u0142ki amatorskiej i grassroots w Polsce \u2013 przestrzeni\u0105, w kt\u00f3rej futbol \u0142\u0105czy si\u0119 z powszechn\u0105 dost\u0119pno\u015bci\u0105 oraz rado\u015bci\u0105 z gry. Odgrywa r\u00f3wnie\u017c istotn\u0105 rol\u0119 w popularyzacji pi\u0142ki no\u017cnej w\u015br\u00f3d dziewczynek. Z roku na rok ro\u015bnie liczba dru\u017cyn dziewcz\u0119cych, co przek\u0142ada si\u0119 na coraz wi\u0119ksz\u0105 obecno\u015b\u0107 kobiet na kolejnych etapach szkolenia. To w\u0142a\u015bnie w Pucharze Tymbark swoje pierwsze pi\u0142karskie kroki stawia\u0142y m.in. Ewa Pajor, Paulina Dudek, Dominika Grabowska czy Nadia Krezyman, dzi\u015b z sukcesami reprezentuj\u0105ce Polsk\u0119 na arenie mi\u0119dzynarodowej. <strong>W XXVI edycji liczba zg\u0142oszonych dru\u017cyn dziewcz\u0119cych wzros\u0142a o 16 proc. w por\u00f3wnaniu z ubieg\u0142ym rokiem, a dziewcz\u0119ta stanowi\u0105 24 proc. wszystkich uczestnik\u00f3w.<\/strong> Dane te potwierdzaj\u0105 rosn\u0105c\u0105 popularno\u015b\u0107 pi\u0142ki no\u017cnej w\u015br\u00f3d m\u0142odych zawodniczek.<\/p>\n<p>\u2013 <em>Takie inicjatywy maj\u0105 kluczowe znaczenie, bo daj\u0105 dziewczynkom poczucie, \u017ce s\u0105 cz\u0119\u015bci\u0105 wi\u0119kszej historii. To nie tylko turniej, ale do\u015bwiadczenie buduj\u0105ce pewno\u015b\u0107 siebie, ucz\u0105ce wsp\u00f3\u0142pracy i pokazuj\u0105ce, \u017ce sport mo\u017ce by\u0107 przestrzeni\u0105 rozwoju. Bardzo cz\u0119sto udzia\u0142 w Pucharze Tymbark sprawia, \u017ce dziewczynka decyduje si\u0119 kontynuowa\u0107 treningi i uwierzy\u0107 w swoje mo\u017cliwo\u015bci. Z perspektywy systemu szkolenia to pierwszy, ale niezwykle wa\u017cny krok <\/em>\u2013 podkre\u015bla selekcjonerka reprezentacji Polski kobiet Nina Patalon.<\/p>\n<p><strong>Ca\u0142a Polska gra w Pucharze Tymbark. Rywalizacja wojew\u00f3dztw<\/strong><\/p>\n<p>Do udzia\u0142u w XXVI edycji Pucharu Tymbark zg\u0142osi\u0142o si\u0119 ponad 15 tys. dru\u017cyn z ca\u0142ej Polski, z czego 2263 pochodzi\u0142y z wojew\u00f3dztwa lubelskiego, kt\u00f3re zosta\u0142o liderem tegorocznych zg\u0142osze\u0144. Ponad 1000 dru\u017cyn zarejestrowano r\u00f3wnie\u017c w wojew\u00f3dztwach: mazowieckim (1482), wielkopolskim (1318), ma\u0142opolskim (1253) oraz \u015bl\u0105skim (1141). W por\u00f3wnaniu z ubieg\u0142ym rokiem najwi\u0119ksz\u0105 dynamik\u0119 wzrostu odnotowa\u0142o wojew\u00f3dztwo lubelskie (+104 proc. r\/r), lideruj\u0105c pod tym wzgl\u0119dem we wszystkich kategoriach.<\/p>\n<p><strong>Czas na pierwszy gwizdek!<\/strong><\/p>\n<p>Zgodnie z formu\u0142\u0105 turnieju dru\u017cyny rozpoczn\u0105 rywalizacj\u0119 od etap\u00f3w gminnych i powiatowych, nast\u0119pnie wojew\u00f3dzkich, by ostatecznie walczy\u0107 o Nagrod\u0119 G\u0142\u00f3wn\u0105 w Finale Og\u00f3lnopolskim. Etapy gminne i powiatowe zostan\u0105 rozegrane w marcu i kwietniu, natomiast 16 fina\u0142\u00f3w wojew\u00f3dzkich zaplanowano na maj. Podobnie jak w poprzednich edycjach, zmagania w kategorii U-8 zako\u0144cz\u0105 si\u0119 na etapie wojew\u00f3dzkim, a starsze dru\u017cyny spotkaj\u0105 si\u0119 w czerwcu podczas Fina\u0142u Og\u00f3lnopolskiego.<\/p>\n<p>Rodzice mog\u0105 zg\u0142asza\u0107 dzieci do dru\u017cyn bior\u0105cych udzia\u0142 w turnieju do momentu rozpocz\u0119cia rozgrywek w danym regionie. W procesie rejestracji wsparcia udzielaj\u0105 koordynatorzy regionalni i wojew\u00f3dzcy, a tak\u017ce specjalnie przygotowany tutorial dla rodzic\u00f3w.<\/p>\n<p>W sk\u0142ad Komitetu Honorowego XXVI edycji Pucharu Tymbark wchodz\u0105 Minister Sportu i Turystyki, Minister Edukacji oraz Minister Zdrowia.<\/p>\n<p><strong>KONTAKT DLA MEDI\u00d3W DOT. PUCHARU TYMBARK<\/strong><\/p>\n<p><strong>\u00a0<\/strong><\/p>\n<p><strong>Malwina Koz\u0142owska-Prokopowicz \u2013 Polski Zwi\u0105zek Pi\u0142ki No\u017cnej<\/strong><\/p>\n<p>Specjalistka ds. promocji i komunikacji pi\u0142ki kobiecej i inicjatyw grassroots<\/p>\n<p>Departament Komunikacji i Medi\u00f3w<\/p>\n<p>E-mail: <a href=\"mailto:malwina.kozlowska@pzpn.pl\">malwina.kozlowska@pzpn.pl<\/a><br \/>\nT: +48\u00a0785\u00a0401 481<\/p>\n<p><strong>Daniel Kara\u015b \u2013 Grupa Maspex\/Tymbark<\/strong><\/p>\n<p>Rzecznik Prasowy i Manager ds.\u00a0CSR\u00a0Grupy\u00a0Maspex<\/p>\n<p>E-mail: <a href=\"mailto:d.karas@maspex.com\">d.karas@maspex.com<\/a><\/p>\n<p>T: 33 870 84 55<\/p>\n<\/div><div class=\"awb-gallery-wrapper awb-gallery-wrapper-1 button-span-no\" style=\"--more-btn-alignment:center;\"><div style=\"margin:-5px;--awb-bordersize:0px;\" class=\"fusion-gallery fusion-gallery-container fusion-grid-3 fusion-columns-total-4 fusion-gallery-layout-grid fusion-gallery-1\"><div style=\"padding:5px;\" class=\"fusion-grid-column fusion-gallery-column fusion-gallery-column-3 hover-type-none\"><div class=\"fusion-gallery-image\"><a href=\"https:\/\/powiatlwowecki.pl\/wp-content\/uploads\/2026\/03\/Liczba-zgloszonych-druzyn-w-wojewodztwie.jpg\" rel=\"noreferrer\" data-rel=\"iLightbox[gallery_image_1]\" class=\"fusion-lightbox\" target=\"_self\"><img decoding=\"async\" src=\"https:\/\/powiatlwowecki.pl\/wp-content\/uploads\/2026\/03\/Liczba-zgloszonych-druzyn-w-wojewodztwie.jpg\" width=\"2000\" height=\"2500\" alt=\"\" title=\"Liczba zg\u0142oszonych dru\u017cyn w wojew\u00f3dztwie\" aria-label=\"Liczba zg\u0142oszonych dru\u017cyn w wojew\u00f3dztwie\" class=\"img-responsive wp-image-12324\" srcset=\"https:\/\/powiatlwowecki.pl\/wp-content\/uploads\/2026\/03\/Liczba-zgloszonych-druzyn-w-wojewodztwie-200x250.jpg 200w, https:\/\/powiatlwowecki.pl\/wp-content\/uploads\/2026\/03\/Liczba-zgloszonych-druzyn-w-wojewodztwie-400x500.jpg 400w, https:\/\/powiatlwowecki.pl\/wp-content\/uploads\/2026\/03\/Liczba-zgloszonych-druzyn-w-wojewodztwie-600x750.jpg 600w, https:\/\/powiatlwowecki.pl\/wp-content\/uploads\/2026\/03\/Liczba-zgloszonych-druzyn-w-wojewodztwie-800x1000.jpg 800w, https:\/\/powiatlwowecki.pl\/wp-content\/uploads\/2026\/03\/Liczba-zgloszonych-druzyn-w-wojewodztwie-1200x1500.jpg 1200w, https:\/\/powiatlwowecki.pl\/wp-content\/uploads\/2026\/03\/Liczba-zgloszonych-druzyn-w-wojewodztwie.jpg 2000w\" sizes=\"(min-width: 2200px) 100vw, (min-width: 784px) 397px, (min-width: 712px) 595px, (min-width: 640px) 712px, \" \/><\/a><\/div><\/div><div style=\"padding:5px;\" class=\"fusion-grid-column fusion-gallery-column fusion-gallery-column-3 hover-type-none\"><div class=\"fusion-gallery-image\"><a href=\"https:\/\/powiatlwowecki.pl\/wp-content\/uploads\/2026\/03\/Statystyki-PT.jpg\" rel=\"noreferrer\" data-rel=\"iLightbox[gallery_image_1]\" class=\"fusion-lightbox\" target=\"_self\"><img decoding=\"async\" src=\"https:\/\/powiatlwowecki.pl\/wp-content\/uploads\/2026\/03\/Statystyki-PT.jpg\" width=\"1800\" height=\"2250\" alt=\"\" title=\"Statystyki PT\" aria-label=\"Statystyki PT\" class=\"img-responsive wp-image-12325\" srcset=\"https:\/\/powiatlwowecki.pl\/wp-content\/uploads\/2026\/03\/Statystyki-PT-200x250.jpg 200w, https:\/\/powiatlwowecki.pl\/wp-content\/uploads\/2026\/03\/Statystyki-PT-400x500.jpg 400w, https:\/\/powiatlwowecki.pl\/wp-content\/uploads\/2026\/03\/Statystyki-PT-600x750.jpg 600w, https:\/\/powiatlwowecki.pl\/wp-content\/uploads\/2026\/03\/Statystyki-PT-800x1000.jpg 800w, https:\/\/powiatlwowecki.pl\/wp-content\/uploads\/2026\/03\/Statystyki-PT-1200x1500.jpg 1200w, https:\/\/powiatlwowecki.pl\/wp-content\/uploads\/2026\/03\/Statystyki-PT.jpg 1800w\" sizes=\"(min-width: 2200px) 100vw, (min-width: 784px) 397px, (min-width: 712px) 595px, (min-width: 640px) 712px, \" \/><\/a><\/div><\/div><div style=\"padding:5px;\" class=\"fusion-grid-column fusion-gallery-column fusion-gallery-column-3 hover-type-none\"><div class=\"fusion-gallery-image\"><a href=\"https:\/\/powiatlwowecki.pl\/wp-content\/uploads\/2026\/03\/PT_6-scaled.jpg\" rel=\"noreferrer\" data-rel=\"iLightbox[gallery_image_1]\" class=\"fusion-lightbox\" target=\"_self\"><img decoding=\"async\" src=\"https:\/\/powiatlwowecki.pl\/wp-content\/uploads\/2026\/03\/PT_6-scaled.jpg\" width=\"2560\" height=\"1707\" alt=\"\" title=\"PT_6\" aria-label=\"PT_6\" class=\"img-responsive wp-image-12326\" srcset=\"https:\/\/powiatlwowecki.pl\/wp-content\/uploads\/2026\/03\/PT_6-200x133.jpg 200w, https:\/\/powiatlwowecki.pl\/wp-content\/uploads\/2026\/03\/PT_6-400x267.jpg 400w, https:\/\/powiatlwowecki.pl\/wp-content\/uploads\/2026\/03\/PT_6-600x400.jpg 600w, https:\/\/powiatlwowecki.pl\/wp-content\/uploads\/2026\/03\/PT_6-800x533.jpg 800w, https:\/\/powiatlwowecki.pl\/wp-content\/uploads\/2026\/03\/PT_6-1200x800.jpg 1200w, https:\/\/powiatlwowecki.pl\/wp-content\/uploads\/2026\/03\/PT_6-scaled.jpg 2560w\" sizes=\"(min-width: 2200px) 100vw, (min-width: 784px) 397px, (min-width: 712px) 595px, (min-width: 640px) 712px, \" \/><\/a><\/div><\/div><div class=\"clearfix\"><\/div><div style=\"padding:5px;\" class=\"fusion-grid-column fusion-gallery-column fusion-gallery-column-3 hover-type-none\"><div class=\"fusion-gallery-image\"><a href=\"https:\/\/powiatlwowecki.pl\/wp-content\/uploads\/2026\/03\/SMS-Wroclaw.jpg\" rel=\"noreferrer\" data-rel=\"iLightbox[gallery_image_1]\" class=\"fusion-lightbox\" target=\"_self\"><img decoding=\"async\" src=\"https:\/\/powiatlwowecki.pl\/wp-content\/uploads\/2026\/03\/SMS-Wroclaw.jpg\" width=\"960\" height=\"640\" alt=\"\" title=\"SMS Wroc\u0142aw\" aria-label=\"SMS Wroc\u0142aw\" class=\"img-responsive wp-image-12327\" srcset=\"https:\/\/powiatlwowecki.pl\/wp-content\/uploads\/2026\/03\/SMS-Wroclaw-200x133.jpg 200w, https:\/\/powiatlwowecki.pl\/wp-content\/uploads\/2026\/03\/SMS-Wroclaw-400x267.jpg 400w, https:\/\/powiatlwowecki.pl\/wp-content\/uploads\/2026\/03\/SMS-Wroclaw-600x400.jpg 600w, https:\/\/powiatlwowecki.pl\/wp-content\/uploads\/2026\/03\/SMS-Wroclaw-800x533.jpg 800w, https:\/\/powiatlwowecki.pl\/wp-content\/uploads\/2026\/03\/SMS-Wroclaw.jpg 960w\" sizes=\"(min-width: 2200px) 100vw, (min-width: 784px) 397px, (min-width: 712px) 595px, (min-width: 640px) 712px, \" \/><\/a><\/div><\/div><\/div><\/div><\/div><\/div><\/div><\/div>\n","protected":false},"excerpt":{"rendered":"","protected":false},"author":8,"featured_media":12326,"comment_status":"closed","ping_status":"closed","sticky":false,"template":"","format":"standard","meta":{"_acf_changed":false,"footnotes":""},"categories":[5],"tags":[],"class_list":["post-12328","post","type-post","status-publish","format-standard","has-post-thumbnail","hentry","category-aktualnosci"],"acf":{"kal_data_wydarzenia":""},"_links":{"self":[{"href":"https:\/\/powiatlwowecki.pl\/plci_json_endpoint\/wp\/v2\/posts\/12328","targetHints":{"allow":["GET"]}}],"collection":[{"href":"https:\/\/powiatlwowecki.pl\/plci_json_endpoint\/wp\/v2\/posts"}],"about":[{"href":"https:\/\/powiatlwowecki.pl\/plci_json_endpoint\/wp\/v2\/types\/post"}],"author":[{"embeddable":true,"href":"https:\/\/powiatlwowecki.pl\/plci_json_endpoint\/wp\/v2\/users\/8"}],"replies":[{"embeddable":true,"href":"https:\/\/powiatlwowecki.pl\/plci_json_endpoint\/wp\/v2\/comments?post=12328"}],"version-history":[{"count":1,"href":"https:\/\/powiatlwowecki.pl\/plci_json_endpoint\/wp\/v2\/posts\/12328\/revisions"}],"predecessor-version":[{"id":12329,"href":"https:\/\/powiatlwowecki.pl\/plci_json_endpoint\/wp\/v2\/posts\/12328\/revisions\/12329"}],"wp:featuredmedia":[{"embeddable":true,"href":"https:\/\/powiatlwowecki.pl\/plci_json_endpoint\/wp\/v2\/media\/12326"}],"wp:attachment":[{"href":"https:\/\/powiatlwowecki.pl\/plci_json_endpoint\/wp\/v2\/media?parent=12328"}],"wp:term":[{"taxonomy":"category","embeddable":true,"href":"https:\/\/powiatlwowecki.pl\/plci_json_endpoint\/wp\/v2\/categories?post=12328"},{"taxonomy":"post_tag","embeddable":true,"href":"https:\/\/powiatlwowecki.pl\/plci_json_endpoint\/wp\/v2\/tags?post=12328"}],"curies":[{"name":"wp","href":"https:\/\/api.w.org\/{rel}","templated":true}]}}