{"id":12322,"date":"2026-03-12T13:18:25","date_gmt":"2026-03-12T12:18:25","guid":{"rendered":"https:\/\/powiatlwowecki.pl\/?p=12322"},"modified":"2026-03-12T13:18:34","modified_gmt":"2026-03-12T12:18:34","slug":"kwalifikacja-wojskowa-na-terenie-powiatu-lwoweckiego","status":"publish","type":"post","link":"https:\/\/powiatlwowecki.pl\/kwalifikacja-wojskowa-na-terenie-powiatu-lwoweckiego\/","title":{"rendered":"KWALIFIKACJA WOJSKOWA NA TERENIE POWIATU LW\u00d3WECKIEGO"},"content":{"rendered":"<div class=\"fusion-fullwidth fullwidth-box fusion-builder-row-1 fusion-flex-container nonhundred-percent-fullwidth non-hundred-percent-height-scrolling\" style=\"--awb-border-radius-top-left:0px;--awb-border-radius-top-right:0px;--awb-border-radius-bottom-right:0px;--awb-border-radius-bottom-left:0px;--awb-flex-wrap:wrap;\" ><div class=\"fusion-builder-row fusion-row fusion-flex-align-items-flex-start fusion-flex-content-wrap\" style=\"max-width:1248px;margin-left: calc(-4% \/ 2 );margin-right: calc(-4% \/ 2 );\"><div class=\"fusion-layout-column fusion_builder_column fusion-builder-column-0 fusion_builder_column_1_1 1_1 fusion-flex-column\" style=\"--awb-bg-size:cover;--awb-width-large:100%;--awb-margin-top-large:0px;--awb-spacing-right-large:1.92%;--awb-margin-bottom-large:0px;--awb-spacing-left-large:1.92%;--awb-width-medium:100%;--awb-spacing-right-medium:1.92%;--awb-spacing-left-medium:1.92%;--awb-width-small:100%;--awb-spacing-right-small:1.92%;--awb-spacing-left-small:1.92%;\"><div class=\"fusion-column-wrapper fusion-flex-justify-content-flex-start fusion-content-layout-column\"><div class=\"fusion-text fusion-text-1\"><p>W terminie od 16.03.2026 r. do 27.03.2026 r. w godz. 8.00 &#8211; 14.00 w Zespole Szk\u00f3\u0142 Og\u00f3lnokszta\u0142c\u0105cych i Zawodowych ul. H. Brodatego 1 we Lw\u00f3wku \u015al\u0105skim przeprowadzona zostanie kwalifikacja wojskowa dla mieszka\u0144c\u00f3w powiatu lw\u00f3weckiego.<\/p>\n<p>Tegorocznemu obowi\u0105zkowi kwalifikacji wojskowej podlega niespe\u0142na 400 os\u00f3b, w tym ponad 300 os\u00f3b z rocznika 2007 oraz ponad 50 z rocznika starszego.<\/p>\n<p><strong>Kwalifikacja wojskowa 2026: Co musisz wiedzie\u0107?<\/strong><\/p>\n<p>Kwalifikacja wojskowa to coroczny proces, kt\u00f3ry ma na celu okre\u015blenie zdolno\u015bci do s\u0142u\u017cby wojskowej obywateli Rzeczypospolitej Polskiej oraz wprowadzenie ich danych do ewidencji wojskowej.<\/p>\n<p>Kwalifikacja wojskowa ma na celu zebranie informacji o stanie zdrowia fizycznego<br \/>\ni psychicznego m\u0142odych ludzi pod wzgl\u0119dem ich predyspozycji do s\u0142u\u017cby w armii. Wbrew powszechnym obawom \u2013 <strong>kwalifikacja to nie mobilizacja i nie pob\u00f3r do wojska.<\/strong> To procedura administracyjna, kt\u00f3ra ko\u0144czy si\u0119 nadaniem kategorii zdolno\u015bci do s\u0142u\u017cby wojskowej, za\u0142o\u017ceniem ewidencji wojskowej oraz nadaniem stopnia wojskowego szeregowy i przeniesieniem do rezerwy.<\/p>\n<p><strong>Kto otrzyma\u0142 wezwanie?<\/strong><\/p>\n<p>Do kwalifikacji wojskowej zobowi\u0105zani s\u0105 stawi\u0107 si\u0119 m\u0119\u017cczy\u017ani, kt\u00f3rzy w danym roku kalendarzowym ko\u0144cz\u0105 19 rok \u017cycia.<\/p>\n<p>W 2026 roku przed powiatow\u0105 komisj\u0105 lekarsk\u0105 powinni stawi\u0107 si\u0119:<\/p>\n<p>1) m\u0119\u017cczy\u017ani urodzeni w 2007 r. czyli rocznik podstawowy<\/p>\n<p>2) m\u0119\u017cczy\u017ani urodzeni w latach 2002\u20132006, kt\u00f3rzy nie posiadaj\u0105 jeszcze okre\u015blonej kategorii zdolno\u015bci do czynnej s\u0142u\u017cby wojskowej tj. rocznik starszy<\/p>\n<p>3) osoby, kt\u00f3re podczas kwalifikacji wojskowej w latach 2024 i 2025 zosta\u0142y uznane przez powiatowe albo wojew\u00f3dzkie komisje lekarskie za czasowo niezdolne do s\u0142u\u017cby wojskowej ze wzgl\u0119du na stan zdrowia<\/p>\n<p>4) kobiety urodzone w latach 1999\u20132007 posiadaj\u0105ce kwalifikacje przydatne do s\u0142u\u017cby wojskowej oraz pobieraj\u0105ce nauk\u0119 w celu uzyskania tych kwalifikacji<\/p>\n<p>5) osoby, kt\u00f3re uko\u0144czy\u0142y 18 lat \u017cycia i zg\u0142osi\u0142y si\u0119 ochotniczo do kwalifikacji wojskowej, oraz osoby o nieuregulowanym stosunku do s\u0142u\u017cby wojskowej do ko\u0144ca roku kalendarzowego, w kt\u00f3rym ko\u0144cz\u0105 60 lat \u017cycia, je\u017celi nie posiadaj\u0105 okre\u015blonej kategorii zdolno\u015bci do czynnej s\u0142u\u017cby wojskowej i zg\u0142osi\u0142y si\u0119 do kwalifikacji wojskowej<\/p>\n<p><strong>Jak przebiega kwalifikacja?<\/strong><\/p>\n<p>Podczas wizyty w lokalu komisji, dane wezwanej osoby zostan\u0105 wprowadzone<br \/>\ndo ewidencji wojskowej, wezwana osoba przejdzie badania lekarskie, rozmow\u0119<br \/>\nz przedstawicielem Wojskowego Centrum Rekrutacji oraz otrzyma za\u015bwiadczenie<br \/>\no stawieniu si\u0119 do kwalifikacji wojskowej, uregulowanym stosunku do s\u0142u\u017cby wojskowej i orzeczonej zdolno\u015bci do niej. Ca\u0142y proces przebiega sprawnie i w przyjaznej atmosferze.<\/p>\n<p>Kwalifikacja wojskowa to tak\u017ce doskona\u0142y moment aby dowiedzie\u0107 si\u0119 jakie mo\u017cliwo\u015bci daje dzisiejsze Wojsko Polskie. Ka\u017cdy kto odwiedzi powiatow\u0105 komisj\u0119 lekarsk\u0105 mo\u017ce porozmawia\u0107 z przedstawicielem Wojskowego Centrum Rekrutacji o Dobrowolnej Zasadniczej S\u0142u\u017cbie Wojskowej, Terytorialnej S\u0142u\u017cbie Wojskowej czy o uczelniach wojskowych i szko\u0142ach podoficerskich oraz spotka\u0107 si\u0119 z \u017co\u0142nierzami z jednostek wojskowych 11 Dywizji Kawalerii Pancernej i 16 Brygady Obrony Terytorialnej, kt\u00f3rzy opowiedz\u0105 o specyfice s\u0142u\u017cby wojskowej w swojej macierzystej jednostce wojskowej wraz zaprezentuj\u0105 indywidualne wyposa\u017cenie \u017co\u0142nierza.<\/p>\n<p><strong>Co zabra\u0107 ze\u00a0sob\u0105?<\/strong><\/p>\n<ul>\n<li>dow\u00f3d osobisty lub inny dokument potwierdzaj\u0105cy to\u017csamo\u015b\u0107 (np. aplikacja<br \/>\nmObywatel)<\/li>\n<li>posiadan\u0105 dokumentacj\u0119 medyczn\u0105 (je\u015bli dotyczy wezwanego)<\/li>\n<li>dokument potwierdzaj\u0105cy wykszta\u0142cenie (za\u015bwiadczenie ze\u00a0szko\u0142y<br \/>\no kontynuowaniu nauki, \u015bwiadectwo szkolne o\u00a0zako\u0144czeniu edukacji)<\/li>\n<li>posiadane kwalifikacje zawodowe lub uprawnienia (np. prawa jazdy, certyfikaty<br \/>\nj\u0119zykowe)<\/li>\n<\/ul>\n<p><strong>Konsekwencje niestawienia si\u0119 do powiatowej komisji lekarskiej.<\/strong><\/p>\n<p>Ignorowanie wezwania do powiatowej komisji lekarskiej mo\u017ce skutkowa\u0107 powa\u017cnymi konsekwencjami prawnymi. Osobom, kt\u00f3re nie stawi\u0105 si\u0119 na wezwanie grozi grzywna lub przymusowe doprowadzenie przez policj\u0119.<\/p>\n<p><strong>Sprawd\u017a wszystkie szczeg\u00f3\u0142y, terminy, miejsca na stronie<\/strong><\/p>\n<p><a href=\"https:\/\/wcrboleslawiec.wp.mil.pl\/aktualnosci\/terminy-i-miejsca-kwalifikacji-wojskowej-2026\/?fbclid=IwZXh0bgNhZW0CMTAAYnJpZBEwNHBhcjl6bGw0cXRuQmRneHNydGMGYXBwX2lkEDIyMjAzOTE3ODgyMDA4OTIAAR6liKmnkFUpW1R7p4k1Mi1-laFABJu2iMyf0K7DU2Zy0IzkdZDRbBhcsSU0dQ_aem_yEVrx23i4wFK9Aya_ixZvw\"><strong>https:\/\/wcrboleslawiec.wp.mil.pl\/&#8230;\/terminy-i-miejsca&#8230;\/<\/strong><\/a><\/p>\n<p><strong>Podstawa prawna: <\/strong><a href=\"https:\/\/isap.sejm.gov.pl\/...\/WDU20250001204\/O\/D20251204.pdf\"><strong>https:\/\/isap.sejm.gov.pl\/&#8230;\/WDU20250001204\/O\/D20251204.pdf<\/strong><\/a><\/p>\n<\/div><div class=\"awb-gallery-wrapper awb-gallery-wrapper-1 button-span-no\" style=\"--more-btn-alignment:center;\"><div style=\"margin:-5px;--awb-bordersize:0px;\" class=\"fusion-gallery fusion-gallery-container fusion-grid-3 fusion-columns-total-3 fusion-gallery-layout-grid fusion-gallery-1\"><div style=\"padding:5px;\" class=\"fusion-grid-column fusion-gallery-column fusion-gallery-column-3 hover-type-none\"><div class=\"fusion-gallery-image\"><a href=\"https:\/\/powiatlwowecki.pl\/wp-content\/uploads\/2026\/03\/KW-2026-plakaty-pion-kategorie-1-1-scaled.png\" rel=\"noreferrer\" data-rel=\"iLightbox[gallery_image_1]\" class=\"fusion-lightbox\" target=\"_self\"><img decoding=\"async\" src=\"https:\/\/powiatlwowecki.pl\/wp-content\/uploads\/2026\/03\/KW-2026-plakaty-pion-kategorie-1-1-scaled.png\" width=\"1810\" height=\"2560\" alt=\"\" title=\"KW 2026 &#8211; plakaty pion &#8211; kategorie (1)-1\" aria-label=\"KW 2026 &#8211; plakaty pion &#8211; kategorie (1)-1\" class=\"img-responsive wp-image-12319\" srcset=\"https:\/\/powiatlwowecki.pl\/wp-content\/uploads\/2026\/03\/KW-2026-plakaty-pion-kategorie-1-1-200x283.png 200w, https:\/\/powiatlwowecki.pl\/wp-content\/uploads\/2026\/03\/KW-2026-plakaty-pion-kategorie-1-1-400x566.png 400w, https:\/\/powiatlwowecki.pl\/wp-content\/uploads\/2026\/03\/KW-2026-plakaty-pion-kategorie-1-1-600x849.png 600w, https:\/\/powiatlwowecki.pl\/wp-content\/uploads\/2026\/03\/KW-2026-plakaty-pion-kategorie-1-1-800x1131.png 800w, https:\/\/powiatlwowecki.pl\/wp-content\/uploads\/2026\/03\/KW-2026-plakaty-pion-kategorie-1-1-1200x1697.png 1200w, https:\/\/powiatlwowecki.pl\/wp-content\/uploads\/2026\/03\/KW-2026-plakaty-pion-kategorie-1-1-scaled.png 1810w\" sizes=\"(min-width: 2200px) 100vw, (min-width: 784px) 397px, (min-width: 712px) 595px, (min-width: 640px) 712px, \" \/><\/a><\/div><\/div><div style=\"padding:5px;\" class=\"fusion-grid-column fusion-gallery-column fusion-gallery-column-3 hover-type-none\"><div class=\"fusion-gallery-image\"><a href=\"https:\/\/powiatlwowecki.pl\/wp-content\/uploads\/2026\/03\/KW-2026-plakaty-pion-co-zabrac-1-1-scaled.png\" rel=\"noreferrer\" data-rel=\"iLightbox[gallery_image_1]\" class=\"fusion-lightbox\" target=\"_self\"><img decoding=\"async\" src=\"https:\/\/powiatlwowecki.pl\/wp-content\/uploads\/2026\/03\/KW-2026-plakaty-pion-co-zabrac-1-1-scaled.png\" width=\"1810\" height=\"2560\" alt=\"\" title=\"KW 2026 &#8211; plakaty pion &#8211; co zabra\u0107 (1)-1\" aria-label=\"KW 2026 &#8211; plakaty pion &#8211; co zabra\u0107 (1)-1\" class=\"img-responsive wp-image-12318\" srcset=\"https:\/\/powiatlwowecki.pl\/wp-content\/uploads\/2026\/03\/KW-2026-plakaty-pion-co-zabrac-1-1-200x283.png 200w, https:\/\/powiatlwowecki.pl\/wp-content\/uploads\/2026\/03\/KW-2026-plakaty-pion-co-zabrac-1-1-400x566.png 400w, https:\/\/powiatlwowecki.pl\/wp-content\/uploads\/2026\/03\/KW-2026-plakaty-pion-co-zabrac-1-1-600x849.png 600w, https:\/\/powiatlwowecki.pl\/wp-content\/uploads\/2026\/03\/KW-2026-plakaty-pion-co-zabrac-1-1-800x1131.png 800w, https:\/\/powiatlwowecki.pl\/wp-content\/uploads\/2026\/03\/KW-2026-plakaty-pion-co-zabrac-1-1-1200x1697.png 1200w, https:\/\/powiatlwowecki.pl\/wp-content\/uploads\/2026\/03\/KW-2026-plakaty-pion-co-zabrac-1-1-scaled.png 1810w\" sizes=\"(min-width: 2200px) 100vw, (min-width: 784px) 397px, (min-width: 712px) 595px, (min-width: 640px) 712px, \" \/><\/a><\/div><\/div><div style=\"padding:5px;\" class=\"fusion-grid-column fusion-gallery-column fusion-gallery-column-3 hover-type-none\"><div class=\"fusion-gallery-image\"><a href=\"https:\/\/powiatlwowecki.pl\/wp-content\/uploads\/2026\/03\/KW-2026-plakaty-pion-jak-przebiega-1-2-scaled.png\" rel=\"noreferrer\" data-rel=\"iLightbox[gallery_image_1]\" class=\"fusion-lightbox\" target=\"_self\"><img decoding=\"async\" src=\"https:\/\/powiatlwowecki.pl\/wp-content\/uploads\/2026\/03\/KW-2026-plakaty-pion-jak-przebiega-1-2-scaled.png\" width=\"1810\" height=\"2560\" alt=\"\" title=\"KW 2026 &#8211; plakaty pion &#8211; jak przebiega (1)-2\" aria-label=\"KW 2026 &#8211; plakaty pion &#8211; jak przebiega (1)-2\" class=\"img-responsive wp-image-12321\" srcset=\"https:\/\/powiatlwowecki.pl\/wp-content\/uploads\/2026\/03\/KW-2026-plakaty-pion-jak-przebiega-1-2-200x283.png 200w, https:\/\/powiatlwowecki.pl\/wp-content\/uploads\/2026\/03\/KW-2026-plakaty-pion-jak-przebiega-1-2-400x566.png 400w, https:\/\/powiatlwowecki.pl\/wp-content\/uploads\/2026\/03\/KW-2026-plakaty-pion-jak-przebiega-1-2-600x849.png 600w, https:\/\/powiatlwowecki.pl\/wp-content\/uploads\/2026\/03\/KW-2026-plakaty-pion-jak-przebiega-1-2-800x1131.png 800w, https:\/\/powiatlwowecki.pl\/wp-content\/uploads\/2026\/03\/KW-2026-plakaty-pion-jak-przebiega-1-2-1200x1697.png 1200w, https:\/\/powiatlwowecki.pl\/wp-content\/uploads\/2026\/03\/KW-2026-plakaty-pion-jak-przebiega-1-2-scaled.png 1810w\" sizes=\"(min-width: 2200px) 100vw, (min-width: 784px) 397px, (min-width: 712px) 595px, (min-width: 640px) 712px, \" \/><\/a><\/div><\/div><div class=\"clearfix\"><\/div><\/div><\/div><\/div><\/div><\/div><\/div>\n","protected":false},"excerpt":{"rendered":"","protected":false},"author":8,"featured_media":12317,"comment_status":"closed","ping_status":"closed","sticky":false,"template":"","format":"standard","meta":{"_acf_changed":false,"footnotes":""},"categories":[5],"tags":[],"class_list":["post-12322","post","type-post","status-publish","format-standard","has-post-thumbnail","hentry","category-aktualnosci"],"acf":{"kal_data_wydarzenia":"20260316"},"_links":{"self":[{"href":"https:\/\/powiatlwowecki.pl\/plci_json_endpoint\/wp\/v2\/posts\/12322","targetHints":{"allow":["GET"]}}],"collection":[{"href":"https:\/\/powiatlwowecki.pl\/plci_json_endpoint\/wp\/v2\/posts"}],"about":[{"href":"https:\/\/powiatlwowecki.pl\/plci_json_endpoint\/wp\/v2\/types\/post"}],"author":[{"embeddable":true,"href":"https:\/\/powiatlwowecki.pl\/plci_json_endpoint\/wp\/v2\/users\/8"}],"replies":[{"embeddable":true,"href":"https:\/\/powiatlwowecki.pl\/plci_json_endpoint\/wp\/v2\/comments?post=12322"}],"version-history":[{"count":1,"href":"https:\/\/powiatlwowecki.pl\/plci_json_endpoint\/wp\/v2\/posts\/12322\/revisions"}],"predecessor-version":[{"id":12323,"href":"https:\/\/powiatlwowecki.pl\/plci_json_endpoint\/wp\/v2\/posts\/12322\/revisions\/12323"}],"wp:featuredmedia":[{"embeddable":true,"href":"https:\/\/powiatlwowecki.pl\/plci_json_endpoint\/wp\/v2\/media\/12317"}],"wp:attachment":[{"href":"https:\/\/powiatlwowecki.pl\/plci_json_endpoint\/wp\/v2\/media?parent=12322"}],"wp:term":[{"taxonomy":"category","embeddable":true,"href":"https:\/\/powiatlwowecki.pl\/plci_json_endpoint\/wp\/v2\/categories?post=12322"},{"taxonomy":"post_tag","embeddable":true,"href":"https:\/\/powiatlwowecki.pl\/plci_json_endpoint\/wp\/v2\/tags?post=12322"}],"curies":[{"name":"wp","href":"https:\/\/api.w.org\/{rel}","templated":true}]}}