{"id":12274,"date":"2026-03-12T09:01:05","date_gmt":"2026-03-12T08:01:05","guid":{"rendered":"https:\/\/powiatlwowecki.pl\/?p=12274"},"modified":"2026-03-12T09:01:41","modified_gmt":"2026-03-12T08:01:41","slug":"mistrzostwa-powiatu-w-pilce-siatkowej-3-dziewczat-i-chlopcow-igrzysk-dzieci-4","status":"publish","type":"post","link":"https:\/\/powiatlwowecki.pl\/mistrzostwa-powiatu-w-pilce-siatkowej-3-dziewczat-i-chlopcow-igrzysk-dzieci-4\/","title":{"rendered":"MISTRZOSTWA POWIATU W PI\u0141CE SIATKOWEJ \u201e3\u201d DZIEWCZ\u0104T I CH\u0141OPC\u00d3W IGRZYSK DZIECI"},"content":{"rendered":"<div class=\"fusion-fullwidth fullwidth-box fusion-builder-row-1 fusion-flex-container nonhundred-percent-fullwidth non-hundred-percent-height-scrolling\" style=\"--awb-border-radius-top-left:0px;--awb-border-radius-top-right:0px;--awb-border-radius-bottom-right:0px;--awb-border-radius-bottom-left:0px;--awb-flex-wrap:wrap;\" ><div class=\"fusion-builder-row fusion-row fusion-flex-align-items-flex-start fusion-flex-content-wrap\" style=\"max-width:1248px;margin-left: calc(-4% \/ 2 );margin-right: calc(-4% \/ 2 );\"><div class=\"fusion-layout-column fusion_builder_column fusion-builder-column-0 fusion_builder_column_1_1 1_1 fusion-flex-column\" style=\"--awb-bg-size:cover;--awb-width-large:100%;--awb-margin-top-large:0px;--awb-spacing-right-large:1.92%;--awb-margin-bottom-large:0px;--awb-spacing-left-large:1.92%;--awb-width-medium:100%;--awb-spacing-right-medium:1.92%;--awb-spacing-left-medium:1.92%;--awb-width-small:100%;--awb-spacing-right-small:1.92%;--awb-spacing-left-small:1.92%;\"><div class=\"fusion-column-wrapper fusion-flex-justify-content-flex-start fusion-content-layout-column\"><div class=\"fusion-text fusion-text-1\"><p>Dnia 11 marca 2026 roku w Hali Sportowej przy Szkole Podstawowej nr 1 w Gryfowie \u015al\u0105skim odby\u0142y si\u0119 Mistrzostwa Powiatu Lw\u00f3weckiego Szkolnego Zwi\u0105zku Sportowego w Pi\u0142ce Siatkowej \u201e3\u201d\u00a0 Dziewcz\u0105t i Ch\u0142opc\u00f3w w ramach Igrzysk Dzieci (rocznik 2014). Organizatorem zawod\u00f3w by\u0142 PSZS w Lw\u00f3wku \u015al\u0105skim oraz SP 1 w Gryfowie \u015al\u0105skim. Zawody finansowane ze \u015brodk\u00f3w dotacji\u00a0 Powiatu Lw\u00f3weckiego. Zwyci\u0119skie dru\u017cyny b\u0119d\u0105 reprezentowa\u0142y Powiat Lw\u00f3wecki w Finale Strefy Jeleniog\u00f3rskiej, kt\u00f3ry odb\u0119dzie si\u0119 dla dziewcz\u0105t i ch\u0142opc\u00f3w w Kamiennej G\u00f3rze mi\u0119dzy 14-30 kwietnia 2026 roku. Gratulacje dla wszystkich dru\u017cyn i \u017cyczymy dalszych sukces\u00f3w sportowych.<\/p>\n<p>Przebieg zawod\u00f3w:<\/p>\n<p><strong><u>DZIEWCZ\u0118TA:<\/u><\/strong><\/p>\n<p>SP 1 Gryf\u00f3w \u015al\u0105ski\u00a0\u00a0\u00a0\u00a0\u00a0\u00a0\u00a0\u00a0\u00a0\u00a0\u00a0\u00a0\u00a0\u00a0\u00a0\u00a0\u00a0\u00a0\u00a0\u00a0\u00a0\u00a0\u00a0\u00a0\u00a0\u00a0 &#8211;\u00a0\u00a0\u00a0\u00a0\u00a0\u00a0\u00a0\u00a0\u00a0\u00a0\u00a0\u00a0\u00a0 SP 2 Lw\u00f3wek \u015al\u0105ski\u00a0\u00a0\u00a0\u00a0\u00a0\u00a0\u00a0\u00a0 2 : 0<\/p>\n<p>SP 2 Lw\u00f3wek \u015al\u0105ski\u00a0\u00a0\u00a0\u00a0\u00a0\u00a0\u00a0\u00a0\u00a0\u00a0\u00a0\u00a0\u00a0\u00a0\u00a0\u00a0\u00a0\u00a0\u00a0\u00a0\u00a0\u00a0\u00a0\u00a0 &#8211;\u00a0\u00a0\u00a0\u00a0\u00a0\u00a0\u00a0\u00a0\u00a0\u00a0\u00a0\u00a0\u00a0 SP Mirsk\u00a0\u00a0\u00a0\u00a0\u00a0\u00a0\u00a0\u00a0\u00a0\u00a0\u00a0\u00a0\u00a0\u00a0\u00a0\u00a0\u00a0\u00a0\u00a0\u00a0\u00a0\u00a0\u00a0\u00a0\u00a0\u00a0\u00a0\u00a0\u00a0 2 : 0<\/p>\n<p>SP 1 Gryf\u00f3w \u015al\u0105ski\u00a0\u00a0\u00a0\u00a0\u00a0\u00a0\u00a0\u00a0\u00a0\u00a0\u00a0\u00a0\u00a0\u00a0\u00a0\u00a0\u00a0\u00a0\u00a0\u00a0\u00a0\u00a0\u00a0\u00a0\u00a0\u00a0 &#8211;\u00a0\u00a0\u00a0\u00a0\u00a0\u00a0\u00a0\u00a0\u00a0\u00a0\u00a0\u00a0\u00a0 SP Mirsk\u00a0\u00a0\u00a0\u00a0\u00a0\u00a0\u00a0\u00a0\u00a0\u00a0\u00a0\u00a0\u00a0\u00a0\u00a0\u00a0\u00a0\u00a0\u00a0\u00a0\u00a0\u00a0\u00a0\u00a0\u00a0\u00a0\u00a0\u00a0\u00a0 1 : 2<\/p>\n<p>KLASYFIKACJA KO\u0143COWA:<\/p>\n<p><strong>I miejsce\u00a0\u00a0\u00a0\u00a0\u00a0\u00a0\u00a0\u00a0\u00a0\u00a0\u00a0\u00a0 SP Mirsk\u00a0\u00a0\u00a0\u00a0\u00a0\u00a0\u00a0\u00a0\u00a0\u00a0\u00a0\u00a0\u00a0\u00a0\u00a0\u00a0\u00a0\u00a0\u00a0\u00a0\u00a0\u00a0\u00a0\u00a0\u00a0\u00a0\u00a0\u00a0\u00a0\u00a0\u00a0\u00a0\u00a0\u00a0\u00a0\u00a0\u00a0\u00a0\u00a0\u00a0\u00a0\u00a0\u00a0\u00a0 op. Arleta Chmielewska<\/strong><\/p>\n<p>II miejsce\u00a0\u00a0\u00a0\u00a0\u00a0\u00a0\u00a0\u00a0\u00a0\u00a0\u00a0 SP 1 Gryf\u00f3w \u015al\u0105ski\u00a0\u00a0\u00a0\u00a0\u00a0\u00a0\u00a0\u00a0\u00a0\u00a0\u00a0\u00a0\u00a0\u00a0\u00a0\u00a0\u00a0\u00a0\u00a0\u00a0\u00a0\u00a0\u00a0\u00a0\u00a0\u00a0 op. Karolina Harmaci\u0144ska<\/p>\n<p>III miejsce\u00a0\u00a0\u00a0\u00a0\u00a0\u00a0\u00a0\u00a0\u00a0\u00a0 SP 2 Lw\u00f3wek \u015al\u0105ski\u00a0\u00a0\u00a0\u00a0\u00a0\u00a0\u00a0\u00a0\u00a0\u00a0\u00a0\u00a0\u00a0\u00a0\u00a0\u00a0\u00a0\u00a0\u00a0\u00a0\u00a0\u00a0\u00a0\u00a0 op. Agata R\u00f3\u017ca\u0144ska<\/p>\n<p><strong><u>CH\u0141OPCY:<\/u><\/strong><\/p>\n<p>SP Mirsk\u00a0\u00a0\u00a0\u00a0\u00a0\u00a0\u00a0\u00a0\u00a0\u00a0\u00a0\u00a0\u00a0\u00a0\u00a0\u00a0\u00a0\u00a0\u00a0\u00a0\u00a0\u00a0\u00a0\u00a0\u00a0\u00a0\u00a0\u00a0\u00a0\u00a0\u00a0\u00a0\u00a0\u00a0\u00a0\u00a0\u00a0\u00a0\u00a0\u00a0\u00a0\u00a0\u00a0\u00a0\u00a0 &#8211;\u00a0\u00a0\u00a0\u00a0\u00a0\u00a0\u00a0\u00a0\u00a0\u00a0\u00a0\u00a0\u00a0 SP 1 Gryf\u00f3w \u015al\u0105ski\u00a0\u00a0\u00a0\u00a0\u00a0\u00a0\u00a0\u00a0\u00a0\u00a0 0 : 2<\/p>\n<p>SP 1 Gryf\u00f3w \u015al\u0105ski\u00a0\u00a0\u00a0\u00a0\u00a0\u00a0\u00a0\u00a0\u00a0\u00a0\u00a0\u00a0\u00a0\u00a0\u00a0\u00a0\u00a0\u00a0\u00a0\u00a0\u00a0\u00a0\u00a0\u00a0\u00a0\u00a0 &#8211;\u00a0\u00a0\u00a0\u00a0\u00a0\u00a0\u00a0\u00a0\u00a0\u00a0\u00a0\u00a0\u00a0 SP 2 Lw\u00f3wek \u015al\u0105ski\u00a0\u00a0\u00a0\u00a0\u00a0\u00a0\u00a0\u00a0 2 : 0<\/p>\n<p>SP Mirsk\u00a0\u00a0\u00a0\u00a0\u00a0\u00a0\u00a0\u00a0\u00a0\u00a0\u00a0\u00a0\u00a0\u00a0\u00a0\u00a0\u00a0\u00a0\u00a0\u00a0\u00a0\u00a0\u00a0\u00a0\u00a0\u00a0\u00a0\u00a0\u00a0\u00a0\u00a0\u00a0\u00a0\u00a0\u00a0\u00a0\u00a0\u00a0\u00a0\u00a0\u00a0\u00a0\u00a0\u00a0\u00a0 &#8211;\u00a0\u00a0\u00a0\u00a0\u00a0\u00a0\u00a0\u00a0\u00a0\u00a0\u00a0\u00a0\u00a0 SP 2 Lw\u00f3wek \u015al\u0105ski\u00a0\u00a0\u00a0\u00a0\u00a0\u00a0\u00a0\u00a0 2 : 1<\/p>\n<p>KLASYFIKACJA KO\u0143COWA:<\/p>\n<p><strong>I miejsce\u00a0\u00a0\u00a0\u00a0\u00a0\u00a0\u00a0\u00a0\u00a0\u00a0\u00a0\u00a0 SP 1 Gryf\u00f3w \u015al\u0105ski\u00a0\u00a0\u00a0\u00a0\u00a0\u00a0\u00a0\u00a0\u00a0\u00a0\u00a0\u00a0\u00a0\u00a0\u00a0\u00a0\u00a0\u00a0\u00a0\u00a0\u00a0\u00a0\u00a0\u00a0\u00a0 op.\u00a0 Beata Hryciew-Listwan<\/strong><\/p>\n<p>II miejsce\u00a0\u00a0\u00a0\u00a0\u00a0\u00a0\u00a0\u00a0\u00a0\u00a0\u00a0 SP Mirsk\u00a0\u00a0\u00a0\u00a0\u00a0\u00a0\u00a0\u00a0\u00a0\u00a0\u00a0\u00a0\u00a0\u00a0\u00a0\u00a0\u00a0\u00a0\u00a0\u00a0\u00a0\u00a0\u00a0\u00a0\u00a0\u00a0\u00a0\u00a0\u00a0\u00a0\u00a0\u00a0\u00a0\u00a0\u00a0\u00a0\u00a0\u00a0\u00a0\u00a0\u00a0\u00a0\u00a0\u00a0\u00a0 op. Arleta Chmielewska<\/p>\n<p>III miejsce\u00a0\u00a0\u00a0\u00a0\u00a0\u00a0\u00a0\u00a0\u00a0\u00a0 SP 2 Lw\u00f3wek \u015al\u0105ski\u00a0\u00a0\u00a0\u00a0\u00a0\u00a0\u00a0\u00a0\u00a0\u00a0\u00a0\u00a0\u00a0\u00a0\u00a0\u00a0\u00a0\u00a0\u00a0\u00a0\u00a0\u00a0\u00a0\u00a0 op. Agata R\u00f3\u017ca\u0144ska<\/p>\n<p>Opracowa\u0142<\/p>\n<p>G. Po\u0142aczewski<\/p>\n<\/div><div class=\"awb-gallery-wrapper awb-gallery-wrapper-1 button-span-no\" style=\"--more-btn-alignment:center;\"><div style=\"margin:-5px;--awb-bordersize:0px;\" class=\"fusion-gallery fusion-gallery-container fusion-grid-3 fusion-columns-total-22 fusion-gallery-layout-grid fusion-gallery-1\"><div style=\"padding:5px;\" class=\"fusion-grid-column fusion-gallery-column fusion-gallery-column-3 hover-type-none\"><div class=\"fusion-gallery-image\"><a href=\"https:\/\/powiatlwowecki.pl\/wp-content\/uploads\/2026\/03\/IMG-20260311-WA0052.jpg\" rel=\"noreferrer\" data-rel=\"iLightbox[gallery_image_1]\" class=\"fusion-lightbox\" target=\"_self\"><img decoding=\"async\" src=\"https:\/\/powiatlwowecki.pl\/wp-content\/uploads\/2026\/03\/IMG-20260311-WA0052.jpg\" width=\"1600\" height=\"1200\" alt=\"\" title=\"IMG-20260311-WA0052\" aria-label=\"IMG-20260311-WA0052\" class=\"img-responsive wp-image-12252\" srcset=\"https:\/\/powiatlwowecki.pl\/wp-content\/uploads\/2026\/03\/IMG-20260311-WA0052-200x150.jpg 200w, https:\/\/powiatlwowecki.pl\/wp-content\/uploads\/2026\/03\/IMG-20260311-WA0052-400x300.jpg 400w, https:\/\/powiatlwowecki.pl\/wp-content\/uploads\/2026\/03\/IMG-20260311-WA0052-600x450.jpg 600w, https:\/\/powiatlwowecki.pl\/wp-content\/uploads\/2026\/03\/IMG-20260311-WA0052-800x600.jpg 800w, https:\/\/powiatlwowecki.pl\/wp-content\/uploads\/2026\/03\/IMG-20260311-WA0052-1200x900.jpg 1200w, https:\/\/powiatlwowecki.pl\/wp-content\/uploads\/2026\/03\/IMG-20260311-WA0052.jpg 1600w\" sizes=\"(min-width: 2200px) 100vw, (min-width: 784px) 397px, (min-width: 712px) 595px, (min-width: 640px) 712px, \" \/><\/a><\/div><\/div><div style=\"padding:5px;\" class=\"fusion-grid-column fusion-gallery-column fusion-gallery-column-3 hover-type-none\"><div class=\"fusion-gallery-image\"><a href=\"https:\/\/powiatlwowecki.pl\/wp-content\/uploads\/2026\/03\/IMG-20260311-WA0055.jpg\" rel=\"noreferrer\" data-rel=\"iLightbox[gallery_image_1]\" class=\"fusion-lightbox\" target=\"_self\"><img decoding=\"async\" src=\"https:\/\/powiatlwowecki.pl\/wp-content\/uploads\/2026\/03\/IMG-20260311-WA0055.jpg\" width=\"1600\" height=\"1200\" alt=\"\" title=\"IMG-20260311-WA0055\" aria-label=\"IMG-20260311-WA0055\" class=\"img-responsive wp-image-12253\" srcset=\"https:\/\/powiatlwowecki.pl\/wp-content\/uploads\/2026\/03\/IMG-20260311-WA0055-200x150.jpg 200w, https:\/\/powiatlwowecki.pl\/wp-content\/uploads\/2026\/03\/IMG-20260311-WA0055-400x300.jpg 400w, https:\/\/powiatlwowecki.pl\/wp-content\/uploads\/2026\/03\/IMG-20260311-WA0055-600x450.jpg 600w, https:\/\/powiatlwowecki.pl\/wp-content\/uploads\/2026\/03\/IMG-20260311-WA0055-800x600.jpg 800w, https:\/\/powiatlwowecki.pl\/wp-content\/uploads\/2026\/03\/IMG-20260311-WA0055-1200x900.jpg 1200w, https:\/\/powiatlwowecki.pl\/wp-content\/uploads\/2026\/03\/IMG-20260311-WA0055.jpg 1600w\" sizes=\"(min-width: 2200px) 100vw, (min-width: 784px) 397px, (min-width: 712px) 595px, (min-width: 640px) 712px, \" \/><\/a><\/div><\/div><div style=\"padding:5px;\" class=\"fusion-grid-column fusion-gallery-column fusion-gallery-column-3 hover-type-none\"><div class=\"fusion-gallery-image\"><a href=\"https:\/\/powiatlwowecki.pl\/wp-content\/uploads\/2026\/03\/IMG-20260311-WA0059.jpg\" rel=\"noreferrer\" data-rel=\"iLightbox[gallery_image_1]\" class=\"fusion-lightbox\" target=\"_self\"><img decoding=\"async\" src=\"https:\/\/powiatlwowecki.pl\/wp-content\/uploads\/2026\/03\/IMG-20260311-WA0059.jpg\" width=\"1600\" height=\"1200\" alt=\"\" title=\"IMG-20260311-WA0059\" aria-label=\"IMG-20260311-WA0059\" class=\"img-responsive wp-image-12254\" srcset=\"https:\/\/powiatlwowecki.pl\/wp-content\/uploads\/2026\/03\/IMG-20260311-WA0059-200x150.jpg 200w, https:\/\/powiatlwowecki.pl\/wp-content\/uploads\/2026\/03\/IMG-20260311-WA0059-400x300.jpg 400w, https:\/\/powiatlwowecki.pl\/wp-content\/uploads\/2026\/03\/IMG-20260311-WA0059-600x450.jpg 600w, https:\/\/powiatlwowecki.pl\/wp-content\/uploads\/2026\/03\/IMG-20260311-WA0059-800x600.jpg 800w, https:\/\/powiatlwowecki.pl\/wp-content\/uploads\/2026\/03\/IMG-20260311-WA0059-1200x900.jpg 1200w, https:\/\/powiatlwowecki.pl\/wp-content\/uploads\/2026\/03\/IMG-20260311-WA0059.jpg 1600w\" sizes=\"(min-width: 2200px) 100vw, (min-width: 784px) 397px, (min-width: 712px) 595px, (min-width: 640px) 712px, \" \/><\/a><\/div><\/div><div class=\"clearfix\"><\/div><div style=\"padding:5px;\" class=\"fusion-grid-column fusion-gallery-column fusion-gallery-column-3 hover-type-none\"><div class=\"fusion-gallery-image\"><a href=\"https:\/\/powiatlwowecki.pl\/wp-content\/uploads\/2026\/03\/IMG-20260311-WA0061.jpg\" rel=\"noreferrer\" data-rel=\"iLightbox[gallery_image_1]\" class=\"fusion-lightbox\" target=\"_self\"><img decoding=\"async\" src=\"https:\/\/powiatlwowecki.pl\/wp-content\/uploads\/2026\/03\/IMG-20260311-WA0061.jpg\" width=\"1600\" height=\"1200\" alt=\"\" title=\"IMG-20260311-WA0061\" aria-label=\"IMG-20260311-WA0061\" class=\"img-responsive wp-image-12255\" srcset=\"https:\/\/powiatlwowecki.pl\/wp-content\/uploads\/2026\/03\/IMG-20260311-WA0061-200x150.jpg 200w, https:\/\/powiatlwowecki.pl\/wp-content\/uploads\/2026\/03\/IMG-20260311-WA0061-400x300.jpg 400w, https:\/\/powiatlwowecki.pl\/wp-content\/uploads\/2026\/03\/IMG-20260311-WA0061-600x450.jpg 600w, https:\/\/powiatlwowecki.pl\/wp-content\/uploads\/2026\/03\/IMG-20260311-WA0061-800x600.jpg 800w, https:\/\/powiatlwowecki.pl\/wp-content\/uploads\/2026\/03\/IMG-20260311-WA0061-1200x900.jpg 1200w, https:\/\/powiatlwowecki.pl\/wp-content\/uploads\/2026\/03\/IMG-20260311-WA0061.jpg 1600w\" sizes=\"(min-width: 2200px) 100vw, (min-width: 784px) 397px, (min-width: 712px) 595px, (min-width: 640px) 712px, \" \/><\/a><\/div><\/div><div style=\"padding:5px;\" class=\"fusion-grid-column fusion-gallery-column fusion-gallery-column-3 hover-type-none\"><div class=\"fusion-gallery-image\"><a href=\"https:\/\/powiatlwowecki.pl\/wp-content\/uploads\/2026\/03\/motion_photo_578235959914755785.jpg\" rel=\"noreferrer\" data-rel=\"iLightbox[gallery_image_1]\" class=\"fusion-lightbox\" target=\"_self\"><img decoding=\"async\" src=\"https:\/\/powiatlwowecki.pl\/wp-content\/uploads\/2026\/03\/motion_photo_578235959914755785.jpg\" width=\"2000\" height=\"1500\" alt=\"\" title=\"motion_photo_578235959914755785\" aria-label=\"motion_photo_578235959914755785\" class=\"img-responsive wp-image-12256\" srcset=\"https:\/\/powiatlwowecki.pl\/wp-content\/uploads\/2026\/03\/motion_photo_578235959914755785-200x150.jpg 200w, https:\/\/powiatlwowecki.pl\/wp-content\/uploads\/2026\/03\/motion_photo_578235959914755785-400x300.jpg 400w, https:\/\/powiatlwowecki.pl\/wp-content\/uploads\/2026\/03\/motion_photo_578235959914755785-600x450.jpg 600w, https:\/\/powiatlwowecki.pl\/wp-content\/uploads\/2026\/03\/motion_photo_578235959914755785-800x600.jpg 800w, https:\/\/powiatlwowecki.pl\/wp-content\/uploads\/2026\/03\/motion_photo_578235959914755785-1200x900.jpg 1200w, https:\/\/powiatlwowecki.pl\/wp-content\/uploads\/2026\/03\/motion_photo_578235959914755785.jpg 2000w\" sizes=\"(min-width: 2200px) 100vw, (min-width: 784px) 397px, (min-width: 712px) 595px, (min-width: 640px) 712px, \" \/><\/a><\/div><\/div><div style=\"padding:5px;\" class=\"fusion-grid-column fusion-gallery-column fusion-gallery-column-3 hover-type-none\"><div class=\"fusion-gallery-image\"><a href=\"https:\/\/powiatlwowecki.pl\/wp-content\/uploads\/2026\/03\/motion_photo_989933785267495641.jpg\" rel=\"noreferrer\" data-rel=\"iLightbox[gallery_image_1]\" class=\"fusion-lightbox\" target=\"_self\"><img decoding=\"async\" src=\"https:\/\/powiatlwowecki.pl\/wp-content\/uploads\/2026\/03\/motion_photo_989933785267495641.jpg\" width=\"2000\" height=\"1500\" alt=\"\" title=\"motion_photo_989933785267495641\" aria-label=\"motion_photo_989933785267495641\" class=\"img-responsive wp-image-12257\" srcset=\"https:\/\/powiatlwowecki.pl\/wp-content\/uploads\/2026\/03\/motion_photo_989933785267495641-200x150.jpg 200w, https:\/\/powiatlwowecki.pl\/wp-content\/uploads\/2026\/03\/motion_photo_989933785267495641-400x300.jpg 400w, https:\/\/powiatlwowecki.pl\/wp-content\/uploads\/2026\/03\/motion_photo_989933785267495641-600x450.jpg 600w, https:\/\/powiatlwowecki.pl\/wp-content\/uploads\/2026\/03\/motion_photo_989933785267495641-800x600.jpg 800w, https:\/\/powiatlwowecki.pl\/wp-content\/uploads\/2026\/03\/motion_photo_989933785267495641-1200x900.jpg 1200w, https:\/\/powiatlwowecki.pl\/wp-content\/uploads\/2026\/03\/motion_photo_989933785267495641.jpg 2000w\" sizes=\"(min-width: 2200px) 100vw, (min-width: 784px) 397px, (min-width: 712px) 595px, (min-width: 640px) 712px, \" \/><\/a><\/div><\/div><div class=\"clearfix\"><\/div><div style=\"padding:5px;\" class=\"fusion-grid-column fusion-gallery-column fusion-gallery-column-3 hover-type-none\"><div class=\"fusion-gallery-image\"><a href=\"https:\/\/powiatlwowecki.pl\/wp-content\/uploads\/2026\/03\/motion_photo_1002992954125556350.jpg\" rel=\"noreferrer\" data-rel=\"iLightbox[gallery_image_1]\" class=\"fusion-lightbox\" target=\"_self\"><img decoding=\"async\" src=\"https:\/\/powiatlwowecki.pl\/wp-content\/uploads\/2026\/03\/motion_photo_1002992954125556350.jpg\" width=\"2000\" height=\"1500\" alt=\"\" title=\"motion_photo_1002992954125556350\" aria-label=\"motion_photo_1002992954125556350\" class=\"img-responsive wp-image-12258\" srcset=\"https:\/\/powiatlwowecki.pl\/wp-content\/uploads\/2026\/03\/motion_photo_1002992954125556350-200x150.jpg 200w, https:\/\/powiatlwowecki.pl\/wp-content\/uploads\/2026\/03\/motion_photo_1002992954125556350-400x300.jpg 400w, https:\/\/powiatlwowecki.pl\/wp-content\/uploads\/2026\/03\/motion_photo_1002992954125556350-600x450.jpg 600w, https:\/\/powiatlwowecki.pl\/wp-content\/uploads\/2026\/03\/motion_photo_1002992954125556350-800x600.jpg 800w, https:\/\/powiatlwowecki.pl\/wp-content\/uploads\/2026\/03\/motion_photo_1002992954125556350-1200x900.jpg 1200w, https:\/\/powiatlwowecki.pl\/wp-content\/uploads\/2026\/03\/motion_photo_1002992954125556350.jpg 2000w\" sizes=\"(min-width: 2200px) 100vw, (min-width: 784px) 397px, (min-width: 712px) 595px, (min-width: 640px) 712px, \" \/><\/a><\/div><\/div><div style=\"padding:5px;\" class=\"fusion-grid-column fusion-gallery-column fusion-gallery-column-3 hover-type-none\"><div class=\"fusion-gallery-image\"><a href=\"https:\/\/powiatlwowecki.pl\/wp-content\/uploads\/2026\/03\/motion_photo_1950057725188012094.jpg\" rel=\"noreferrer\" data-rel=\"iLightbox[gallery_image_1]\" class=\"fusion-lightbox\" target=\"_self\"><img decoding=\"async\" src=\"https:\/\/powiatlwowecki.pl\/wp-content\/uploads\/2026\/03\/motion_photo_1950057725188012094.jpg\" width=\"2000\" height=\"1500\" alt=\"\" title=\"motion_photo_1950057725188012094\" aria-label=\"motion_photo_1950057725188012094\" class=\"img-responsive wp-image-12259\" srcset=\"https:\/\/powiatlwowecki.pl\/wp-content\/uploads\/2026\/03\/motion_photo_1950057725188012094-200x150.jpg 200w, https:\/\/powiatlwowecki.pl\/wp-content\/uploads\/2026\/03\/motion_photo_1950057725188012094-400x300.jpg 400w, https:\/\/powiatlwowecki.pl\/wp-content\/uploads\/2026\/03\/motion_photo_1950057725188012094-600x450.jpg 600w, https:\/\/powiatlwowecki.pl\/wp-content\/uploads\/2026\/03\/motion_photo_1950057725188012094-800x600.jpg 800w, https:\/\/powiatlwowecki.pl\/wp-content\/uploads\/2026\/03\/motion_photo_1950057725188012094-1200x900.jpg 1200w, https:\/\/powiatlwowecki.pl\/wp-content\/uploads\/2026\/03\/motion_photo_1950057725188012094.jpg 2000w\" sizes=\"(min-width: 2200px) 100vw, (min-width: 784px) 397px, (min-width: 712px) 595px, (min-width: 640px) 712px, \" \/><\/a><\/div><\/div><div style=\"padding:5px;\" class=\"fusion-grid-column fusion-gallery-column fusion-gallery-column-3 hover-type-none\"><div class=\"fusion-gallery-image\"><a href=\"https:\/\/powiatlwowecki.pl\/wp-content\/uploads\/2026\/03\/motion_photo_4567317088022632286.jpg\" rel=\"noreferrer\" data-rel=\"iLightbox[gallery_image_1]\" class=\"fusion-lightbox\" target=\"_self\"><img decoding=\"async\" src=\"https:\/\/powiatlwowecki.pl\/wp-content\/uploads\/2026\/03\/motion_photo_4567317088022632286.jpg\" width=\"2000\" height=\"1500\" alt=\"\" title=\"motion_photo_4567317088022632286\" aria-label=\"motion_photo_4567317088022632286\" class=\"img-responsive wp-image-12260\" srcset=\"https:\/\/powiatlwowecki.pl\/wp-content\/uploads\/2026\/03\/motion_photo_4567317088022632286-200x150.jpg 200w, https:\/\/powiatlwowecki.pl\/wp-content\/uploads\/2026\/03\/motion_photo_4567317088022632286-400x300.jpg 400w, https:\/\/powiatlwowecki.pl\/wp-content\/uploads\/2026\/03\/motion_photo_4567317088022632286-600x450.jpg 600w, https:\/\/powiatlwowecki.pl\/wp-content\/uploads\/2026\/03\/motion_photo_4567317088022632286-800x600.jpg 800w, https:\/\/powiatlwowecki.pl\/wp-content\/uploads\/2026\/03\/motion_photo_4567317088022632286-1200x900.jpg 1200w, https:\/\/powiatlwowecki.pl\/wp-content\/uploads\/2026\/03\/motion_photo_4567317088022632286.jpg 2000w\" sizes=\"(min-width: 2200px) 100vw, (min-width: 784px) 397px, (min-width: 712px) 595px, (min-width: 640px) 712px, \" \/><\/a><\/div><\/div><div class=\"clearfix\"><\/div><div style=\"padding:5px;\" class=\"fusion-grid-column fusion-gallery-column fusion-gallery-column-3 hover-type-none\"><div class=\"fusion-gallery-image\"><a href=\"https:\/\/powiatlwowecki.pl\/wp-content\/uploads\/2026\/03\/motion_photo_7269314541806298739.jpg\" rel=\"noreferrer\" data-rel=\"iLightbox[gallery_image_1]\" class=\"fusion-lightbox\" target=\"_self\"><img decoding=\"async\" src=\"https:\/\/powiatlwowecki.pl\/wp-content\/uploads\/2026\/03\/motion_photo_7269314541806298739.jpg\" width=\"2000\" height=\"1500\" alt=\"\" title=\"motion_photo_7269314541806298739\" aria-label=\"motion_photo_7269314541806298739\" class=\"img-responsive wp-image-12261\" srcset=\"https:\/\/powiatlwowecki.pl\/wp-content\/uploads\/2026\/03\/motion_photo_7269314541806298739-200x150.jpg 200w, https:\/\/powiatlwowecki.pl\/wp-content\/uploads\/2026\/03\/motion_photo_7269314541806298739-400x300.jpg 400w, https:\/\/powiatlwowecki.pl\/wp-content\/uploads\/2026\/03\/motion_photo_7269314541806298739-600x450.jpg 600w, https:\/\/powiatlwowecki.pl\/wp-content\/uploads\/2026\/03\/motion_photo_7269314541806298739-800x600.jpg 800w, https:\/\/powiatlwowecki.pl\/wp-content\/uploads\/2026\/03\/motion_photo_7269314541806298739-1200x900.jpg 1200w, https:\/\/powiatlwowecki.pl\/wp-content\/uploads\/2026\/03\/motion_photo_7269314541806298739.jpg 2000w\" sizes=\"(min-width: 2200px) 100vw, (min-width: 784px) 397px, (min-width: 712px) 595px, (min-width: 640px) 712px, \" \/><\/a><\/div><\/div><div style=\"padding:5px;\" class=\"fusion-grid-column fusion-gallery-column fusion-gallery-column-3 hover-type-none\"><div class=\"fusion-gallery-image\"><a href=\"https:\/\/powiatlwowecki.pl\/wp-content\/uploads\/2026\/03\/motion_photo_7788786900041220386.jpg\" rel=\"noreferrer\" data-rel=\"iLightbox[gallery_image_1]\" class=\"fusion-lightbox\" target=\"_self\"><img decoding=\"async\" src=\"https:\/\/powiatlwowecki.pl\/wp-content\/uploads\/2026\/03\/motion_photo_7788786900041220386.jpg\" width=\"2000\" height=\"1500\" alt=\"\" title=\"motion_photo_7788786900041220386\" aria-label=\"motion_photo_7788786900041220386\" class=\"img-responsive wp-image-12262\" srcset=\"https:\/\/powiatlwowecki.pl\/wp-content\/uploads\/2026\/03\/motion_photo_7788786900041220386-200x150.jpg 200w, https:\/\/powiatlwowecki.pl\/wp-content\/uploads\/2026\/03\/motion_photo_7788786900041220386-400x300.jpg 400w, https:\/\/powiatlwowecki.pl\/wp-content\/uploads\/2026\/03\/motion_photo_7788786900041220386-600x450.jpg 600w, https:\/\/powiatlwowecki.pl\/wp-content\/uploads\/2026\/03\/motion_photo_7788786900041220386-800x600.jpg 800w, https:\/\/powiatlwowecki.pl\/wp-content\/uploads\/2026\/03\/motion_photo_7788786900041220386-1200x900.jpg 1200w, https:\/\/powiatlwowecki.pl\/wp-content\/uploads\/2026\/03\/motion_photo_7788786900041220386.jpg 2000w\" sizes=\"(min-width: 2200px) 100vw, (min-width: 784px) 397px, (min-width: 712px) 595px, (min-width: 640px) 712px, \" \/><\/a><\/div><\/div><div style=\"padding:5px;\" class=\"fusion-grid-column fusion-gallery-column fusion-gallery-column-3 hover-type-none\"><div class=\"fusion-gallery-image\"><a href=\"https:\/\/powiatlwowecki.pl\/wp-content\/uploads\/2026\/03\/motion_photo_8723068681735099948.jpg\" rel=\"noreferrer\" data-rel=\"iLightbox[gallery_image_1]\" class=\"fusion-lightbox\" target=\"_self\"><img decoding=\"async\" src=\"https:\/\/powiatlwowecki.pl\/wp-content\/uploads\/2026\/03\/motion_photo_8723068681735099948.jpg\" width=\"2000\" height=\"1500\" alt=\"\" title=\"motion_photo_8723068681735099948\" aria-label=\"motion_photo_8723068681735099948\" class=\"img-responsive wp-image-12263\" srcset=\"https:\/\/powiatlwowecki.pl\/wp-content\/uploads\/2026\/03\/motion_photo_8723068681735099948-200x150.jpg 200w, https:\/\/powiatlwowecki.pl\/wp-content\/uploads\/2026\/03\/motion_photo_8723068681735099948-400x300.jpg 400w, https:\/\/powiatlwowecki.pl\/wp-content\/uploads\/2026\/03\/motion_photo_8723068681735099948-600x450.jpg 600w, https:\/\/powiatlwowecki.pl\/wp-content\/uploads\/2026\/03\/motion_photo_8723068681735099948-800x600.jpg 800w, https:\/\/powiatlwowecki.pl\/wp-content\/uploads\/2026\/03\/motion_photo_8723068681735099948-1200x900.jpg 1200w, https:\/\/powiatlwowecki.pl\/wp-content\/uploads\/2026\/03\/motion_photo_8723068681735099948.jpg 2000w\" sizes=\"(min-width: 2200px) 100vw, (min-width: 784px) 397px, (min-width: 712px) 595px, (min-width: 640px) 712px, \" \/><\/a><\/div><\/div><div class=\"clearfix\"><\/div><div style=\"padding:5px;\" class=\"fusion-grid-column fusion-gallery-column fusion-gallery-column-3 hover-type-none\"><div class=\"fusion-gallery-image\"><a href=\"https:\/\/powiatlwowecki.pl\/wp-content\/uploads\/2026\/03\/motion_photo_2315086495242485109.jpg\" rel=\"noreferrer\" data-rel=\"iLightbox[gallery_image_1]\" class=\"fusion-lightbox\" target=\"_self\"><img decoding=\"async\" src=\"https:\/\/powiatlwowecki.pl\/wp-content\/uploads\/2026\/03\/motion_photo_2315086495242485109.jpg\" width=\"2000\" height=\"1500\" alt=\"\" title=\"motion_photo_2315086495242485109\" aria-label=\"motion_photo_2315086495242485109\" class=\"img-responsive wp-image-12264\" srcset=\"https:\/\/powiatlwowecki.pl\/wp-content\/uploads\/2026\/03\/motion_photo_2315086495242485109-200x150.jpg 200w, https:\/\/powiatlwowecki.pl\/wp-content\/uploads\/2026\/03\/motion_photo_2315086495242485109-400x300.jpg 400w, https:\/\/powiatlwowecki.pl\/wp-content\/uploads\/2026\/03\/motion_photo_2315086495242485109-600x450.jpg 600w, https:\/\/powiatlwowecki.pl\/wp-content\/uploads\/2026\/03\/motion_photo_2315086495242485109-800x600.jpg 800w, https:\/\/powiatlwowecki.pl\/wp-content\/uploads\/2026\/03\/motion_photo_2315086495242485109-1200x900.jpg 1200w, https:\/\/powiatlwowecki.pl\/wp-content\/uploads\/2026\/03\/motion_photo_2315086495242485109.jpg 2000w\" sizes=\"(min-width: 2200px) 100vw, (min-width: 784px) 397px, (min-width: 712px) 595px, (min-width: 640px) 712px, \" \/><\/a><\/div><\/div><div style=\"padding:5px;\" class=\"fusion-grid-column fusion-gallery-column fusion-gallery-column-3 hover-type-none\"><div class=\"fusion-gallery-image\"><a href=\"https:\/\/powiatlwowecki.pl\/wp-content\/uploads\/2026\/03\/motion_photo_3240064961389260849.jpg\" rel=\"noreferrer\" data-rel=\"iLightbox[gallery_image_1]\" class=\"fusion-lightbox\" target=\"_self\"><img decoding=\"async\" src=\"https:\/\/powiatlwowecki.pl\/wp-content\/uploads\/2026\/03\/motion_photo_3240064961389260849.jpg\" width=\"2000\" height=\"1500\" alt=\"\" title=\"motion_photo_3240064961389260849\" aria-label=\"motion_photo_3240064961389260849\" class=\"img-responsive wp-image-12265\" srcset=\"https:\/\/powiatlwowecki.pl\/wp-content\/uploads\/2026\/03\/motion_photo_3240064961389260849-200x150.jpg 200w, https:\/\/powiatlwowecki.pl\/wp-content\/uploads\/2026\/03\/motion_photo_3240064961389260849-400x300.jpg 400w, https:\/\/powiatlwowecki.pl\/wp-content\/uploads\/2026\/03\/motion_photo_3240064961389260849-600x450.jpg 600w, https:\/\/powiatlwowecki.pl\/wp-content\/uploads\/2026\/03\/motion_photo_3240064961389260849-800x600.jpg 800w, https:\/\/powiatlwowecki.pl\/wp-content\/uploads\/2026\/03\/motion_photo_3240064961389260849-1200x900.jpg 1200w, https:\/\/powiatlwowecki.pl\/wp-content\/uploads\/2026\/03\/motion_photo_3240064961389260849.jpg 2000w\" sizes=\"(min-width: 2200px) 100vw, (min-width: 784px) 397px, (min-width: 712px) 595px, (min-width: 640px) 712px, \" \/><\/a><\/div><\/div><div style=\"padding:5px;\" class=\"fusion-grid-column fusion-gallery-column fusion-gallery-column-3 hover-type-none\"><div class=\"fusion-gallery-image\"><a href=\"https:\/\/powiatlwowecki.pl\/wp-content\/uploads\/2026\/03\/motion_photo_3273563877430296956.jpg\" rel=\"noreferrer\" data-rel=\"iLightbox[gallery_image_1]\" class=\"fusion-lightbox\" target=\"_self\"><img decoding=\"async\" src=\"https:\/\/powiatlwowecki.pl\/wp-content\/uploads\/2026\/03\/motion_photo_3273563877430296956.jpg\" width=\"2000\" height=\"1500\" alt=\"\" title=\"motion_photo_3273563877430296956\" aria-label=\"motion_photo_3273563877430296956\" class=\"img-responsive wp-image-12266\" srcset=\"https:\/\/powiatlwowecki.pl\/wp-content\/uploads\/2026\/03\/motion_photo_3273563877430296956-200x150.jpg 200w, https:\/\/powiatlwowecki.pl\/wp-content\/uploads\/2026\/03\/motion_photo_3273563877430296956-400x300.jpg 400w, https:\/\/powiatlwowecki.pl\/wp-content\/uploads\/2026\/03\/motion_photo_3273563877430296956-600x450.jpg 600w, https:\/\/powiatlwowecki.pl\/wp-content\/uploads\/2026\/03\/motion_photo_3273563877430296956-800x600.jpg 800w, https:\/\/powiatlwowecki.pl\/wp-content\/uploads\/2026\/03\/motion_photo_3273563877430296956-1200x900.jpg 1200w, https:\/\/powiatlwowecki.pl\/wp-content\/uploads\/2026\/03\/motion_photo_3273563877430296956.jpg 2000w\" sizes=\"(min-width: 2200px) 100vw, (min-width: 784px) 397px, (min-width: 712px) 595px, (min-width: 640px) 712px, \" \/><\/a><\/div><\/div><div class=\"clearfix\"><\/div><div style=\"padding:5px;\" class=\"fusion-grid-column fusion-gallery-column fusion-gallery-column-3 hover-type-none\"><div class=\"fusion-gallery-image\"><a href=\"https:\/\/powiatlwowecki.pl\/wp-content\/uploads\/2026\/03\/motion_photo_4473715758410322457.jpg\" rel=\"noreferrer\" data-rel=\"iLightbox[gallery_image_1]\" class=\"fusion-lightbox\" target=\"_self\"><img decoding=\"async\" src=\"https:\/\/powiatlwowecki.pl\/wp-content\/uploads\/2026\/03\/motion_photo_4473715758410322457.jpg\" width=\"2000\" height=\"1500\" alt=\"\" title=\"motion_photo_4473715758410322457\" aria-label=\"motion_photo_4473715758410322457\" class=\"img-responsive wp-image-12267\" srcset=\"https:\/\/powiatlwowecki.pl\/wp-content\/uploads\/2026\/03\/motion_photo_4473715758410322457-200x150.jpg 200w, https:\/\/powiatlwowecki.pl\/wp-content\/uploads\/2026\/03\/motion_photo_4473715758410322457-400x300.jpg 400w, https:\/\/powiatlwowecki.pl\/wp-content\/uploads\/2026\/03\/motion_photo_4473715758410322457-600x450.jpg 600w, https:\/\/powiatlwowecki.pl\/wp-content\/uploads\/2026\/03\/motion_photo_4473715758410322457-800x600.jpg 800w, https:\/\/powiatlwowecki.pl\/wp-content\/uploads\/2026\/03\/motion_photo_4473715758410322457-1200x900.jpg 1200w, https:\/\/powiatlwowecki.pl\/wp-content\/uploads\/2026\/03\/motion_photo_4473715758410322457.jpg 2000w\" sizes=\"(min-width: 2200px) 100vw, (min-width: 784px) 397px, (min-width: 712px) 595px, (min-width: 640px) 712px, \" \/><\/a><\/div><\/div><div style=\"padding:5px;\" class=\"fusion-grid-column fusion-gallery-column fusion-gallery-column-3 hover-type-none\"><div class=\"fusion-gallery-image\"><a href=\"https:\/\/powiatlwowecki.pl\/wp-content\/uploads\/2026\/03\/IMG-20260311-WA0064.jpg\" rel=\"noreferrer\" data-rel=\"iLightbox[gallery_image_1]\" class=\"fusion-lightbox\" target=\"_self\"><img decoding=\"async\" src=\"https:\/\/powiatlwowecki.pl\/wp-content\/uploads\/2026\/03\/IMG-20260311-WA0064.jpg\" width=\"1600\" height=\"1200\" alt=\"\" title=\"IMG-20260311-WA0064\" aria-label=\"IMG-20260311-WA0064\" class=\"img-responsive wp-image-12268\" srcset=\"https:\/\/powiatlwowecki.pl\/wp-content\/uploads\/2026\/03\/IMG-20260311-WA0064-200x150.jpg 200w, https:\/\/powiatlwowecki.pl\/wp-content\/uploads\/2026\/03\/IMG-20260311-WA0064-400x300.jpg 400w, https:\/\/powiatlwowecki.pl\/wp-content\/uploads\/2026\/03\/IMG-20260311-WA0064-600x450.jpg 600w, https:\/\/powiatlwowecki.pl\/wp-content\/uploads\/2026\/03\/IMG-20260311-WA0064-800x600.jpg 800w, https:\/\/powiatlwowecki.pl\/wp-content\/uploads\/2026\/03\/IMG-20260311-WA0064-1200x900.jpg 1200w, https:\/\/powiatlwowecki.pl\/wp-content\/uploads\/2026\/03\/IMG-20260311-WA0064.jpg 1600w\" sizes=\"(min-width: 2200px) 100vw, (min-width: 784px) 397px, (min-width: 712px) 595px, (min-width: 640px) 712px, \" \/><\/a><\/div><\/div><div style=\"padding:5px;\" class=\"fusion-grid-column fusion-gallery-column fusion-gallery-column-3 hover-type-none\"><div class=\"fusion-gallery-image\"><a href=\"https:\/\/powiatlwowecki.pl\/wp-content\/uploads\/2026\/03\/IMG-20260311-WA0068.jpg\" rel=\"noreferrer\" data-rel=\"iLightbox[gallery_image_1]\" class=\"fusion-lightbox\" target=\"_self\"><img decoding=\"async\" src=\"https:\/\/powiatlwowecki.pl\/wp-content\/uploads\/2026\/03\/IMG-20260311-WA0068.jpg\" width=\"1600\" height=\"1200\" alt=\"\" title=\"IMG-20260311-WA0068\" aria-label=\"IMG-20260311-WA0068\" class=\"img-responsive wp-image-12269\" srcset=\"https:\/\/powiatlwowecki.pl\/wp-content\/uploads\/2026\/03\/IMG-20260311-WA0068-200x150.jpg 200w, https:\/\/powiatlwowecki.pl\/wp-content\/uploads\/2026\/03\/IMG-20260311-WA0068-400x300.jpg 400w, https:\/\/powiatlwowecki.pl\/wp-content\/uploads\/2026\/03\/IMG-20260311-WA0068-600x450.jpg 600w, https:\/\/powiatlwowecki.pl\/wp-content\/uploads\/2026\/03\/IMG-20260311-WA0068-800x600.jpg 800w, https:\/\/powiatlwowecki.pl\/wp-content\/uploads\/2026\/03\/IMG-20260311-WA0068-1200x900.jpg 1200w, https:\/\/powiatlwowecki.pl\/wp-content\/uploads\/2026\/03\/IMG-20260311-WA0068.jpg 1600w\" sizes=\"(min-width: 2200px) 100vw, (min-width: 784px) 397px, (min-width: 712px) 595px, (min-width: 640px) 712px, \" \/><\/a><\/div><\/div><div class=\"clearfix\"><\/div><div style=\"padding:5px;\" class=\"fusion-grid-column fusion-gallery-column fusion-gallery-column-3 hover-type-none\"><div class=\"fusion-gallery-image\"><a href=\"https:\/\/powiatlwowecki.pl\/wp-content\/uploads\/2026\/03\/IMG-20260311-WA0086.jpg\" rel=\"noreferrer\" data-rel=\"iLightbox[gallery_image_1]\" class=\"fusion-lightbox\" target=\"_self\"><img decoding=\"async\" src=\"https:\/\/powiatlwowecki.pl\/wp-content\/uploads\/2026\/03\/IMG-20260311-WA0086.jpg\" width=\"1600\" height=\"1200\" alt=\"\" title=\"IMG-20260311-WA0086\" aria-label=\"IMG-20260311-WA0086\" class=\"img-responsive wp-image-12270\" srcset=\"https:\/\/powiatlwowecki.pl\/wp-content\/uploads\/2026\/03\/IMG-20260311-WA0086-200x150.jpg 200w, https:\/\/powiatlwowecki.pl\/wp-content\/uploads\/2026\/03\/IMG-20260311-WA0086-400x300.jpg 400w, https:\/\/powiatlwowecki.pl\/wp-content\/uploads\/2026\/03\/IMG-20260311-WA0086-600x450.jpg 600w, https:\/\/powiatlwowecki.pl\/wp-content\/uploads\/2026\/03\/IMG-20260311-WA0086-800x600.jpg 800w, https:\/\/powiatlwowecki.pl\/wp-content\/uploads\/2026\/03\/IMG-20260311-WA0086-1200x900.jpg 1200w, https:\/\/powiatlwowecki.pl\/wp-content\/uploads\/2026\/03\/IMG-20260311-WA0086.jpg 1600w\" sizes=\"(min-width: 2200px) 100vw, (min-width: 784px) 397px, (min-width: 712px) 595px, (min-width: 640px) 712px, \" \/><\/a><\/div><\/div><div style=\"padding:5px;\" class=\"fusion-grid-column fusion-gallery-column fusion-gallery-column-3 hover-type-none\"><div class=\"fusion-gallery-image\"><a href=\"https:\/\/powiatlwowecki.pl\/wp-content\/uploads\/2026\/03\/IMG-20260311-WA0091.jpg\" rel=\"noreferrer\" data-rel=\"iLightbox[gallery_image_1]\" class=\"fusion-lightbox\" target=\"_self\"><img decoding=\"async\" src=\"https:\/\/powiatlwowecki.pl\/wp-content\/uploads\/2026\/03\/IMG-20260311-WA0091.jpg\" width=\"1600\" height=\"1200\" alt=\"\" title=\"IMG-20260311-WA0091\" aria-label=\"IMG-20260311-WA0091\" class=\"img-responsive wp-image-12271\" srcset=\"https:\/\/powiatlwowecki.pl\/wp-content\/uploads\/2026\/03\/IMG-20260311-WA0091-200x150.jpg 200w, https:\/\/powiatlwowecki.pl\/wp-content\/uploads\/2026\/03\/IMG-20260311-WA0091-400x300.jpg 400w, https:\/\/powiatlwowecki.pl\/wp-content\/uploads\/2026\/03\/IMG-20260311-WA0091-600x450.jpg 600w, https:\/\/powiatlwowecki.pl\/wp-content\/uploads\/2026\/03\/IMG-20260311-WA0091-800x600.jpg 800w, https:\/\/powiatlwowecki.pl\/wp-content\/uploads\/2026\/03\/IMG-20260311-WA0091-1200x900.jpg 1200w, https:\/\/powiatlwowecki.pl\/wp-content\/uploads\/2026\/03\/IMG-20260311-WA0091.jpg 1600w\" sizes=\"(min-width: 2200px) 100vw, (min-width: 784px) 397px, (min-width: 712px) 595px, (min-width: 640px) 712px, \" \/><\/a><\/div><\/div><div style=\"padding:5px;\" class=\"fusion-grid-column fusion-gallery-column fusion-gallery-column-3 hover-type-none\"><div class=\"fusion-gallery-image\"><a href=\"https:\/\/powiatlwowecki.pl\/wp-content\/uploads\/2026\/03\/IMG-20260311-WA0099.jpg\" rel=\"noreferrer\" data-rel=\"iLightbox[gallery_image_1]\" class=\"fusion-lightbox\" target=\"_self\"><img decoding=\"async\" src=\"https:\/\/powiatlwowecki.pl\/wp-content\/uploads\/2026\/03\/IMG-20260311-WA0099.jpg\" width=\"1600\" height=\"1200\" alt=\"\" title=\"IMG-20260311-WA0099\" aria-label=\"IMG-20260311-WA0099\" class=\"img-responsive wp-image-12272\" srcset=\"https:\/\/powiatlwowecki.pl\/wp-content\/uploads\/2026\/03\/IMG-20260311-WA0099-200x150.jpg 200w, https:\/\/powiatlwowecki.pl\/wp-content\/uploads\/2026\/03\/IMG-20260311-WA0099-400x300.jpg 400w, https:\/\/powiatlwowecki.pl\/wp-content\/uploads\/2026\/03\/IMG-20260311-WA0099-600x450.jpg 600w, https:\/\/powiatlwowecki.pl\/wp-content\/uploads\/2026\/03\/IMG-20260311-WA0099-800x600.jpg 800w, https:\/\/powiatlwowecki.pl\/wp-content\/uploads\/2026\/03\/IMG-20260311-WA0099-1200x900.jpg 1200w, https:\/\/powiatlwowecki.pl\/wp-content\/uploads\/2026\/03\/IMG-20260311-WA0099.jpg 1600w\" sizes=\"(min-width: 2200px) 100vw, (min-width: 784px) 397px, (min-width: 712px) 595px, (min-width: 640px) 712px, \" \/><\/a><\/div><\/div><div class=\"clearfix\"><\/div><div style=\"padding:5px;\" class=\"fusion-grid-column fusion-gallery-column fusion-gallery-column-3 hover-type-none\"><div class=\"fusion-gallery-image\"><a href=\"https:\/\/powiatlwowecki.pl\/wp-content\/uploads\/2026\/03\/motion_photo_1960748763322490546.jpg\" rel=\"noreferrer\" data-rel=\"iLightbox[gallery_image_1]\" class=\"fusion-lightbox\" target=\"_self\"><img decoding=\"async\" src=\"https:\/\/powiatlwowecki.pl\/wp-content\/uploads\/2026\/03\/motion_photo_1960748763322490546.jpg\" width=\"2000\" height=\"1500\" alt=\"\" title=\"motion_photo_1960748763322490546\" aria-label=\"motion_photo_1960748763322490546\" class=\"img-responsive wp-image-12273\" srcset=\"https:\/\/powiatlwowecki.pl\/wp-content\/uploads\/2026\/03\/motion_photo_1960748763322490546-200x150.jpg 200w, https:\/\/powiatlwowecki.pl\/wp-content\/uploads\/2026\/03\/motion_photo_1960748763322490546-400x300.jpg 400w, https:\/\/powiatlwowecki.pl\/wp-content\/uploads\/2026\/03\/motion_photo_1960748763322490546-600x450.jpg 600w, https:\/\/powiatlwowecki.pl\/wp-content\/uploads\/2026\/03\/motion_photo_1960748763322490546-800x600.jpg 800w, https:\/\/powiatlwowecki.pl\/wp-content\/uploads\/2026\/03\/motion_photo_1960748763322490546-1200x900.jpg 1200w, https:\/\/powiatlwowecki.pl\/wp-content\/uploads\/2026\/03\/motion_photo_1960748763322490546.jpg 2000w\" sizes=\"(min-width: 2200px) 100vw, (min-width: 784px) 397px, (min-width: 712px) 595px, (min-width: 640px) 712px, \" \/><\/a><\/div><\/div><\/div><\/div><\/div><\/div><\/div><\/div>\n","protected":false},"excerpt":{"rendered":"","protected":false},"author":8,"featured_media":12261,"comment_status":"closed","ping_status":"closed","sticky":false,"template":"","format":"standard","meta":{"_acf_changed":false,"footnotes":""},"categories":[5],"tags":[],"class_list":["post-12274","post","type-post","status-publish","format-standard","has-post-thumbnail","hentry","category-aktualnosci"],"acf":{"kal_data_wydarzenia":""},"_links":{"self":[{"href":"https:\/\/powiatlwowecki.pl\/plci_json_endpoint\/wp\/v2\/posts\/12274","targetHints":{"allow":["GET"]}}],"collection":[{"href":"https:\/\/powiatlwowecki.pl\/plci_json_endpoint\/wp\/v2\/posts"}],"about":[{"href":"https:\/\/powiatlwowecki.pl\/plci_json_endpoint\/wp\/v2\/types\/post"}],"author":[{"embeddable":true,"href":"https:\/\/powiatlwowecki.pl\/plci_json_endpoint\/wp\/v2\/users\/8"}],"replies":[{"embeddable":true,"href":"https:\/\/powiatlwowecki.pl\/plci_json_endpoint\/wp\/v2\/comments?post=12274"}],"version-history":[{"count":1,"href":"https:\/\/powiatlwowecki.pl\/plci_json_endpoint\/wp\/v2\/posts\/12274\/revisions"}],"predecessor-version":[{"id":12275,"href":"https:\/\/powiatlwowecki.pl\/plci_json_endpoint\/wp\/v2\/posts\/12274\/revisions\/12275"}],"wp:featuredmedia":[{"embeddable":true,"href":"https:\/\/powiatlwowecki.pl\/plci_json_endpoint\/wp\/v2\/media\/12261"}],"wp:attachment":[{"href":"https:\/\/powiatlwowecki.pl\/plci_json_endpoint\/wp\/v2\/media?parent=12274"}],"wp:term":[{"taxonomy":"category","embeddable":true,"href":"https:\/\/powiatlwowecki.pl\/plci_json_endpoint\/wp\/v2\/categories?post=12274"},{"taxonomy":"post_tag","embeddable":true,"href":"https:\/\/powiatlwowecki.pl\/plci_json_endpoint\/wp\/v2\/tags?post=12274"}],"curies":[{"name":"wp","href":"https:\/\/api.w.org\/{rel}","templated":true}]}}