{"id":12246,"date":"2026-03-15T08:00:01","date_gmt":"2026-03-15T07:00:01","guid":{"rendered":"https:\/\/powiatlwowecki.pl\/?p=12246"},"modified":"2026-03-11T15:09:50","modified_gmt":"2026-03-11T14:09:50","slug":"15-marca-miedzynarodowy-dzien-praw-konsumenta","status":"publish","type":"post","link":"https:\/\/powiatlwowecki.pl\/15-marca-miedzynarodowy-dzien-praw-konsumenta\/","title":{"rendered":"15 marca \u2013 Mi\u0119dzynarodowy Dzie\u0144 Praw Konsumenta"},"content":{"rendered":"<p class=\"isSelectedEnd\">Mi\u0119dzynarodowy Dzie\u0144 Praw Konsumenta obchodzony jest co roku <strong>15 marca<\/strong>. \u015awi\u0119to to ma na celu zwr\u00f3cenie uwagi na prawa os\u00f3b kupuj\u0105cych towary i korzystaj\u0105cych z us\u0142ug oraz promowanie \u015bwiadomych i bezpiecznych decyzji konsumenckich.<\/p>\n<p class=\"isSelectedEnd\">Ka\u017cdego dnia dokonujemy wielu wybor\u00f3w jako konsumenci \u2013 kupujemy produkty, zawieramy umowy, korzystamy z us\u0142ug stacjonarnych i internetowych. Warto pami\u0119ta\u0107, \u017ce w takich sytuacjach przys\u0142uguj\u0105 nam okre\u015blone prawa, kt\u00f3re maj\u0105 chroni\u0107 nas przed nieuczciwymi praktykami oraz zapewnia\u0107 bezpiecze\u0144stwo transakcji.<\/p>\n<p class=\"isSelectedEnd\">Do podstawowych praw konsumenta nale\u017c\u0105 m.in.:<br \/>\n\u2022 prawo do bezpiecze\u0144stwa produkt\u00f3w i us\u0142ug,<br \/>\n\u2022 prawo do rzetelnej i pe\u0142nej informacji o towarze lub us\u0142udze,<br \/>\n\u2022 prawo do swobodnego wyboru,<br \/>\n\u2022 prawo do dochodzenia swoich roszcze\u0144,<br \/>\n\u2022 prawo do z\u0142o\u017cenia reklamacji wadliwego towaru lub us\u0142ugi.<\/p>\n<p class=\"isSelectedEnd\">Mi\u0119dzynarodowy Dzie\u0144 Praw Konsumenta to tak\u017ce dobra okazja, aby przypomnie\u0107 o instytucjach, kt\u00f3re wspieraj\u0105 mieszka\u0144c\u00f3w w sytuacjach spornych z przedsi\u0119biorcami. Mieszka\u0144cy <strong>Powiatu Lw\u00f3weckiego<\/strong> mog\u0105 skorzysta\u0107 z bezp\u0142atnej pomocy <strong>Powiatowego Rzecznika Konsument\u00f3w<\/strong>, kt\u00f3ry udziela porad, wyja\u015bnia przepisy oraz \u2013 w uzasadnionych przypadkach \u2013 podejmuje interwencj\u0119 u przedsi\u0119biorcy.<\/p>\n<p class=\"isSelectedEnd\">Wsparcie mo\u017cna uzyska\u0107 r\u00f3wnie\u017c w ramach <strong>nieodp\u0142atnej pomocy prawnej oraz nieodp\u0142atnego poradnictwa obywatelskiego<\/strong>, funkcjonuj\u0105cych na terenie powiatu. Porady udzielane s\u0105 m.in. w punkcie zlokalizowanym w <strong>Starostwie Powiatowym w Lw\u00f3wku \u015al\u0105skim przy ul. Szpitalnej 4<\/strong>, a tak\u017ce w innych punktach na terenie powiatu.<\/p>\n<p class=\"isSelectedEnd\">Nieodp\u0142atna pomoc prawna obejmuje m.in. poinformowanie o obowi\u0105zuj\u0105cych przepisach, wskazanie mo\u017cliwych sposob\u00f3w rozwi\u0105zania problemu prawnego oraz pomoc w przygotowaniu pism.<\/p>\n<p class=\"isSelectedEnd\"><strong>\u015awiadomy konsument to bezpieczny konsument.<\/strong> Przed dokonaniem zakupu warto zapozna\u0107 si\u0119 z warunkami umowy, sprawdzi\u0107 sprzedawc\u0119 oraz zachowa\u0107 paragony lub potwierdzenia transakcji, kt\u00f3re mog\u0105 by\u0107 potrzebne w przypadku reklamacji.<\/p>\n<p>Szczeg\u00f3\u0142owe informacje dotycz\u0105ce nieodp\u0142atnej pomocy prawnej dost\u0119pne s\u0105 na <a href=\"https:\/\/powiatlwowecki.pl\/nieodplatna-pomoc-prawna\/\">stronie internetowej Powiatu Lw\u00f3weckiego.<\/a><\/p>\n","protected":false},"excerpt":{"rendered":"<p>Mi\u0119dzynarodowy Dzie\u0144 Praw Konsumenta obchodzony jest co roku 15 marca. \u015awi\u0119to to ma na celu zwr\u00f3cenie uwagi na prawa os\u00f3b kupuj\u0105cych towary i korzystaj\u0105cych z us\u0142ug oraz promowanie \u015bwiadomych i bezpiecznych decyzji konsumenckich. Ka\u017cdego dnia  [&#8230;]<\/p>\n","protected":false},"author":8,"featured_media":0,"comment_status":"closed","ping_status":"closed","sticky":false,"template":"","format":"standard","meta":{"_acf_changed":false,"footnotes":""},"categories":[5],"tags":[],"class_list":["post-12246","post","type-post","status-publish","format-standard","hentry","category-aktualnosci"],"acf":{"kal_data_wydarzenia":""},"_links":{"self":[{"href":"https:\/\/powiatlwowecki.pl\/plci_json_endpoint\/wp\/v2\/posts\/12246","targetHints":{"allow":["GET"]}}],"collection":[{"href":"https:\/\/powiatlwowecki.pl\/plci_json_endpoint\/wp\/v2\/posts"}],"about":[{"href":"https:\/\/powiatlwowecki.pl\/plci_json_endpoint\/wp\/v2\/types\/post"}],"author":[{"embeddable":true,"href":"https:\/\/powiatlwowecki.pl\/plci_json_endpoint\/wp\/v2\/users\/8"}],"replies":[{"embeddable":true,"href":"https:\/\/powiatlwowecki.pl\/plci_json_endpoint\/wp\/v2\/comments?post=12246"}],"version-history":[{"count":4,"href":"https:\/\/powiatlwowecki.pl\/plci_json_endpoint\/wp\/v2\/posts\/12246\/revisions"}],"predecessor-version":[{"id":12251,"href":"https:\/\/powiatlwowecki.pl\/plci_json_endpoint\/wp\/v2\/posts\/12246\/revisions\/12251"}],"wp:attachment":[{"href":"https:\/\/powiatlwowecki.pl\/plci_json_endpoint\/wp\/v2\/media?parent=12246"}],"wp:term":[{"taxonomy":"category","embeddable":true,"href":"https:\/\/powiatlwowecki.pl\/plci_json_endpoint\/wp\/v2\/categories?post=12246"},{"taxonomy":"post_tag","embeddable":true,"href":"https:\/\/powiatlwowecki.pl\/plci_json_endpoint\/wp\/v2\/tags?post=12246"}],"curies":[{"name":"wp","href":"https:\/\/api.w.org\/{rel}","templated":true}]}}