{"id":12236,"date":"2026-03-10T12:30:01","date_gmt":"2026-03-10T11:30:01","guid":{"rendered":"https:\/\/powiatlwowecki.pl\/?p=12236"},"modified":"2026-03-10T12:31:05","modified_gmt":"2026-03-10T11:31:05","slug":"dzien-soltysa-3","status":"publish","type":"post","link":"https:\/\/powiatlwowecki.pl\/dzien-soltysa-3\/","title":{"rendered":"Dzie\u0144 So\u0142tysa"},"content":{"rendered":"<div class=\"xdj266r x14z9mp xat24cr x1lziwak x1vvkbs x126k92a\">\n<div dir=\"auto\" style=\"text-align: center;\">Starosta Lw\u00f3wecki wsp\u00f3lnie z Przewodnicz\u0105cym Rady Powiatu Lw\u00f3weckiego wyra\u017caj\u0105 s\u0142owa uznania i podzi\u0119kowania za aktywn\u0105 postaw\u0119 w ka\u017cdym so\u0142ectwie naszego powiatu.<\/div>\n<\/div>\n<div class=\"x14z9mp xat24cr x1lziwak x1vvkbs xtlvy1s x126k92a\" style=\"text-align: center;\">\n<div dir=\"auto\">Doceniamy Pa\u0144stwa odpowiedzialno\u015b\u0107, otwarto\u015b\u0107 na potrzeby mieszka\u0144c\u00f3w oraz gotowo\u015b\u0107 do podejmowania dzia\u0142a\u0144 s\u0142u\u017c\u0105cych rozwojowi wsp\u00f3lnot. Dzi\u0119ki takim postawom nasze so\u0142ectwa staj\u0105 si\u0119 miejscem coraz bardziej przyjaznym do \u017cycia i wsp\u00f3\u0142pracy.<\/div>\n<\/div>\n<div class=\"x14z9mp xat24cr x1lziwak x1vvkbs xtlvy1s x126k92a\">\n<div dir=\"auto\" style=\"text-align: center;\">\u017byczymy dalszych sukces\u00f3w w realizacji podejmowanych dzia\u0142a\u0144, satysfakcji z pracy spo\u0142ecznej oraz nieustaj\u0105cej energii do podejmowania kolejnych inicjatyw.<\/div>\n<div dir=\"auto\"><img decoding=\"async\" class=\" wp-image-12235 aligncenter\" src=\"https:\/\/powiatlwowecki.pl\/wp-content\/uploads\/2026\/03\/Z-okazji-dnia-soltysa2-300x169.jpg\" alt=\"\" width=\"591\" height=\"333\" srcset=\"https:\/\/powiatlwowecki.pl\/wp-content\/uploads\/2026\/03\/Z-okazji-dnia-soltysa2-24x14.jpg 24w, https:\/\/powiatlwowecki.pl\/wp-content\/uploads\/2026\/03\/Z-okazji-dnia-soltysa2-36x20.jpg 36w, https:\/\/powiatlwowecki.pl\/wp-content\/uploads\/2026\/03\/Z-okazji-dnia-soltysa2-48x27.jpg 48w, https:\/\/powiatlwowecki.pl\/wp-content\/uploads\/2026\/03\/Z-okazji-dnia-soltysa2-200x113.jpg 200w, https:\/\/powiatlwowecki.pl\/wp-content\/uploads\/2026\/03\/Z-okazji-dnia-soltysa2-300x169.jpg 300w, https:\/\/powiatlwowecki.pl\/wp-content\/uploads\/2026\/03\/Z-okazji-dnia-soltysa2-400x225.jpg 400w, https:\/\/powiatlwowecki.pl\/wp-content\/uploads\/2026\/03\/Z-okazji-dnia-soltysa2-600x338.jpg 600w, https:\/\/powiatlwowecki.pl\/wp-content\/uploads\/2026\/03\/Z-okazji-dnia-soltysa2-768x432.jpg 768w, https:\/\/powiatlwowecki.pl\/wp-content\/uploads\/2026\/03\/Z-okazji-dnia-soltysa2-800x450.jpg 800w, https:\/\/powiatlwowecki.pl\/wp-content\/uploads\/2026\/03\/Z-okazji-dnia-soltysa2-1024x576.jpg 1024w, https:\/\/powiatlwowecki.pl\/wp-content\/uploads\/2026\/03\/Z-okazji-dnia-soltysa2-1200x675.jpg 1200w, https:\/\/powiatlwowecki.pl\/wp-content\/uploads\/2026\/03\/Z-okazji-dnia-soltysa2-1536x864.jpg 1536w, https:\/\/powiatlwowecki.pl\/wp-content\/uploads\/2026\/03\/Z-okazji-dnia-soltysa2.jpg 1920w\" sizes=\"(max-width: 591px) 100vw, 591px\" \/><\/div>\n<\/div>\n","protected":false},"excerpt":{"rendered":"<p>Starosta Lw\u00f3wecki wsp\u00f3lnie z Przewodnicz\u0105cym Rady Powiatu Lw\u00f3weckiego wyra\u017caj\u0105 s\u0142owa uznania i podzi\u0119kowania za aktywn\u0105 postaw\u0119 w ka\u017cdym so\u0142ectwie naszego powiatu. Doceniamy Pa\u0144stwa odpowiedzialno\u015b\u0107, otwarto\u015b\u0107 na potrzeby mieszka\u0144c\u00f3w oraz gotowo\u015b\u0107 do podejmowania dzia\u0142a\u0144 s\u0142u\u017c\u0105cych rozwojowi  [&#8230;]<\/p>\n","protected":false},"author":8,"featured_media":12235,"comment_status":"closed","ping_status":"closed","sticky":false,"template":"","format":"standard","meta":{"_acf_changed":false,"footnotes":""},"categories":[5],"tags":[],"class_list":["post-12236","post","type-post","status-publish","format-standard","has-post-thumbnail","hentry","category-aktualnosci"],"acf":{"kal_data_wydarzenia":""},"_links":{"self":[{"href":"https:\/\/powiatlwowecki.pl\/plci_json_endpoint\/wp\/v2\/posts\/12236","targetHints":{"allow":["GET"]}}],"collection":[{"href":"https:\/\/powiatlwowecki.pl\/plci_json_endpoint\/wp\/v2\/posts"}],"about":[{"href":"https:\/\/powiatlwowecki.pl\/plci_json_endpoint\/wp\/v2\/types\/post"}],"author":[{"embeddable":true,"href":"https:\/\/powiatlwowecki.pl\/plci_json_endpoint\/wp\/v2\/users\/8"}],"replies":[{"embeddable":true,"href":"https:\/\/powiatlwowecki.pl\/plci_json_endpoint\/wp\/v2\/comments?post=12236"}],"version-history":[{"count":1,"href":"https:\/\/powiatlwowecki.pl\/plci_json_endpoint\/wp\/v2\/posts\/12236\/revisions"}],"predecessor-version":[{"id":12237,"href":"https:\/\/powiatlwowecki.pl\/plci_json_endpoint\/wp\/v2\/posts\/12236\/revisions\/12237"}],"wp:featuredmedia":[{"embeddable":true,"href":"https:\/\/powiatlwowecki.pl\/plci_json_endpoint\/wp\/v2\/media\/12235"}],"wp:attachment":[{"href":"https:\/\/powiatlwowecki.pl\/plci_json_endpoint\/wp\/v2\/media?parent=12236"}],"wp:term":[{"taxonomy":"category","embeddable":true,"href":"https:\/\/powiatlwowecki.pl\/plci_json_endpoint\/wp\/v2\/categories?post=12236"},{"taxonomy":"post_tag","embeddable":true,"href":"https:\/\/powiatlwowecki.pl\/plci_json_endpoint\/wp\/v2\/tags?post=12236"}],"curies":[{"name":"wp","href":"https:\/\/api.w.org\/{rel}","templated":true}]}}