{"id":12158,"date":"2026-02-27T08:17:42","date_gmt":"2026-02-27T07:17:42","guid":{"rendered":"https:\/\/powiatlwowecki.pl\/?p=12158"},"modified":"2026-02-27T08:17:42","modified_gmt":"2026-02-27T07:17:42","slug":"nowe-polaczenia-autobusowe-lwowek-slaski-boleslawiec-od-2-marca","status":"publish","type":"post","link":"https:\/\/powiatlwowecki.pl\/nowe-polaczenia-autobusowe-lwowek-slaski-boleslawiec-od-2-marca\/","title":{"rendered":"Nowe po\u0142\u0105czenia autobusowe Lw\u00f3wek \u015al\u0105ski-Boles\u0142awiec od 2 marca"},"content":{"rendered":"<p><div class=\"fusion-fullwidth fullwidth-box fusion-builder-row-1 fusion-flex-container nonhundred-percent-fullwidth non-hundred-percent-height-scrolling\" style=\"--awb-border-radius-top-left:0px;--awb-border-radius-top-right:0px;--awb-border-radius-bottom-right:0px;--awb-border-radius-bottom-left:0px;--awb-flex-wrap:wrap;\" ><div class=\"fusion-builder-row fusion-row fusion-flex-align-items-flex-start fusion-flex-content-wrap\" style=\"max-width:1248px;margin-left: calc(-4% \/ 2 );margin-right: calc(-4% \/ 2 );\"><div class=\"fusion-layout-column fusion_builder_column fusion-builder-column-0 fusion_builder_column_1_4 1_4 fusion-flex-column\" style=\"--awb-bg-size:cover;--awb-width-large:25%;--awb-margin-top-large:0px;--awb-spacing-right-large:7.68%;--awb-margin-bottom-large:20px;--awb-spacing-left-large:7.68%;--awb-width-medium:100%;--awb-order-medium:0;--awb-spacing-right-medium:1.92%;--awb-spacing-left-medium:1.92%;--awb-width-small:100%;--awb-order-small:0;--awb-spacing-right-small:1.92%;--awb-spacing-left-small:1.92%;\"><div class=\"fusion-column-wrapper fusion-column-has-shadow fusion-flex-justify-content-flex-start fusion-content-layout-column\"><div class=\"fusion-content-boxes content-boxes columns row fusion-columns-1 fusion-columns-total-1 fusion-content-boxes-1 content-boxes-icon-with-title content-left\" style=\"--awb-hover-accent-color:#f44336;--awb-circle-hover-accent-color:#f44336;--awb-item-margin-bottom:40px;\" data-animationOffset=\"top-into-view\"><div style=\"--awb-backgroundcolor:var(--awb-color4);\" class=\"fusion-column content-box-column content-box-column content-box-column-1 col-lg-12 col-md-12 col-sm-12 fusion-content-box-hover content-box-column-last content-box-column-last-in-row\"><div class=\"col content-box-wrapper content-wrapper-background link-area-link-icon link-type-text content-icon-wrapper-yes icon-hover-animation-slide\" data-animationOffset=\"top-into-view\"><div class=\"heading icon-left\"><a class=\"heading-link\" style=\"float:left;\" href=\"https:\/\/powiatlwowecki.pl\/wp-content\/uploads\/2026\/02\/rozklad-jazdy.png\" target=\"_self\"><h2 class=\"content-box-heading\" style=\"--h2_typography-font-size:24px;line-height:29px;\">Rozk\u0142ad Jazdy <\/h2><\/a><\/div><div class=\"fusion-clearfix\"><\/div><a class=\" fusion-read-more\" style=\"float:left;\" href=\"https:\/\/powiatlwowecki.pl\/wp-content\/uploads\/2026\/02\/rozklad-jazdy.png\" target=\"_self\">Pobierz<\/a><div class=\"fusion-clearfix\"><\/div><\/div><\/div><div class=\"fusion-clearfix\"><\/div><\/div><\/div><\/div><div class=\"fusion-layout-column fusion_builder_column fusion-builder-column-1 fusion_builder_column_3_4 3_4 fusion-flex-column\" style=\"--awb-bg-size:cover;--awb-width-large:75%;--awb-margin-top-large:0px;--awb-spacing-right-large:2.56%;--awb-margin-bottom-large:0px;--awb-spacing-left-large:2.56%;--awb-width-medium:100%;--awb-spacing-right-medium:1.92%;--awb-spacing-left-medium:1.92%;--awb-width-small:100%;--awb-spacing-right-small:1.92%;--awb-spacing-left-small:1.92%;\"><div class=\"fusion-column-wrapper fusion-flex-justify-content-flex-start fusion-content-layout-column\"><div class=\"fusion-text fusion-text-1\"><p>Od 2 marca mieszka\u0144cy Powiatu Lw\u00f3weckiego zyskaj\u0105 nowe, d\u0142ugo wyczekiwane po\u0142\u0105czenia autobusowe na trasie Lw\u00f3wek \u015al\u0105ski \u2013 Boles\u0142awiec. To bardzo dobra wiadomo\u015b\u0107 w kontek\u015bcie przeciwdzia\u0142ania wykluczeniu komunikacyjnemu oraz zwi\u0119kszania dost\u0119pno\u015bci transportu publicznego w naszym regionie.<\/p>\n<p>Na podstawie porozumienia zawartego pomi\u0119dzy Powiatem Lw\u00f3weckim a Powiat Boles\u0142awiecki uruchomionych zostanie \u0142\u0105cznie 7 kurs\u00f3w dziennie:<\/p>\n<p>\u2013 4 kursy z Boles\u0142awca do Lw\u00f3wka \u015al\u0105skiego,<\/p>\n<p>\u2013 3 kursy z Lw\u00f3wka \u015al\u0105skiego do Boles\u0142awca.<\/p>\n<p>Organizatorem przewoz\u00f3w jest Powiat Boles\u0142awiecki.<\/p>\n<p>Rozk\u0142ad jazdy zosta\u0142 opracowany w taki spos\u00f3b, aby umo\u017cliwi\u0107 mieszka\u0144com dojazd do pracy, szk\u00f3\u0142, plac\u00f3wek medycznych czy dalszych po\u0142\u0105cze\u0144 kolejowych ju\u017c w godzinach porannych.<\/p>\n<p>Z Lw\u00f3wka \u015al\u0105skiego do Boles\u0142awca autobusy b\u0119d\u0105 odje\u017cd\u017ca\u0107:<\/p>\n<p>\u2013 o godz. 4:55 (przyjazd do Boles\u0142awca o 5:32),<\/p>\n<p>\u2013 o godz. 5:55 (przyjazd o 6:32),<\/p>\n<p>\u2013 o godz. 15:45 (przyjazd o 16:22).<\/p>\n<p>Wczesnoporanne kursy umo\u017cliwi\u0105 dogodn\u0105 przesiadk\u0119 na poci\u0105gi w kierunku Wroc\u0142awia \u2013 stolicy Dolnego \u015al\u0105ska. Co istotne, przystanek w Boles\u0142awcu b\u0119dzie zlokalizowany bezpo\u015brednio przy dworcu PKP, co zapewni wygodne i sprawne po\u0142\u0105czenie transportu autobusowego z kolejowym.<\/p>\n<p>R\u00f3wnie istotne s\u0105 kursy powrotne z Boles\u0142awca do Lw\u00f3wka \u015al\u0105skiego, kt\u00f3re umo\u017cliwi\u0105 mieszka\u0144com bezpieczny powr\u00f3t tak\u017ce w godzinach wieczornych. Autobusy z Boles\u0142awca b\u0119d\u0105 odje\u017cd\u017ca\u0107:<\/p>\n<p>\u2013 o godz. 9:30 (przyjazd do Lw\u00f3wka o 10:06),<\/p>\n<p>\u2013 o godz. 18:30 (przyjazd o 19:06),<\/p>\n<p>\u2013 o godz. 19:30 (przyjazd o 20:06),<\/p>\n<p>\u2013 o godz. 21:45 (przyjazd o 22:21).<\/p>\n<p>Dzi\u0119ki temu mieszka\u0144cy Powiatu Lw\u00f3weckiego b\u0119d\u0105 mogli wr\u00f3ci\u0107 do domu nawet bardzo p\u00f3\u017anym wieczorem, co dotychczas stanowi\u0142o istotne utrudnienie komunikacyjne.<\/p>\n<p>Co wa\u017cne, autobusy b\u0119d\u0105 kursowa\u0107 codziennie \u2013 nie tylko w dni nauki szkolnej, ale r\u00f3wnie\u017c w soboty i niedziele. To rozwi\u0105zanie znacz\u0105co zwi\u0119kszy mobilno\u015b\u0107 mieszka\u0144c\u00f3w i zapewni dost\u0119pno\u015b\u0107 transportu publicznego przez ca\u0142y tydzie\u0144.<\/p>\n<p>Realizacja zadania jest mo\u017cliwa dzi\u0119ki wsparciu finansowemu w ramach Fundusz Rozwoju Przewoz\u00f3w Autobusowych o charakterze u\u017cyteczno\u015bci publicznej. Pozyskane dofinansowanie wynosi oko\u0142o 152 tysi\u0119cy z\u0142otych i obejmuje realizacj\u0119 oko\u0142o 27 300 wozokilometr\u00f3w.<\/p>\n<p>Koszty funkcjonowania linii wsp\u00f3\u0142finansuj\u0105 Powiat Lw\u00f3wecki oraz Gmina Lw\u00f3wek \u015al\u0105ski.<\/p>\n<p>Uruchomienie nowych po\u0142\u0105cze\u0144 to efekt dobrej wsp\u00f3\u0142pracy samorz\u0105d\u00f3w oraz odpowied\u017a na potrzeby mieszka\u0144c\u00f3w.<\/p>\n<\/div><\/div><\/div><\/div><\/div><div class=\"fusion-fullwidth fullwidth-box fusion-builder-row-2 fusion-flex-container has-pattern-background has-mask-background nonhundred-percent-fullwidth non-hundred-percent-height-scrolling\" style=\"--awb-border-radius-top-left:0px;--awb-border-radius-top-right:0px;--awb-border-radius-bottom-right:0px;--awb-border-radius-bottom-left:0px;--awb-flex-wrap:wrap;\" ><div class=\"fusion-builder-row fusion-row fusion-flex-align-items-flex-start fusion-flex-content-wrap\" style=\"max-width:1248px;margin-left: calc(-4% \/ 2 );margin-right: calc(-4% \/ 2 );\"><\/div><\/div><\/p>\n","protected":false},"excerpt":{"rendered":"","protected":false},"author":8,"featured_media":12156,"comment_status":"closed","ping_status":"closed","sticky":false,"template":"","format":"standard","meta":{"_acf_changed":false,"footnotes":""},"categories":[5],"tags":[],"class_list":["post-12158","post","type-post","status-publish","format-standard","has-post-thumbnail","hentry","category-aktualnosci"],"acf":{"kal_data_wydarzenia":""},"_links":{"self":[{"href":"https:\/\/powiatlwowecki.pl\/plci_json_endpoint\/wp\/v2\/posts\/12158","targetHints":{"allow":["GET"]}}],"collection":[{"href":"https:\/\/powiatlwowecki.pl\/plci_json_endpoint\/wp\/v2\/posts"}],"about":[{"href":"https:\/\/powiatlwowecki.pl\/plci_json_endpoint\/wp\/v2\/types\/post"}],"author":[{"embeddable":true,"href":"https:\/\/powiatlwowecki.pl\/plci_json_endpoint\/wp\/v2\/users\/8"}],"replies":[{"embeddable":true,"href":"https:\/\/powiatlwowecki.pl\/plci_json_endpoint\/wp\/v2\/comments?post=12158"}],"version-history":[{"count":4,"href":"https:\/\/powiatlwowecki.pl\/plci_json_endpoint\/wp\/v2\/posts\/12158\/revisions"}],"predecessor-version":[{"id":12162,"href":"https:\/\/powiatlwowecki.pl\/plci_json_endpoint\/wp\/v2\/posts\/12158\/revisions\/12162"}],"wp:featuredmedia":[{"embeddable":true,"href":"https:\/\/powiatlwowecki.pl\/plci_json_endpoint\/wp\/v2\/media\/12156"}],"wp:attachment":[{"href":"https:\/\/powiatlwowecki.pl\/plci_json_endpoint\/wp\/v2\/media?parent=12158"}],"wp:term":[{"taxonomy":"category","embeddable":true,"href":"https:\/\/powiatlwowecki.pl\/plci_json_endpoint\/wp\/v2\/categories?post=12158"},{"taxonomy":"post_tag","embeddable":true,"href":"https:\/\/powiatlwowecki.pl\/plci_json_endpoint\/wp\/v2\/tags?post=12158"}],"curies":[{"name":"wp","href":"https:\/\/api.w.org\/{rel}","templated":true}]}}