{"id":12100,"date":"2026-02-19T10:44:52","date_gmt":"2026-02-19T09:44:52","guid":{"rendered":"https:\/\/powiatlwowecki.pl\/?p=12100"},"modified":"2026-02-19T10:45:13","modified_gmt":"2026-02-19T09:45:13","slug":"powiat-lwowecki-byl-godnie-reprezentowany-podczas-gali-wreczenia-tytulu-czlowieka-roku-2025","status":"publish","type":"post","link":"https:\/\/powiatlwowecki.pl\/powiat-lwowecki-byl-godnie-reprezentowany-podczas-gali-wreczenia-tytulu-czlowieka-roku-2025\/","title":{"rendered":"Powiat Lw\u00f3wecki by\u0142 godnie reprezentowany podczas Gali Wr\u0119czenia Tytu\u0142u Cz\u0142owieka Roku 2025"},"content":{"rendered":"<div class=\"fusion-fullwidth fullwidth-box fusion-builder-row-1 fusion-flex-container nonhundred-percent-fullwidth non-hundred-percent-height-scrolling\" style=\"--awb-border-radius-top-left:0px;--awb-border-radius-top-right:0px;--awb-border-radius-bottom-right:0px;--awb-border-radius-bottom-left:0px;--awb-flex-wrap:wrap;\" ><div class=\"fusion-builder-row fusion-row fusion-flex-align-items-flex-start fusion-flex-content-wrap\" style=\"max-width:1248px;margin-left: calc(-4% \/ 2 );margin-right: calc(-4% \/ 2 );\"><div class=\"fusion-layout-column fusion_builder_column fusion-builder-column-0 fusion_builder_column_1_1 1_1 fusion-flex-column\" style=\"--awb-bg-size:cover;--awb-width-large:100%;--awb-margin-top-large:0px;--awb-spacing-right-large:1.92%;--awb-margin-bottom-large:0px;--awb-spacing-left-large:1.92%;--awb-width-medium:100%;--awb-spacing-right-medium:1.92%;--awb-spacing-left-medium:1.92%;--awb-width-small:100%;--awb-spacing-right-small:1.92%;--awb-spacing-left-small:1.92%;\"><div class=\"fusion-column-wrapper fusion-flex-justify-content-flex-start fusion-content-layout-column\"><div class=\"fusion-text fusion-text-1\"><p>Gala Wr\u0119czenia Tytu\u0142u Cz\u0142owieka Roku 2025 w plebiscycie organizowanym przez Nowiny Jeleniog\u00f3rskie by\u0142a wyj\u0105tkowym wydarzeniem, podczas kt\u00f3rego wyr\u00f3\u017cniono osoby szczeg\u00f3lnie zas\u0142u\u017cone dla regionu.<\/p>\n<p>Powiat Lw\u00f3wecki by\u0142 godnie reprezentowany przez laureat\u00f3w z naszego terenu: Iwon\u0119 Kobiereck\u0105 (Cz\u0142owiek Roku 2013) oraz Olgierda Poni\u017anika (Cz\u0142owiek Roku 2000). Ich obecno\u015b\u0107 podkre\u015bli\u0142a rang\u0119 gali i dorobek os\u00f3b uhonorowanych na przestrzeni lat.<\/p>\n<p>Tegorocznym laureatom serdecznie gratulujemy przyznanych tytu\u0142\u00f3w i \u017cyczymy dalszych sukces\u00f3w.<\/p>\n<\/div><div class=\"awb-gallery-wrapper awb-gallery-wrapper-1 button-span-no\" style=\"--more-btn-alignment:center;\"><div style=\"margin:-5px;--awb-bordersize:0px;\" class=\"fusion-gallery fusion-gallery-container fusion-grid-3 fusion-columns-total-1 fusion-gallery-layout-grid fusion-gallery-1\"><div style=\"padding:5px;\" class=\"fusion-grid-column fusion-gallery-column fusion-gallery-column-3 hover-type-none\"><div class=\"fusion-gallery-image\"><a href=\"https:\/\/powiatlwowecki.pl\/wp-content\/uploads\/2026\/02\/gala-czlowieka-roku-2025.jpeg\" rel=\"noreferrer\" data-rel=\"iLightbox[gallery_image_1]\" class=\"fusion-lightbox\" target=\"_self\"><img decoding=\"async\" src=\"https:\/\/powiatlwowecki.pl\/wp-content\/uploads\/2026\/02\/gala-czlowieka-roku-2025.jpeg\" width=\"2000\" height=\"924\" alt=\"\" title=\"gala cz\u0142owieka roku 2025\" aria-label=\"gala cz\u0142owieka roku 2025\" class=\"img-responsive wp-image-12099\" srcset=\"https:\/\/powiatlwowecki.pl\/wp-content\/uploads\/2026\/02\/gala-czlowieka-roku-2025-200x92.jpeg 200w, https:\/\/powiatlwowecki.pl\/wp-content\/uploads\/2026\/02\/gala-czlowieka-roku-2025-400x185.jpeg 400w, https:\/\/powiatlwowecki.pl\/wp-content\/uploads\/2026\/02\/gala-czlowieka-roku-2025-600x277.jpeg 600w, https:\/\/powiatlwowecki.pl\/wp-content\/uploads\/2026\/02\/gala-czlowieka-roku-2025-800x370.jpeg 800w, https:\/\/powiatlwowecki.pl\/wp-content\/uploads\/2026\/02\/gala-czlowieka-roku-2025-1200x554.jpeg 1200w, https:\/\/powiatlwowecki.pl\/wp-content\/uploads\/2026\/02\/gala-czlowieka-roku-2025.jpeg 2000w\" sizes=\"(min-width: 2200px) 100vw, (min-width: 784px) 397px, (min-width: 712px) 595px, (min-width: 640px) 712px, \" \/><\/a><\/div><\/div><\/div><\/div><\/div><\/div><\/div><\/div>\n","protected":false},"excerpt":{"rendered":"","protected":false},"author":8,"featured_media":12099,"comment_status":"closed","ping_status":"closed","sticky":false,"template":"","format":"standard","meta":{"_acf_changed":false,"footnotes":""},"categories":[5],"tags":[],"class_list":["post-12100","post","type-post","status-publish","format-standard","has-post-thumbnail","hentry","category-aktualnosci"],"acf":{"kal_data_wydarzenia":""},"_links":{"self":[{"href":"https:\/\/powiatlwowecki.pl\/plci_json_endpoint\/wp\/v2\/posts\/12100","targetHints":{"allow":["GET"]}}],"collection":[{"href":"https:\/\/powiatlwowecki.pl\/plci_json_endpoint\/wp\/v2\/posts"}],"about":[{"href":"https:\/\/powiatlwowecki.pl\/plci_json_endpoint\/wp\/v2\/types\/post"}],"author":[{"embeddable":true,"href":"https:\/\/powiatlwowecki.pl\/plci_json_endpoint\/wp\/v2\/users\/8"}],"replies":[{"embeddable":true,"href":"https:\/\/powiatlwowecki.pl\/plci_json_endpoint\/wp\/v2\/comments?post=12100"}],"version-history":[{"count":1,"href":"https:\/\/powiatlwowecki.pl\/plci_json_endpoint\/wp\/v2\/posts\/12100\/revisions"}],"predecessor-version":[{"id":12101,"href":"https:\/\/powiatlwowecki.pl\/plci_json_endpoint\/wp\/v2\/posts\/12100\/revisions\/12101"}],"wp:featuredmedia":[{"embeddable":true,"href":"https:\/\/powiatlwowecki.pl\/plci_json_endpoint\/wp\/v2\/media\/12099"}],"wp:attachment":[{"href":"https:\/\/powiatlwowecki.pl\/plci_json_endpoint\/wp\/v2\/media?parent=12100"}],"wp:term":[{"taxonomy":"category","embeddable":true,"href":"https:\/\/powiatlwowecki.pl\/plci_json_endpoint\/wp\/v2\/categories?post=12100"},{"taxonomy":"post_tag","embeddable":true,"href":"https:\/\/powiatlwowecki.pl\/plci_json_endpoint\/wp\/v2\/tags?post=12100"}],"curies":[{"name":"wp","href":"https:\/\/api.w.org\/{rel}","templated":true}]}}