{"id":12096,"date":"2026-02-19T09:25:42","date_gmt":"2026-02-19T08:25:42","guid":{"rendered":"https:\/\/powiatlwowecki.pl\/?p=12096"},"modified":"2026-02-19T09:46:03","modified_gmt":"2026-02-19T08:46:03","slug":"komisja-zdrowia-pomocy-spolecznej-i-bezpieczenstwa-publicznego","status":"publish","type":"post","link":"https:\/\/powiatlwowecki.pl\/komisja-zdrowia-pomocy-spolecznej-i-bezpieczenstwa-publicznego\/","title":{"rendered":"Komisja Zdrowia, Pomocy Spo\u0142ecznej i Bezpiecze\u0144stwa Publicznego"},"content":{"rendered":"<div class=\"html-div xdj266r x14z9mp xat24cr x1lziwak xexx8yu xyri2b x18d9i69 x1c1uobl\" dir=\"auto\">\n<div class=\"html-div xdj266r x14z9mp xat24cr x1lziwak xexx8yu xyri2b x18d9i69 x1c1uobl\" data-ad-rendering-role=\"story_message\">\n<div class=\"x1l90r2v x1iorvi4 x1g0dm76 xpdmqnj\" data-ad-comet-preview=\"message\" data-ad-preview=\"message\">\n<div class=\"x78zum5 xdt5ytf xz62fqu x16ldp7u\">\n<div class=\"xu06os2 x1ok221b\">\n<div class=\"html-div xdj266r x14z9mp xat24cr x1lziwak xexx8yu xyri2b x18d9i69 x1c1uobl\">\n<div class=\"xdj266r x14z9mp xat24cr x1lziwak x1vvkbs x126k92a\">\n<div dir=\"auto\">18 lutego 2026 w Starostwie Powiatowym odby\u0142o si\u0119 posiedzenie Komisji Zdrowia, Pomocy Spo\u0142ecznej i Bezpiecze\u0144stwa Publicznego.<\/div>\n<div dir=\"auto\">W spotkaniu uczestniczy\u0142 Prezes Powiatowego Centrum Zdrowia Adam Zdaniuk. Zosta\u0142 zaproszony celem om\u00f3wienia i podsumowania funkcjonowania sp\u00f3\u0142ki w minionym roku. Prezes PCZ przestawi\u0142 r\u00f3wnie\u017c wst\u0119pny plan finansowo-inwestycyjny na rok 2026.<\/div>\n<div dir=\"auto\">Najwa\u017cniejszym jednak tematem by\u0142y szeroko om\u00f3wione post\u0119py remontowe jakie zosta\u0142y poczynione w ostatnich miesi\u0105cach. S\u0105 to m. in. nowa winda, korytarze przystosowane dla os\u00f3b z niepe\u0142nosprawno\u015bciami, pracownia endoskopowa. Spotkanie okaza\u0142o si\u0119 r\u00f3wnie\u017c okazj\u0105 do dyskusji na temat dalszych potencjalnych dzia\u0142a\u0144 PCZ w celu poprawy dost\u0119pu do s\u0142u\u017cby zdrowia mieszka\u0144c\u00f3w Powiatu Lw\u00f3weckiego.<\/div>\n<div dir=\"auto\"><img decoding=\"async\" class=\"alignnone wp-image-12095\" src=\"https:\/\/powiatlwowecki.pl\/wp-content\/uploads\/2026\/02\/WhatsApp-Image-2026-02-19-at-08.29.08-300x220.jpeg\" alt=\"\" width=\"693\" height=\"508\" srcset=\"https:\/\/powiatlwowecki.pl\/wp-content\/uploads\/2026\/02\/WhatsApp-Image-2026-02-19-at-08.29.08-24x18.jpeg 24w, https:\/\/powiatlwowecki.pl\/wp-content\/uploads\/2026\/02\/WhatsApp-Image-2026-02-19-at-08.29.08-36x26.jpeg 36w, https:\/\/powiatlwowecki.pl\/wp-content\/uploads\/2026\/02\/WhatsApp-Image-2026-02-19-at-08.29.08-48x35.jpeg 48w, https:\/\/powiatlwowecki.pl\/wp-content\/uploads\/2026\/02\/WhatsApp-Image-2026-02-19-at-08.29.08-200x147.jpeg 200w, https:\/\/powiatlwowecki.pl\/wp-content\/uploads\/2026\/02\/WhatsApp-Image-2026-02-19-at-08.29.08-300x220.jpeg 300w, https:\/\/powiatlwowecki.pl\/wp-content\/uploads\/2026\/02\/WhatsApp-Image-2026-02-19-at-08.29.08-400x294.jpeg 400w, https:\/\/powiatlwowecki.pl\/wp-content\/uploads\/2026\/02\/WhatsApp-Image-2026-02-19-at-08.29.08-600x441.jpeg 600w, https:\/\/powiatlwowecki.pl\/wp-content\/uploads\/2026\/02\/WhatsApp-Image-2026-02-19-at-08.29.08-768x564.jpeg 768w, https:\/\/powiatlwowecki.pl\/wp-content\/uploads\/2026\/02\/WhatsApp-Image-2026-02-19-at-08.29.08-800x588.jpeg 800w, https:\/\/powiatlwowecki.pl\/wp-content\/uploads\/2026\/02\/WhatsApp-Image-2026-02-19-at-08.29.08-1200x882.jpeg 1200w, https:\/\/powiatlwowecki.pl\/wp-content\/uploads\/2026\/02\/WhatsApp-Image-2026-02-19-at-08.29.08.jpeg 1532w\" sizes=\"(max-width: 693px) 100vw, 693px\" \/><\/div>\n<\/div>\n<\/div>\n<\/div>\n<\/div>\n<\/div>\n<\/div>\n<\/div>\n","protected":false},"excerpt":{"rendered":"<p>18 lutego 2026 w Starostwie Powiatowym odby\u0142o si\u0119 posiedzenie Komisji Zdrowia, Pomocy Spo\u0142ecznej i Bezpiecze\u0144stwa Publicznego. W spotkaniu uczestniczy\u0142 Prezes Powiatowego Centrum Zdrowia Adam Zdaniuk. Zosta\u0142 zaproszony celem om\u00f3wienia i podsumowania funkcjonowania sp\u00f3\u0142ki w minionym  [&#8230;]<\/p>\n","protected":false},"author":8,"featured_media":12095,"comment_status":"closed","ping_status":"closed","sticky":false,"template":"","format":"standard","meta":{"_acf_changed":false,"footnotes":""},"categories":[5],"tags":[],"class_list":["post-12096","post","type-post","status-publish","format-standard","has-post-thumbnail","hentry","category-aktualnosci"],"acf":{"kal_data_wydarzenia":""},"_links":{"self":[{"href":"https:\/\/powiatlwowecki.pl\/plci_json_endpoint\/wp\/v2\/posts\/12096","targetHints":{"allow":["GET"]}}],"collection":[{"href":"https:\/\/powiatlwowecki.pl\/plci_json_endpoint\/wp\/v2\/posts"}],"about":[{"href":"https:\/\/powiatlwowecki.pl\/plci_json_endpoint\/wp\/v2\/types\/post"}],"author":[{"embeddable":true,"href":"https:\/\/powiatlwowecki.pl\/plci_json_endpoint\/wp\/v2\/users\/8"}],"replies":[{"embeddable":true,"href":"https:\/\/powiatlwowecki.pl\/plci_json_endpoint\/wp\/v2\/comments?post=12096"}],"version-history":[{"count":1,"href":"https:\/\/powiatlwowecki.pl\/plci_json_endpoint\/wp\/v2\/posts\/12096\/revisions"}],"predecessor-version":[{"id":12097,"href":"https:\/\/powiatlwowecki.pl\/plci_json_endpoint\/wp\/v2\/posts\/12096\/revisions\/12097"}],"wp:featuredmedia":[{"embeddable":true,"href":"https:\/\/powiatlwowecki.pl\/plci_json_endpoint\/wp\/v2\/media\/12095"}],"wp:attachment":[{"href":"https:\/\/powiatlwowecki.pl\/plci_json_endpoint\/wp\/v2\/media?parent=12096"}],"wp:term":[{"taxonomy":"category","embeddable":true,"href":"https:\/\/powiatlwowecki.pl\/plci_json_endpoint\/wp\/v2\/categories?post=12096"},{"taxonomy":"post_tag","embeddable":true,"href":"https:\/\/powiatlwowecki.pl\/plci_json_endpoint\/wp\/v2\/tags?post=12096"}],"curies":[{"name":"wp","href":"https:\/\/api.w.org\/{rel}","templated":true}]}}