{"id":12093,"date":"2026-02-19T09:05:44","date_gmt":"2026-02-19T08:05:44","guid":{"rendered":"https:\/\/powiatlwowecki.pl\/?p=12093"},"modified":"2026-02-19T10:42:46","modified_gmt":"2026-02-19T09:42:46","slug":"komisja-oswiaty-kultury-sportu-strategii-i-promocji-powiatu-lwoweckiego","status":"publish","type":"post","link":"https:\/\/powiatlwowecki.pl\/komisja-oswiaty-kultury-sportu-strategii-i-promocji-powiatu-lwoweckiego\/","title":{"rendered":"Komisja O\u015bwiaty, Kultury, Sportu, Strategii i Promocji Powiatu Lw\u00f3weckiego"},"content":{"rendered":"<div class=\"fusion-fullwidth fullwidth-box fusion-builder-row-1 fusion-flex-container nonhundred-percent-fullwidth non-hundred-percent-height-scrolling\" style=\"--awb-border-radius-top-left:0px;--awb-border-radius-top-right:0px;--awb-border-radius-bottom-right:0px;--awb-border-radius-bottom-left:0px;--awb-flex-wrap:wrap;\" ><div class=\"fusion-builder-row fusion-row fusion-flex-align-items-flex-start fusion-flex-content-wrap\" style=\"max-width:1248px;margin-left: calc(-4% \/ 2 );margin-right: calc(-4% \/ 2 );\"><div class=\"fusion-layout-column fusion_builder_column fusion-builder-column-0 fusion_builder_column_1_1 1_1 fusion-flex-column\" style=\"--awb-bg-size:cover;--awb-width-large:100%;--awb-margin-top-large:0px;--awb-spacing-right-large:1.92%;--awb-margin-bottom-large:0px;--awb-spacing-left-large:1.92%;--awb-width-medium:100%;--awb-spacing-right-medium:1.92%;--awb-spacing-left-medium:1.92%;--awb-width-small:100%;--awb-spacing-right-small:1.92%;--awb-spacing-left-small:1.92%;\"><div class=\"fusion-column-wrapper fusion-flex-justify-content-flex-start fusion-content-layout-column\"><div class=\"fusion-text fusion-text-1\"><div dir=\"auto\">\n<p>W dniu 17 lutego 2026 roku o godzinie 10.00 w siedzibie Starostwa Powiatowego w Lw\u00f3wku \u015al\u0105skim oby\u0142o si\u0119 posiedzenie Komisji O\u015bwiaty, Kultury, Sportu, Strategii i Promocji Powiatu Lw\u00f3weckiego. Go\u015b\u0107mi Komisji byli przedstawiciele samorz\u0105d\u00f3w szkolnych szk\u00f3\u0142 dla kt\u00f3rych organem prowadz\u0105cym jest Powiat Lw\u00f3wecki. Posiedzenie by\u0142o okazj\u0105 do podzielnia si\u0119 do\u015bwiadczeniami, wyra\u017cenia potrzeb i nawi\u0105zania kontakt\u00f3w. Poruszono mi\u0119dzy innymi temat wyposa\u017cenia i stanu pomieszcze\u0144 dydaktycznych, bezpiecze\u0144stwa w szko\u0142ach, dost\u0119pno\u015bci zaj\u0119\u0107 pozalekcyjnych, udzia\u0142u uczni\u00f3w w projektach dofinansowanych przez Uni\u0119 Europejsk\u0105, dost\u0119pu do poradnictwa psychologicznego i pedagogicznego oraz dzia\u0142alno\u015bci samorz\u0105d\u00f3w szkolnych.<\/p>\n<div dir=\"auto\">Bardzo dzi\u0119kujemy m\u0142odzie\u017cy za aktywny udzia\u0142 w posiedzeniu, tego rodzaju spotkania tworz\u0105 doskona\u0142\u0105 p\u0142aszczyzn\u0119 do budowy polityki edukacyjnej powiatu.<\/div>\n<\/div>\n<\/div><div class=\"awb-gallery-wrapper awb-gallery-wrapper-1 button-span-no\" style=\"--more-btn-alignment:center;\"><div style=\"margin:-5px;--awb-bordersize:0px;\" class=\"fusion-gallery fusion-gallery-container fusion-grid-3 fusion-columns-total-8 fusion-gallery-layout-grid fusion-gallery-1\"><div style=\"padding:5px;\" class=\"fusion-grid-column fusion-gallery-column fusion-gallery-column-3 hover-type-none\"><div class=\"fusion-gallery-image\"><a href=\"https:\/\/powiatlwowecki.pl\/wp-content\/uploads\/2026\/02\/WhatsApp-Image-2026-02-17-at-13.43.37.jpeg\" rel=\"noreferrer\" data-rel=\"iLightbox[gallery_image_1]\" class=\"fusion-lightbox\" target=\"_self\"><img decoding=\"async\" src=\"https:\/\/powiatlwowecki.pl\/wp-content\/uploads\/2026\/02\/WhatsApp-Image-2026-02-17-at-13.43.37.jpeg\" width=\"1600\" height=\"1200\" alt=\"\" title=\"WhatsApp Image 2026-02-17 at 13.43.37\" aria-label=\"WhatsApp Image 2026-02-17 at 13.43.37\" class=\"img-responsive wp-image-12085\" srcset=\"https:\/\/powiatlwowecki.pl\/wp-content\/uploads\/2026\/02\/WhatsApp-Image-2026-02-17-at-13.43.37-200x150.jpeg 200w, https:\/\/powiatlwowecki.pl\/wp-content\/uploads\/2026\/02\/WhatsApp-Image-2026-02-17-at-13.43.37-400x300.jpeg 400w, https:\/\/powiatlwowecki.pl\/wp-content\/uploads\/2026\/02\/WhatsApp-Image-2026-02-17-at-13.43.37-600x450.jpeg 600w, https:\/\/powiatlwowecki.pl\/wp-content\/uploads\/2026\/02\/WhatsApp-Image-2026-02-17-at-13.43.37-800x600.jpeg 800w, https:\/\/powiatlwowecki.pl\/wp-content\/uploads\/2026\/02\/WhatsApp-Image-2026-02-17-at-13.43.37-1200x900.jpeg 1200w, https:\/\/powiatlwowecki.pl\/wp-content\/uploads\/2026\/02\/WhatsApp-Image-2026-02-17-at-13.43.37.jpeg 1600w\" sizes=\"(min-width: 2200px) 100vw, (min-width: 784px) 397px, (min-width: 712px) 595px, (min-width: 640px) 712px, \" \/><\/a><\/div><\/div><div style=\"padding:5px;\" class=\"fusion-grid-column fusion-gallery-column fusion-gallery-column-3 hover-type-none\"><div class=\"fusion-gallery-image\"><a href=\"https:\/\/powiatlwowecki.pl\/wp-content\/uploads\/2026\/02\/WhatsApp-Image-2026-02-17-at-13.43.39.jpeg\" rel=\"noreferrer\" data-rel=\"iLightbox[gallery_image_1]\" class=\"fusion-lightbox\" target=\"_self\"><img decoding=\"async\" src=\"https:\/\/powiatlwowecki.pl\/wp-content\/uploads\/2026\/02\/WhatsApp-Image-2026-02-17-at-13.43.39.jpeg\" width=\"1600\" height=\"1200\" alt=\"\" title=\"WhatsApp Image 2026-02-17 at 13.43.39\" aria-label=\"WhatsApp Image 2026-02-17 at 13.43.39\" class=\"img-responsive wp-image-12086\" srcset=\"https:\/\/powiatlwowecki.pl\/wp-content\/uploads\/2026\/02\/WhatsApp-Image-2026-02-17-at-13.43.39-200x150.jpeg 200w, https:\/\/powiatlwowecki.pl\/wp-content\/uploads\/2026\/02\/WhatsApp-Image-2026-02-17-at-13.43.39-400x300.jpeg 400w, https:\/\/powiatlwowecki.pl\/wp-content\/uploads\/2026\/02\/WhatsApp-Image-2026-02-17-at-13.43.39-600x450.jpeg 600w, https:\/\/powiatlwowecki.pl\/wp-content\/uploads\/2026\/02\/WhatsApp-Image-2026-02-17-at-13.43.39-800x600.jpeg 800w, https:\/\/powiatlwowecki.pl\/wp-content\/uploads\/2026\/02\/WhatsApp-Image-2026-02-17-at-13.43.39-1200x900.jpeg 1200w, https:\/\/powiatlwowecki.pl\/wp-content\/uploads\/2026\/02\/WhatsApp-Image-2026-02-17-at-13.43.39.jpeg 1600w\" sizes=\"(min-width: 2200px) 100vw, (min-width: 784px) 397px, (min-width: 712px) 595px, (min-width: 640px) 712px, \" \/><\/a><\/div><\/div><div style=\"padding:5px;\" class=\"fusion-grid-column fusion-gallery-column fusion-gallery-column-3 hover-type-none\"><div class=\"fusion-gallery-image\"><a href=\"https:\/\/powiatlwowecki.pl\/wp-content\/uploads\/2026\/02\/WhatsApp-Image-2026-02-17-at-13.43.41.jpeg\" rel=\"noreferrer\" data-rel=\"iLightbox[gallery_image_1]\" class=\"fusion-lightbox\" target=\"_self\"><img decoding=\"async\" src=\"https:\/\/powiatlwowecki.pl\/wp-content\/uploads\/2026\/02\/WhatsApp-Image-2026-02-17-at-13.43.41.jpeg\" width=\"1600\" height=\"1200\" alt=\"\" title=\"WhatsApp Image 2026-02-17 at 13.43.41\" aria-label=\"WhatsApp Image 2026-02-17 at 13.43.41\" class=\"img-responsive wp-image-12087\" srcset=\"https:\/\/powiatlwowecki.pl\/wp-content\/uploads\/2026\/02\/WhatsApp-Image-2026-02-17-at-13.43.41-200x150.jpeg 200w, https:\/\/powiatlwowecki.pl\/wp-content\/uploads\/2026\/02\/WhatsApp-Image-2026-02-17-at-13.43.41-400x300.jpeg 400w, https:\/\/powiatlwowecki.pl\/wp-content\/uploads\/2026\/02\/WhatsApp-Image-2026-02-17-at-13.43.41-600x450.jpeg 600w, https:\/\/powiatlwowecki.pl\/wp-content\/uploads\/2026\/02\/WhatsApp-Image-2026-02-17-at-13.43.41-800x600.jpeg 800w, https:\/\/powiatlwowecki.pl\/wp-content\/uploads\/2026\/02\/WhatsApp-Image-2026-02-17-at-13.43.41-1200x900.jpeg 1200w, https:\/\/powiatlwowecki.pl\/wp-content\/uploads\/2026\/02\/WhatsApp-Image-2026-02-17-at-13.43.41.jpeg 1600w\" sizes=\"(min-width: 2200px) 100vw, (min-width: 784px) 397px, (min-width: 712px) 595px, (min-width: 640px) 712px, \" \/><\/a><\/div><\/div><div class=\"clearfix\"><\/div><div style=\"padding:5px;\" class=\"fusion-grid-column fusion-gallery-column fusion-gallery-column-3 hover-type-none\"><div class=\"fusion-gallery-image\"><a href=\"https:\/\/powiatlwowecki.pl\/wp-content\/uploads\/2026\/02\/WhatsApp-Image-2026-02-17-at-13.43.42.jpeg\" rel=\"noreferrer\" data-rel=\"iLightbox[gallery_image_1]\" class=\"fusion-lightbox\" target=\"_self\"><img decoding=\"async\" src=\"https:\/\/powiatlwowecki.pl\/wp-content\/uploads\/2026\/02\/WhatsApp-Image-2026-02-17-at-13.43.42.jpeg\" width=\"1600\" height=\"1200\" alt=\"\" title=\"WhatsApp Image 2026-02-17 at 13.43.42\" aria-label=\"WhatsApp Image 2026-02-17 at 13.43.42\" class=\"img-responsive wp-image-12088\" srcset=\"https:\/\/powiatlwowecki.pl\/wp-content\/uploads\/2026\/02\/WhatsApp-Image-2026-02-17-at-13.43.42-200x150.jpeg 200w, https:\/\/powiatlwowecki.pl\/wp-content\/uploads\/2026\/02\/WhatsApp-Image-2026-02-17-at-13.43.42-400x300.jpeg 400w, https:\/\/powiatlwowecki.pl\/wp-content\/uploads\/2026\/02\/WhatsApp-Image-2026-02-17-at-13.43.42-600x450.jpeg 600w, https:\/\/powiatlwowecki.pl\/wp-content\/uploads\/2026\/02\/WhatsApp-Image-2026-02-17-at-13.43.42-800x600.jpeg 800w, https:\/\/powiatlwowecki.pl\/wp-content\/uploads\/2026\/02\/WhatsApp-Image-2026-02-17-at-13.43.42-1200x900.jpeg 1200w, https:\/\/powiatlwowecki.pl\/wp-content\/uploads\/2026\/02\/WhatsApp-Image-2026-02-17-at-13.43.42.jpeg 1600w\" sizes=\"(min-width: 2200px) 100vw, (min-width: 784px) 397px, (min-width: 712px) 595px, (min-width: 640px) 712px, \" \/><\/a><\/div><\/div><div style=\"padding:5px;\" class=\"fusion-grid-column fusion-gallery-column fusion-gallery-column-3 hover-type-none\"><div class=\"fusion-gallery-image\"><a href=\"https:\/\/powiatlwowecki.pl\/wp-content\/uploads\/2026\/02\/WhatsApp-Image-2026-02-17-at-13.43.44.jpeg\" rel=\"noreferrer\" data-rel=\"iLightbox[gallery_image_1]\" class=\"fusion-lightbox\" target=\"_self\"><img decoding=\"async\" src=\"https:\/\/powiatlwowecki.pl\/wp-content\/uploads\/2026\/02\/WhatsApp-Image-2026-02-17-at-13.43.44.jpeg\" width=\"1600\" height=\"1200\" alt=\"\" title=\"WhatsApp Image 2026-02-17 at 13.43.44\" aria-label=\"WhatsApp Image 2026-02-17 at 13.43.44\" class=\"img-responsive wp-image-12089\" srcset=\"https:\/\/powiatlwowecki.pl\/wp-content\/uploads\/2026\/02\/WhatsApp-Image-2026-02-17-at-13.43.44-200x150.jpeg 200w, https:\/\/powiatlwowecki.pl\/wp-content\/uploads\/2026\/02\/WhatsApp-Image-2026-02-17-at-13.43.44-400x300.jpeg 400w, https:\/\/powiatlwowecki.pl\/wp-content\/uploads\/2026\/02\/WhatsApp-Image-2026-02-17-at-13.43.44-600x450.jpeg 600w, https:\/\/powiatlwowecki.pl\/wp-content\/uploads\/2026\/02\/WhatsApp-Image-2026-02-17-at-13.43.44-800x600.jpeg 800w, https:\/\/powiatlwowecki.pl\/wp-content\/uploads\/2026\/02\/WhatsApp-Image-2026-02-17-at-13.43.44-1200x900.jpeg 1200w, https:\/\/powiatlwowecki.pl\/wp-content\/uploads\/2026\/02\/WhatsApp-Image-2026-02-17-at-13.43.44.jpeg 1600w\" sizes=\"(min-width: 2200px) 100vw, (min-width: 784px) 397px, (min-width: 712px) 595px, (min-width: 640px) 712px, \" \/><\/a><\/div><\/div><div style=\"padding:5px;\" class=\"fusion-grid-column fusion-gallery-column fusion-gallery-column-3 hover-type-none\"><div class=\"fusion-gallery-image\"><a href=\"https:\/\/powiatlwowecki.pl\/wp-content\/uploads\/2026\/02\/WhatsApp-Image-2026-02-17-at-13.43.46.jpeg\" rel=\"noreferrer\" data-rel=\"iLightbox[gallery_image_1]\" class=\"fusion-lightbox\" target=\"_self\"><img decoding=\"async\" src=\"https:\/\/powiatlwowecki.pl\/wp-content\/uploads\/2026\/02\/WhatsApp-Image-2026-02-17-at-13.43.46.jpeg\" width=\"1600\" height=\"1200\" alt=\"\" title=\"WhatsApp Image 2026-02-17 at 13.43.46\" aria-label=\"WhatsApp Image 2026-02-17 at 13.43.46\" class=\"img-responsive wp-image-12090\" srcset=\"https:\/\/powiatlwowecki.pl\/wp-content\/uploads\/2026\/02\/WhatsApp-Image-2026-02-17-at-13.43.46-200x150.jpeg 200w, https:\/\/powiatlwowecki.pl\/wp-content\/uploads\/2026\/02\/WhatsApp-Image-2026-02-17-at-13.43.46-400x300.jpeg 400w, https:\/\/powiatlwowecki.pl\/wp-content\/uploads\/2026\/02\/WhatsApp-Image-2026-02-17-at-13.43.46-600x450.jpeg 600w, https:\/\/powiatlwowecki.pl\/wp-content\/uploads\/2026\/02\/WhatsApp-Image-2026-02-17-at-13.43.46-800x600.jpeg 800w, https:\/\/powiatlwowecki.pl\/wp-content\/uploads\/2026\/02\/WhatsApp-Image-2026-02-17-at-13.43.46-1200x900.jpeg 1200w, https:\/\/powiatlwowecki.pl\/wp-content\/uploads\/2026\/02\/WhatsApp-Image-2026-02-17-at-13.43.46.jpeg 1600w\" sizes=\"(min-width: 2200px) 100vw, (min-width: 784px) 397px, (min-width: 712px) 595px, (min-width: 640px) 712px, \" \/><\/a><\/div><\/div><div class=\"clearfix\"><\/div><div style=\"padding:5px;\" class=\"fusion-grid-column fusion-gallery-column fusion-gallery-column-3 hover-type-none\"><div class=\"fusion-gallery-image\"><a href=\"https:\/\/powiatlwowecki.pl\/wp-content\/uploads\/2026\/02\/WhatsApp-Image-2026-02-17-at-13.43.47.jpeg\" rel=\"noreferrer\" data-rel=\"iLightbox[gallery_image_1]\" class=\"fusion-lightbox\" target=\"_self\"><img decoding=\"async\" src=\"https:\/\/powiatlwowecki.pl\/wp-content\/uploads\/2026\/02\/WhatsApp-Image-2026-02-17-at-13.43.47.jpeg\" width=\"1600\" height=\"1200\" alt=\"\" title=\"WhatsApp Image 2026-02-17 at 13.43.47\" aria-label=\"WhatsApp Image 2026-02-17 at 13.43.47\" class=\"img-responsive wp-image-12091\" srcset=\"https:\/\/powiatlwowecki.pl\/wp-content\/uploads\/2026\/02\/WhatsApp-Image-2026-02-17-at-13.43.47-200x150.jpeg 200w, https:\/\/powiatlwowecki.pl\/wp-content\/uploads\/2026\/02\/WhatsApp-Image-2026-02-17-at-13.43.47-400x300.jpeg 400w, https:\/\/powiatlwowecki.pl\/wp-content\/uploads\/2026\/02\/WhatsApp-Image-2026-02-17-at-13.43.47-600x450.jpeg 600w, https:\/\/powiatlwowecki.pl\/wp-content\/uploads\/2026\/02\/WhatsApp-Image-2026-02-17-at-13.43.47-800x600.jpeg 800w, https:\/\/powiatlwowecki.pl\/wp-content\/uploads\/2026\/02\/WhatsApp-Image-2026-02-17-at-13.43.47-1200x900.jpeg 1200w, https:\/\/powiatlwowecki.pl\/wp-content\/uploads\/2026\/02\/WhatsApp-Image-2026-02-17-at-13.43.47.jpeg 1600w\" sizes=\"(min-width: 2200px) 100vw, (min-width: 784px) 397px, (min-width: 712px) 595px, (min-width: 640px) 712px, \" \/><\/a><\/div><\/div><div style=\"padding:5px;\" class=\"fusion-grid-column fusion-gallery-column fusion-gallery-column-3 hover-type-none\"><div class=\"fusion-gallery-image\"><a href=\"https:\/\/powiatlwowecki.pl\/wp-content\/uploads\/2026\/02\/WhatsApp-Image-2026-02-17-at-13.43.49.jpeg\" rel=\"noreferrer\" data-rel=\"iLightbox[gallery_image_1]\" class=\"fusion-lightbox\" target=\"_self\"><img decoding=\"async\" src=\"https:\/\/powiatlwowecki.pl\/wp-content\/uploads\/2026\/02\/WhatsApp-Image-2026-02-17-at-13.43.49.jpeg\" width=\"1600\" height=\"1200\" alt=\"\" title=\"WhatsApp Image 2026-02-17 at 13.43.49\" aria-label=\"WhatsApp Image 2026-02-17 at 13.43.49\" class=\"img-responsive wp-image-12092\" srcset=\"https:\/\/powiatlwowecki.pl\/wp-content\/uploads\/2026\/02\/WhatsApp-Image-2026-02-17-at-13.43.49-200x150.jpeg 200w, https:\/\/powiatlwowecki.pl\/wp-content\/uploads\/2026\/02\/WhatsApp-Image-2026-02-17-at-13.43.49-400x300.jpeg 400w, https:\/\/powiatlwowecki.pl\/wp-content\/uploads\/2026\/02\/WhatsApp-Image-2026-02-17-at-13.43.49-600x450.jpeg 600w, https:\/\/powiatlwowecki.pl\/wp-content\/uploads\/2026\/02\/WhatsApp-Image-2026-02-17-at-13.43.49-800x600.jpeg 800w, https:\/\/powiatlwowecki.pl\/wp-content\/uploads\/2026\/02\/WhatsApp-Image-2026-02-17-at-13.43.49-1200x900.jpeg 1200w, https:\/\/powiatlwowecki.pl\/wp-content\/uploads\/2026\/02\/WhatsApp-Image-2026-02-17-at-13.43.49.jpeg 1600w\" sizes=\"(min-width: 2200px) 100vw, (min-width: 784px) 397px, (min-width: 712px) 595px, (min-width: 640px) 712px, \" \/><\/a><\/div><\/div><\/div><\/div><\/div><\/div><\/div><\/div>\n","protected":false},"excerpt":{"rendered":"","protected":false},"author":8,"featured_media":12088,"comment_status":"closed","ping_status":"closed","sticky":false,"template":"","format":"standard","meta":{"_acf_changed":false,"footnotes":""},"categories":[5],"tags":[],"class_list":["post-12093","post","type-post","status-publish","format-standard","has-post-thumbnail","hentry","category-aktualnosci"],"acf":{"kal_data_wydarzenia":""},"_links":{"self":[{"href":"https:\/\/powiatlwowecki.pl\/plci_json_endpoint\/wp\/v2\/posts\/12093","targetHints":{"allow":["GET"]}}],"collection":[{"href":"https:\/\/powiatlwowecki.pl\/plci_json_endpoint\/wp\/v2\/posts"}],"about":[{"href":"https:\/\/powiatlwowecki.pl\/plci_json_endpoint\/wp\/v2\/types\/post"}],"author":[{"embeddable":true,"href":"https:\/\/powiatlwowecki.pl\/plci_json_endpoint\/wp\/v2\/users\/8"}],"replies":[{"embeddable":true,"href":"https:\/\/powiatlwowecki.pl\/plci_json_endpoint\/wp\/v2\/comments?post=12093"}],"version-history":[{"count":2,"href":"https:\/\/powiatlwowecki.pl\/plci_json_endpoint\/wp\/v2\/posts\/12093\/revisions"}],"predecessor-version":[{"id":12098,"href":"https:\/\/powiatlwowecki.pl\/plci_json_endpoint\/wp\/v2\/posts\/12093\/revisions\/12098"}],"wp:featuredmedia":[{"embeddable":true,"href":"https:\/\/powiatlwowecki.pl\/plci_json_endpoint\/wp\/v2\/media\/12088"}],"wp:attachment":[{"href":"https:\/\/powiatlwowecki.pl\/plci_json_endpoint\/wp\/v2\/media?parent=12093"}],"wp:term":[{"taxonomy":"category","embeddable":true,"href":"https:\/\/powiatlwowecki.pl\/plci_json_endpoint\/wp\/v2\/categories?post=12093"},{"taxonomy":"post_tag","embeddable":true,"href":"https:\/\/powiatlwowecki.pl\/plci_json_endpoint\/wp\/v2\/tags?post=12093"}],"curies":[{"name":"wp","href":"https:\/\/api.w.org\/{rel}","templated":true}]}}