{"id":11403,"date":"2025-12-08T14:16:04","date_gmt":"2025-12-08T13:16:04","guid":{"rendered":"https:\/\/powiatlwowecki.pl\/?p=11403"},"modified":"2025-12-08T14:19:04","modified_gmt":"2025-12-08T13:19:04","slug":"powiat-lwowecki-przekazal-nowy-samochod-dla-dps-w-mirsku","status":"publish","type":"post","link":"https:\/\/powiatlwowecki.pl\/powiat-lwowecki-przekazal-nowy-samochod-dla-dps-w-mirsku\/","title":{"rendered":"Powiat Lw\u00f3wecki przekaza\u0142 nowy samoch\u00f3d dla DPS w Mirsku"},"content":{"rendered":"<div class=\"fusion-fullwidth fullwidth-box fusion-builder-row-1 fusion-flex-container nonhundred-percent-fullwidth non-hundred-percent-height-scrolling\" style=\"--awb-border-radius-top-left:0px;--awb-border-radius-top-right:0px;--awb-border-radius-bottom-right:0px;--awb-border-radius-bottom-left:0px;--awb-flex-wrap:wrap;\" ><div class=\"fusion-builder-row fusion-row fusion-flex-align-items-flex-start fusion-flex-content-wrap\" style=\"max-width:1248px;margin-left: calc(-4% \/ 2 );margin-right: calc(-4% \/ 2 );\"><div class=\"fusion-layout-column fusion_builder_column fusion-builder-column-0 fusion_builder_column_1_1 1_1 fusion-flex-column\" style=\"--awb-bg-size:cover;--awb-width-large:100%;--awb-margin-top-large:0px;--awb-spacing-right-large:1.92%;--awb-margin-bottom-large:0px;--awb-spacing-left-large:1.92%;--awb-width-medium:100%;--awb-spacing-right-medium:1.92%;--awb-spacing-left-medium:1.92%;--awb-width-small:100%;--awb-spacing-right-small:1.92%;--awb-spacing-left-small:1.92%;\"><div class=\"fusion-column-wrapper fusion-flex-justify-content-flex-start fusion-content-layout-column\"><div class=\"fusion-text fusion-text-1\"><p>Dzi\u015b w Mirsku odby\u0142o si\u0119 oficjalne przekazanie nowego samochodu dla Domu Pomocy Spo\u0142ecznej. Powiat Lw\u00f3wecki zakupi\u0142 nowoczesny Renault Trafic Combi, przystosowany do przewozu os\u00f3b z niepe\u0142nosprawno\u015bciami, w tym poruszaj\u0105cych si\u0119 na w\u00f3zkach inwalidzkich.<\/p>\n<p>Zakup zosta\u0142 zrealizowany w ramach zadania pod nazw\u0105:<\/p>\n<p>\u201eLikwidacja barier transportowych \u2013 zakup mikrobusa do przewozu os\u00f3b z niepe\u0142nosprawno\u015bciami poruszaj\u0105cych si\u0119 na w\u00f3zkach inwalidzkich\u201d.<\/p>\n<p>Ca\u0142kowita warto\u015b\u0107 zadania wynios\u0142a 243 500,00 z\u0142, z czego:<\/p>\n<ul>\n<li>151 000,00 z\u0142 stanowi\u0142o dofinansowanie z Pa\u0144stwowego Funduszu Rehabilitacji Os\u00f3b Niepe\u0142nosprawnych,<\/li>\n<li>92 500,00 z\u0142 to wk\u0142ad w\u0142asny Powiatu Lw\u00f3weckiego.<\/li>\n<\/ul>\n<p>Przekazania pojazdu dokona\u0142 Wicestarosta Powiatu Lw\u00f3weckiego Zbigniew Grze\u015bk\u00f3w, kt\u00f3ry podkre\u015bli\u0142 praktyczny wymiar inwestycji.<\/p>\n<p>\u2014 \u201eTo narz\u0119dzie, kt\u00f3re pozwoli pracownikom DPS dzia\u0142a\u0107 sprawniej, a mieszka\u0144com daje poczucie bezpiecze\u0144stwa i godne warunki podr\u00f3\u017cy. Takie zakupy maj\u0105 sens, gdy realnie poprawiaj\u0105 codzienne funkcjonowanie ludzi\u201d \u2014 zaznaczy\u0142 Wicestarosta.<\/p>\n<p>Renault Trafic Combi zosta\u0142 wyposa\u017cony w rozwi\u0105zania umo\u017cliwiaj\u0105ce transport os\u00f3b na w\u00f3zkach inwalidzkich oraz systemy poprawiaj\u0105ce stabilizacj\u0119 i bezpiecze\u0144stwo podczas jazdy. Dzi\u0119ki temu samoch\u00f3d b\u0119dzie wykorzystywany zar\u00f3wno do codziennych wyjazd\u00f3w, jak i transportu na wizyty medyczne, rehabilitacyjne czy zaj\u0119cia integracyjne. Dyrekcja DPS w Mirsku wyrazi\u0142a wdzi\u0119czno\u015b\u0107 za wsparcie Powiatu, podkre\u015blaj\u0105c, \u017ce nowy pojazd u\u0142atwi organizacj\u0119 niezb\u0119dnego transportu i wp\u0142ynie na komfort \u017cycia mieszka\u0144c\u00f3w plac\u00f3wki.<\/p>\n<p>Samoch\u00f3d od dzi\u015b b\u0119dzie s\u0142u\u017cy\u0142 podopiecznym oraz pracownikom Domu Pomocy Spo\u0142ecznej w Mirsku.<\/p>\n<\/div><div class=\"awb-gallery-wrapper awb-gallery-wrapper-1 button-span-no\" style=\"--more-btn-alignment:center;\"><div style=\"margin:-5px;--awb-bordersize:0px;\" class=\"fusion-gallery fusion-gallery-container fusion-grid-3 fusion-columns-total-4 fusion-gallery-layout-grid fusion-gallery-1\"><div style=\"padding:5px;\" class=\"fusion-grid-column fusion-gallery-column fusion-gallery-column-3 hover-type-none\"><div class=\"fusion-gallery-image\"><a href=\"https:\/\/powiatlwowecki.pl\/wp-content\/uploads\/2025\/12\/DSC8351-scaled.jpg\" rel=\"noreferrer\" data-rel=\"iLightbox[gallery_image_1]\" class=\"fusion-lightbox\" target=\"_self\"><img decoding=\"async\" src=\"https:\/\/powiatlwowecki.pl\/wp-content\/uploads\/2025\/12\/DSC8351-scaled.jpg\" width=\"2560\" height=\"1438\" alt=\"\" title=\"_DSC8351\" aria-label=\"_DSC8351\" class=\"img-responsive wp-image-11399\" srcset=\"https:\/\/powiatlwowecki.pl\/wp-content\/uploads\/2025\/12\/DSC8351-200x112.jpg 200w, https:\/\/powiatlwowecki.pl\/wp-content\/uploads\/2025\/12\/DSC8351-400x225.jpg 400w, https:\/\/powiatlwowecki.pl\/wp-content\/uploads\/2025\/12\/DSC8351-600x337.jpg 600w, https:\/\/powiatlwowecki.pl\/wp-content\/uploads\/2025\/12\/DSC8351-800x450.jpg 800w, https:\/\/powiatlwowecki.pl\/wp-content\/uploads\/2025\/12\/DSC8351-1200x674.jpg 1200w, https:\/\/powiatlwowecki.pl\/wp-content\/uploads\/2025\/12\/DSC8351-scaled.jpg 2560w\" sizes=\"(min-width: 2200px) 100vw, (min-width: 784px) 397px, (min-width: 712px) 595px, (min-width: 640px) 712px, \" \/><\/a><\/div><\/div><div style=\"padding:5px;\" class=\"fusion-grid-column fusion-gallery-column fusion-gallery-column-3 hover-type-none\"><div class=\"fusion-gallery-image\"><a href=\"https:\/\/powiatlwowecki.pl\/wp-content\/uploads\/2025\/12\/DSC8359-scaled.jpg\" rel=\"noreferrer\" data-rel=\"iLightbox[gallery_image_1]\" class=\"fusion-lightbox\" target=\"_self\"><img decoding=\"async\" src=\"https:\/\/powiatlwowecki.pl\/wp-content\/uploads\/2025\/12\/DSC8359-scaled.jpg\" width=\"2560\" height=\"1438\" alt=\"\" title=\"_DSC8359\" aria-label=\"_DSC8359\" class=\"img-responsive wp-image-11400\" srcset=\"https:\/\/powiatlwowecki.pl\/wp-content\/uploads\/2025\/12\/DSC8359-200x112.jpg 200w, https:\/\/powiatlwowecki.pl\/wp-content\/uploads\/2025\/12\/DSC8359-400x225.jpg 400w, https:\/\/powiatlwowecki.pl\/wp-content\/uploads\/2025\/12\/DSC8359-600x337.jpg 600w, https:\/\/powiatlwowecki.pl\/wp-content\/uploads\/2025\/12\/DSC8359-800x450.jpg 800w, https:\/\/powiatlwowecki.pl\/wp-content\/uploads\/2025\/12\/DSC8359-1200x674.jpg 1200w, https:\/\/powiatlwowecki.pl\/wp-content\/uploads\/2025\/12\/DSC8359-scaled.jpg 2560w\" sizes=\"(min-width: 2200px) 100vw, (min-width: 784px) 397px, (min-width: 712px) 595px, (min-width: 640px) 712px, \" \/><\/a><\/div><\/div><div style=\"padding:5px;\" class=\"fusion-grid-column fusion-gallery-column fusion-gallery-column-3 hover-type-none\"><div class=\"fusion-gallery-image\"><a href=\"https:\/\/powiatlwowecki.pl\/wp-content\/uploads\/2025\/12\/DSC8366-scaled.jpg\" rel=\"noreferrer\" data-rel=\"iLightbox[gallery_image_1]\" class=\"fusion-lightbox\" target=\"_self\"><img decoding=\"async\" src=\"https:\/\/powiatlwowecki.pl\/wp-content\/uploads\/2025\/12\/DSC8366-scaled.jpg\" width=\"2560\" height=\"1438\" alt=\"\" title=\"_DSC8366\" aria-label=\"_DSC8366\" class=\"img-responsive wp-image-11401\" srcset=\"https:\/\/powiatlwowecki.pl\/wp-content\/uploads\/2025\/12\/DSC8366-200x112.jpg 200w, https:\/\/powiatlwowecki.pl\/wp-content\/uploads\/2025\/12\/DSC8366-400x225.jpg 400w, https:\/\/powiatlwowecki.pl\/wp-content\/uploads\/2025\/12\/DSC8366-600x337.jpg 600w, https:\/\/powiatlwowecki.pl\/wp-content\/uploads\/2025\/12\/DSC8366-800x450.jpg 800w, https:\/\/powiatlwowecki.pl\/wp-content\/uploads\/2025\/12\/DSC8366-1200x674.jpg 1200w, https:\/\/powiatlwowecki.pl\/wp-content\/uploads\/2025\/12\/DSC8366-scaled.jpg 2560w\" sizes=\"(min-width: 2200px) 100vw, (min-width: 784px) 397px, (min-width: 712px) 595px, (min-width: 640px) 712px, \" \/><\/a><\/div><\/div><div class=\"clearfix\"><\/div><div style=\"padding:5px;\" class=\"fusion-grid-column fusion-gallery-column fusion-gallery-column-3 hover-type-none\"><div class=\"fusion-gallery-image\"><a href=\"https:\/\/powiatlwowecki.pl\/wp-content\/uploads\/2025\/12\/DSC8369-scaled.jpg\" rel=\"noreferrer\" data-rel=\"iLightbox[gallery_image_1]\" class=\"fusion-lightbox\" target=\"_self\"><img decoding=\"async\" src=\"https:\/\/powiatlwowecki.pl\/wp-content\/uploads\/2025\/12\/DSC8369-scaled.jpg\" width=\"2560\" height=\"1438\" alt=\"\" title=\"_DSC8369\" aria-label=\"_DSC8369\" class=\"img-responsive wp-image-11402\" srcset=\"https:\/\/powiatlwowecki.pl\/wp-content\/uploads\/2025\/12\/DSC8369-200x112.jpg 200w, https:\/\/powiatlwowecki.pl\/wp-content\/uploads\/2025\/12\/DSC8369-400x225.jpg 400w, https:\/\/powiatlwowecki.pl\/wp-content\/uploads\/2025\/12\/DSC8369-600x337.jpg 600w, https:\/\/powiatlwowecki.pl\/wp-content\/uploads\/2025\/12\/DSC8369-800x450.jpg 800w, https:\/\/powiatlwowecki.pl\/wp-content\/uploads\/2025\/12\/DSC8369-1200x674.jpg 1200w, https:\/\/powiatlwowecki.pl\/wp-content\/uploads\/2025\/12\/DSC8369-scaled.jpg 2560w\" sizes=\"(min-width: 2200px) 100vw, (min-width: 784px) 397px, (min-width: 712px) 595px, (min-width: 640px) 712px, \" \/><\/a><\/div><\/div><\/div><\/div><\/div><\/div><\/div><\/div>\n","protected":false},"excerpt":{"rendered":"","protected":false},"author":8,"featured_media":11400,"comment_status":"closed","ping_status":"closed","sticky":false,"template":"","format":"standard","meta":{"_acf_changed":false,"footnotes":""},"categories":[5],"tags":[],"class_list":["post-11403","post","type-post","status-publish","format-standard","has-post-thumbnail","hentry","category-aktualnosci"],"acf":{"kal_data_wydarzenia":""},"_links":{"self":[{"href":"https:\/\/powiatlwowecki.pl\/plci_json_endpoint\/wp\/v2\/posts\/11403","targetHints":{"allow":["GET"]}}],"collection":[{"href":"https:\/\/powiatlwowecki.pl\/plci_json_endpoint\/wp\/v2\/posts"}],"about":[{"href":"https:\/\/powiatlwowecki.pl\/plci_json_endpoint\/wp\/v2\/types\/post"}],"author":[{"embeddable":true,"href":"https:\/\/powiatlwowecki.pl\/plci_json_endpoint\/wp\/v2\/users\/8"}],"replies":[{"embeddable":true,"href":"https:\/\/powiatlwowecki.pl\/plci_json_endpoint\/wp\/v2\/comments?post=11403"}],"version-history":[{"count":1,"href":"https:\/\/powiatlwowecki.pl\/plci_json_endpoint\/wp\/v2\/posts\/11403\/revisions"}],"predecessor-version":[{"id":11404,"href":"https:\/\/powiatlwowecki.pl\/plci_json_endpoint\/wp\/v2\/posts\/11403\/revisions\/11404"}],"wp:featuredmedia":[{"embeddable":true,"href":"https:\/\/powiatlwowecki.pl\/plci_json_endpoint\/wp\/v2\/media\/11400"}],"wp:attachment":[{"href":"https:\/\/powiatlwowecki.pl\/plci_json_endpoint\/wp\/v2\/media?parent=11403"}],"wp:term":[{"taxonomy":"category","embeddable":true,"href":"https:\/\/powiatlwowecki.pl\/plci_json_endpoint\/wp\/v2\/categories?post=11403"},{"taxonomy":"post_tag","embeddable":true,"href":"https:\/\/powiatlwowecki.pl\/plci_json_endpoint\/wp\/v2\/tags?post=11403"}],"curies":[{"name":"wp","href":"https:\/\/api.w.org\/{rel}","templated":true}]}}