{"id":11381,"date":"2025-12-04T19:11:40","date_gmt":"2025-12-04T18:11:40","guid":{"rendered":"https:\/\/powiatlwowecki.pl\/?p=11381"},"modified":"2025-12-04T19:15:14","modified_gmt":"2025-12-04T18:15:14","slug":"szkolenie-zasadnicze-z-zakresu-ochrony-ludnosci-i-obrony-cywilnej","status":"publish","type":"post","link":"https:\/\/powiatlwowecki.pl\/szkolenie-zasadnicze-z-zakresu-ochrony-ludnosci-i-obrony-cywilnej\/","title":{"rendered":"Szkolenie zasadnicze z zakresu ochrony ludno\u015bci i obrony cywilnej"},"content":{"rendered":"<p data-start=\"0\" data-end=\"357\">W dniach <strong data-start=\"9\" data-end=\"32\">3\u20134 grudnia 2025 r.<\/strong> w siedzibie <strong data-start=\"45\" data-end=\"87\">Starostwa Powiatowego w Lw\u00f3wku \u015al\u0105skim<\/strong> odby\u0142o si\u0119 <strong data-start=\"99\" data-end=\"356\">\u201eSzkolenie zasadnicze z zakresu ochrony ludno\u015bci i obrony cywilnej dla kadry w urz\u0119dach obs\u0142uguj\u0105cych organy ochrony ludno\u015bci oraz w innych urz\u0119dach, jednostkach organizacyjnych jednostek samorz\u0105du terytorialnego i organach jednostek pomocniczych\u201d<\/strong>.<\/p>\n<p data-start=\"359\" data-end=\"895\">W szkoleniu udzia\u0142 wzi\u0119li <strong data-start=\"385\" data-end=\"421\">kierownicy jednostek powiatowych<\/strong>, <strong data-start=\"423\" data-end=\"461\">dyrektorzy szk\u00f3\u0142 ponadpodstawowych<\/strong>, <strong data-start=\"463\" data-end=\"477\">naczelnicy<\/strong> oraz <strong data-start=\"483\" data-end=\"507\">pracownicy Starostwa<\/strong>, a tak\u017ce <strong data-start=\"517\" data-end=\"558\">przedstawiciele PSSE w Lw\u00f3wku \u015al\u0105skim<\/strong>, <strong data-start=\"560\" data-end=\"625\">Powiatowego Inspektoratu Nadzoru Budowlanego w Lw\u00f3wku \u015al\u0105skim<\/strong> oraz <strong data-start=\"631\" data-end=\"679\">Powiatowego Centrum Zdrowia w Lw\u00f3wku \u015al\u0105skim<\/strong>. Program obejmowa\u0142 <strong data-start=\"699\" data-end=\"721\">wyk\u0142ady tematyczne<\/strong> oraz <strong data-start=\"727\" data-end=\"740\">warsztaty<\/strong>, kt\u00f3re pozwoli\u0142y uczestnikom nie tylko uporz\u0105dkowa\u0107 wiedz\u0119, ale r\u00f3wnie\u017c prze\u0107wiczy\u0107 praktyczne rozwi\u0105zania mo\u017cliwe do wdro\u017cenia w codziennej pracy urz\u0119du.<\/p>\n<p data-start=\"897\" data-end=\"1224\">Zaj\u0119cia prowadzi\u0142a do\u015bwiadczona kadra z <strong data-start=\"937\" data-end=\"988\">Collegium Witelona Uczelnia Pa\u0144stwowa w Legnicy<\/strong> \u2013 eksperci w dziedzinie <strong data-start=\"1013\" data-end=\"1031\">bezpiecze\u0144stwa<\/strong>, <strong data-start=\"1033\" data-end=\"1060\">zarz\u0105dzania kryzysowego<\/strong> i <strong data-start=\"1063\" data-end=\"1082\">obrony cywilnej<\/strong>. Prowadz\u0105cy po\u0142\u0105czyli wiedz\u0119 teoretyczn\u0105 z przyk\u0142adami z praktyki, dzi\u0119ki czemu szkolenie mia\u0142o wymiar konkretny i u\u017cyteczny dla uczestnik\u00f3w.<\/p>\n<p data-start=\"1226\" data-end=\"1692\">W sytuacjach kryzysowych to w\u0142a\u015bnie <strong data-start=\"1262\" data-end=\"1288\">pracownicy samorz\u0105dowi<\/strong> odgrywaj\u0105 kluczow\u0105 rol\u0119 w podejmowaniu decyzji oraz realizacji dzia\u0142a\u0144 maj\u0105cych na celu zapewnienie bezpiecze\u0144stwa i ochron\u0119 mieszka\u0144c\u00f3w. Dlatego tak istotne jest systematyczne podnoszenie kompetencji poprzez udzia\u0142 w szkoleniach przygotowuj\u0105cych do skutecznego dzia\u0142ania w warunkach zagro\u017ce\u0144 \u2013 co przek\u0142ada si\u0119 na realne korzy\u015bci dla obywateli oraz sprawniejsze funkcjonowanie administracji publicznej.<\/p>\n<h3 data-start=\"1694\" data-end=\"1726\">G\u0142\u00f3wne zagadnienia szkolenia<\/h3>\n<p data-start=\"1727\" data-end=\"1774\">Podczas dw\u00f3ch dni szkoleniowych om\u00f3wiono m.in.:<\/p>\n<ul data-start=\"1776\" data-end=\"2555\">\n<li data-start=\"1776\" data-end=\"1927\">\n<p data-start=\"1778\" data-end=\"1927\"><strong data-start=\"1778\" data-end=\"1839\">Uwarunkowania ochrony ludno\u015bci i obrony cywilnej w Polsce<\/strong>, w tym zagro\u017cenia dla spo\u0142eczno\u015bci lokalnej oraz <strong data-start=\"1889\" data-end=\"1924\">zapewnianie ci\u0105g\u0142o\u015bci dzia\u0142ania<\/strong>.<\/p>\n<\/li>\n<li data-start=\"1928\" data-end=\"2034\">\n<p data-start=\"1930\" data-end=\"2034\"><strong data-start=\"1930\" data-end=\"1985\">Urz\u0105d w systemie ochrony ludno\u015bci i obrony cywilnej<\/strong> \u2013 rola, funkcje, zadania i sposoby realizacji.<\/p>\n<\/li>\n<li data-start=\"2035\" data-end=\"2110\">\n<p data-start=\"2037\" data-end=\"2110\"><strong data-start=\"2037\" data-end=\"2107\">Funkcjonowanie urz\u0119du w stanach nadzwyczajnych oraz w czasie wojny<\/strong>.<\/p>\n<\/li>\n<li data-start=\"2111\" data-end=\"2227\">\n<p data-start=\"2113\" data-end=\"2227\"><strong data-start=\"2113\" data-end=\"2143\">Przygotowanie i planowanie<\/strong> w ochronie ludno\u015bci i obronie cywilnej, w tym <strong data-start=\"2190\" data-end=\"2224\">planowanie ci\u0105g\u0142o\u015bci dzia\u0142ania<\/strong>.<\/p>\n<\/li>\n<li data-start=\"2228\" data-end=\"2313\">\n<p data-start=\"2230\" data-end=\"2313\"><strong data-start=\"2230\" data-end=\"2271\">Wsp\u00f3\u0142praca, wsparcie i wsp\u00f3\u0142dzia\u0142anie<\/strong> w ochronie ludno\u015bci i obronie cywilnej.<\/p>\n<\/li>\n<li data-start=\"2314\" data-end=\"2432\">\n<p data-start=\"2316\" data-end=\"2432\"><strong data-start=\"2316\" data-end=\"2381\">Wykrywanie zagro\u017ce\u0144, powiadamianie, ostrzeganie i alarmowanie<\/strong>; <strong data-start=\"2383\" data-end=\"2429\">komunikacja kryzysowa i komunikacja ryzyka<\/strong>.<\/p>\n<\/li>\n<li data-start=\"2433\" data-end=\"2488\">\n<p data-start=\"2435\" data-end=\"2488\"><strong data-start=\"2435\" data-end=\"2457\">Dzia\u0142ania pomocowe<\/strong> w warunkach obrony cywilnej.<\/p>\n<\/li>\n<li data-start=\"2489\" data-end=\"2555\">\n<p data-start=\"2491\" data-end=\"2555\"><strong data-start=\"2491\" data-end=\"2504\">Ewakuacja<\/strong> oraz \u015brodki <strong data-start=\"2517\" data-end=\"2554\">indywidualnej i zbiorowej ochrony<\/strong>.<\/p>\n<\/li>\n<\/ul>\n<p data-start=\"2557\" data-end=\"2802\" data-is-last-node=\"\" data-is-only-node=\"\">Szkolenie stanowi\u0142o wa\u017cny element budowania i wzmacniania gotowo\u015bci administracji samorz\u0105dowej do dzia\u0142ania w r\u00f3\u017cnych scenariuszach zagro\u017ce\u0144 oraz rozwijania wsp\u00f3\u0142pracy pomi\u0119dzy instytucjami odpowiedzialnymi za bezpiecze\u0144stwo mieszka\u0144c\u00f3w powiatu.<\/p>\n<p data-start=\"0\" data-end=\"357\"><strong data-start=\"99\" data-end=\"356\"><img decoding=\"async\" class=\"alignnone size-full wp-image-11382\" src=\"https:\/\/powiatlwowecki.pl\/wp-content\/uploads\/2025\/12\/20251203_080732-scaled.jpg\" alt=\"\" width=\"2560\" height=\"1441\" srcset=\"https:\/\/powiatlwowecki.pl\/wp-content\/uploads\/2025\/12\/20251203_080732-24x14.jpg 24w, https:\/\/powiatlwowecki.pl\/wp-content\/uploads\/2025\/12\/20251203_080732-36x20.jpg 36w, https:\/\/powiatlwowecki.pl\/wp-content\/uploads\/2025\/12\/20251203_080732-48x27.jpg 48w, https:\/\/powiatlwowecki.pl\/wp-content\/uploads\/2025\/12\/20251203_080732-200x113.jpg 200w, https:\/\/powiatlwowecki.pl\/wp-content\/uploads\/2025\/12\/20251203_080732-300x169.jpg 300w, https:\/\/powiatlwowecki.pl\/wp-content\/uploads\/2025\/12\/20251203_080732-400x225.jpg 400w, https:\/\/powiatlwowecki.pl\/wp-content\/uploads\/2025\/12\/20251203_080732-600x338.jpg 600w, https:\/\/powiatlwowecki.pl\/wp-content\/uploads\/2025\/12\/20251203_080732-768x432.jpg 768w, https:\/\/powiatlwowecki.pl\/wp-content\/uploads\/2025\/12\/20251203_080732-800x450.jpg 800w, https:\/\/powiatlwowecki.pl\/wp-content\/uploads\/2025\/12\/20251203_080732-1024x577.jpg 1024w, https:\/\/powiatlwowecki.pl\/wp-content\/uploads\/2025\/12\/20251203_080732-1200x676.jpg 1200w, https:\/\/powiatlwowecki.pl\/wp-content\/uploads\/2025\/12\/20251203_080732-1536x865.jpg 1536w, https:\/\/powiatlwowecki.pl\/wp-content\/uploads\/2025\/12\/20251203_080732-scaled.jpg 2560w\" sizes=\"(max-width: 2560px) 100vw, 2560px\" \/> <img decoding=\"async\" class=\"alignnone size-full wp-image-11383\" src=\"https:\/\/powiatlwowecki.pl\/wp-content\/uploads\/2025\/12\/20251203_102220-scaled.jpg\" alt=\"\" width=\"2560\" height=\"1441\" srcset=\"https:\/\/powiatlwowecki.pl\/wp-content\/uploads\/2025\/12\/20251203_102220-24x14.jpg 24w, https:\/\/powiatlwowecki.pl\/wp-content\/uploads\/2025\/12\/20251203_102220-36x20.jpg 36w, https:\/\/powiatlwowecki.pl\/wp-content\/uploads\/2025\/12\/20251203_102220-48x27.jpg 48w, https:\/\/powiatlwowecki.pl\/wp-content\/uploads\/2025\/12\/20251203_102220-200x113.jpg 200w, https:\/\/powiatlwowecki.pl\/wp-content\/uploads\/2025\/12\/20251203_102220-300x169.jpg 300w, https:\/\/powiatlwowecki.pl\/wp-content\/uploads\/2025\/12\/20251203_102220-400x225.jpg 400w, https:\/\/powiatlwowecki.pl\/wp-content\/uploads\/2025\/12\/20251203_102220-600x338.jpg 600w, https:\/\/powiatlwowecki.pl\/wp-content\/uploads\/2025\/12\/20251203_102220-768x432.jpg 768w, https:\/\/powiatlwowecki.pl\/wp-content\/uploads\/2025\/12\/20251203_102220-800x450.jpg 800w, https:\/\/powiatlwowecki.pl\/wp-content\/uploads\/2025\/12\/20251203_102220-1024x577.jpg 1024w, https:\/\/powiatlwowecki.pl\/wp-content\/uploads\/2025\/12\/20251203_102220-1200x676.jpg 1200w, https:\/\/powiatlwowecki.pl\/wp-content\/uploads\/2025\/12\/20251203_102220-1536x865.jpg 1536w, https:\/\/powiatlwowecki.pl\/wp-content\/uploads\/2025\/12\/20251203_102220-scaled.jpg 2560w\" sizes=\"(max-width: 2560px) 100vw, 2560px\" \/> <img decoding=\"async\" class=\"alignnone size-full wp-image-11384\" src=\"https:\/\/powiatlwowecki.pl\/wp-content\/uploads\/2025\/12\/20251203_102233-scaled.jpg\" alt=\"\" width=\"2560\" height=\"1441\" srcset=\"https:\/\/powiatlwowecki.pl\/wp-content\/uploads\/2025\/12\/20251203_102233-24x14.jpg 24w, https:\/\/powiatlwowecki.pl\/wp-content\/uploads\/2025\/12\/20251203_102233-36x20.jpg 36w, https:\/\/powiatlwowecki.pl\/wp-content\/uploads\/2025\/12\/20251203_102233-48x27.jpg 48w, https:\/\/powiatlwowecki.pl\/wp-content\/uploads\/2025\/12\/20251203_102233-200x113.jpg 200w, https:\/\/powiatlwowecki.pl\/wp-content\/uploads\/2025\/12\/20251203_102233-300x169.jpg 300w, https:\/\/powiatlwowecki.pl\/wp-content\/uploads\/2025\/12\/20251203_102233-400x225.jpg 400w, https:\/\/powiatlwowecki.pl\/wp-content\/uploads\/2025\/12\/20251203_102233-600x338.jpg 600w, https:\/\/powiatlwowecki.pl\/wp-content\/uploads\/2025\/12\/20251203_102233-768x432.jpg 768w, https:\/\/powiatlwowecki.pl\/wp-content\/uploads\/2025\/12\/20251203_102233-800x450.jpg 800w, https:\/\/powiatlwowecki.pl\/wp-content\/uploads\/2025\/12\/20251203_102233-1024x577.jpg 1024w, https:\/\/powiatlwowecki.pl\/wp-content\/uploads\/2025\/12\/20251203_102233-1200x676.jpg 1200w, https:\/\/powiatlwowecki.pl\/wp-content\/uploads\/2025\/12\/20251203_102233-1536x865.jpg 1536w, https:\/\/powiatlwowecki.pl\/wp-content\/uploads\/2025\/12\/20251203_102233-scaled.jpg 2560w\" sizes=\"(max-width: 2560px) 100vw, 2560px\" \/> <img decoding=\"async\" class=\"alignnone size-full wp-image-11385\" src=\"https:\/\/powiatlwowecki.pl\/wp-content\/uploads\/2025\/12\/20251203_102246-scaled.jpg\" alt=\"\" width=\"2560\" height=\"1441\" srcset=\"https:\/\/powiatlwowecki.pl\/wp-content\/uploads\/2025\/12\/20251203_102246-24x14.jpg 24w, https:\/\/powiatlwowecki.pl\/wp-content\/uploads\/2025\/12\/20251203_102246-36x20.jpg 36w, https:\/\/powiatlwowecki.pl\/wp-content\/uploads\/2025\/12\/20251203_102246-48x27.jpg 48w, https:\/\/powiatlwowecki.pl\/wp-content\/uploads\/2025\/12\/20251203_102246-200x113.jpg 200w, https:\/\/powiatlwowecki.pl\/wp-content\/uploads\/2025\/12\/20251203_102246-300x169.jpg 300w, https:\/\/powiatlwowecki.pl\/wp-content\/uploads\/2025\/12\/20251203_102246-400x225.jpg 400w, https:\/\/powiatlwowecki.pl\/wp-content\/uploads\/2025\/12\/20251203_102246-600x338.jpg 600w, https:\/\/powiatlwowecki.pl\/wp-content\/uploads\/2025\/12\/20251203_102246-768x432.jpg 768w, https:\/\/powiatlwowecki.pl\/wp-content\/uploads\/2025\/12\/20251203_102246-800x450.jpg 800w, https:\/\/powiatlwowecki.pl\/wp-content\/uploads\/2025\/12\/20251203_102246-1024x577.jpg 1024w, https:\/\/powiatlwowecki.pl\/wp-content\/uploads\/2025\/12\/20251203_102246-1200x676.jpg 1200w, https:\/\/powiatlwowecki.pl\/wp-content\/uploads\/2025\/12\/20251203_102246-1536x865.jpg 1536w, https:\/\/powiatlwowecki.pl\/wp-content\/uploads\/2025\/12\/20251203_102246-scaled.jpg 2560w\" sizes=\"(max-width: 2560px) 100vw, 2560px\" \/> <img decoding=\"async\" class=\"alignnone size-full wp-image-11386\" src=\"https:\/\/powiatlwowecki.pl\/wp-content\/uploads\/2025\/12\/20251203_102248-scaled.jpg\" alt=\"\" width=\"2560\" height=\"1441\" srcset=\"https:\/\/powiatlwowecki.pl\/wp-content\/uploads\/2025\/12\/20251203_102248-24x14.jpg 24w, https:\/\/powiatlwowecki.pl\/wp-content\/uploads\/2025\/12\/20251203_102248-36x20.jpg 36w, https:\/\/powiatlwowecki.pl\/wp-content\/uploads\/2025\/12\/20251203_102248-48x27.jpg 48w, https:\/\/powiatlwowecki.pl\/wp-content\/uploads\/2025\/12\/20251203_102248-200x113.jpg 200w, https:\/\/powiatlwowecki.pl\/wp-content\/uploads\/2025\/12\/20251203_102248-300x169.jpg 300w, https:\/\/powiatlwowecki.pl\/wp-content\/uploads\/2025\/12\/20251203_102248-400x225.jpg 400w, https:\/\/powiatlwowecki.pl\/wp-content\/uploads\/2025\/12\/20251203_102248-600x338.jpg 600w, https:\/\/powiatlwowecki.pl\/wp-content\/uploads\/2025\/12\/20251203_102248-768x432.jpg 768w, https:\/\/powiatlwowecki.pl\/wp-content\/uploads\/2025\/12\/20251203_102248-800x450.jpg 800w, https:\/\/powiatlwowecki.pl\/wp-content\/uploads\/2025\/12\/20251203_102248-1024x577.jpg 1024w, https:\/\/powiatlwowecki.pl\/wp-content\/uploads\/2025\/12\/20251203_102248-1200x676.jpg 1200w, https:\/\/powiatlwowecki.pl\/wp-content\/uploads\/2025\/12\/20251203_102248-1536x865.jpg 1536w, https:\/\/powiatlwowecki.pl\/wp-content\/uploads\/2025\/12\/20251203_102248-scaled.jpg 2560w\" sizes=\"(max-width: 2560px) 100vw, 2560px\" \/> <img decoding=\"async\" class=\"alignnone size-full wp-image-11387\" src=\"https:\/\/powiatlwowecki.pl\/wp-content\/uploads\/2025\/12\/20251203_102328-scaled.jpg\" alt=\"\" width=\"2560\" height=\"1441\" srcset=\"https:\/\/powiatlwowecki.pl\/wp-content\/uploads\/2025\/12\/20251203_102328-24x14.jpg 24w, https:\/\/powiatlwowecki.pl\/wp-content\/uploads\/2025\/12\/20251203_102328-36x20.jpg 36w, https:\/\/powiatlwowecki.pl\/wp-content\/uploads\/2025\/12\/20251203_102328-48x27.jpg 48w, https:\/\/powiatlwowecki.pl\/wp-content\/uploads\/2025\/12\/20251203_102328-200x113.jpg 200w, https:\/\/powiatlwowecki.pl\/wp-content\/uploads\/2025\/12\/20251203_102328-300x169.jpg 300w, https:\/\/powiatlwowecki.pl\/wp-content\/uploads\/2025\/12\/20251203_102328-400x225.jpg 400w, https:\/\/powiatlwowecki.pl\/wp-content\/uploads\/2025\/12\/20251203_102328-600x338.jpg 600w, https:\/\/powiatlwowecki.pl\/wp-content\/uploads\/2025\/12\/20251203_102328-768x432.jpg 768w, https:\/\/powiatlwowecki.pl\/wp-content\/uploads\/2025\/12\/20251203_102328-800x450.jpg 800w, https:\/\/powiatlwowecki.pl\/wp-content\/uploads\/2025\/12\/20251203_102328-1024x577.jpg 1024w, https:\/\/powiatlwowecki.pl\/wp-content\/uploads\/2025\/12\/20251203_102328-1200x676.jpg 1200w, https:\/\/powiatlwowecki.pl\/wp-content\/uploads\/2025\/12\/20251203_102328-1536x865.jpg 1536w, https:\/\/powiatlwowecki.pl\/wp-content\/uploads\/2025\/12\/20251203_102328-scaled.jpg 2560w\" sizes=\"(max-width: 2560px) 100vw, 2560px\" \/> <img decoding=\"async\" class=\"alignnone size-full wp-image-11388\" src=\"https:\/\/powiatlwowecki.pl\/wp-content\/uploads\/2025\/12\/20251203_102336-scaled.jpg\" alt=\"\" width=\"2560\" height=\"1441\" srcset=\"https:\/\/powiatlwowecki.pl\/wp-content\/uploads\/2025\/12\/20251203_102336-24x14.jpg 24w, https:\/\/powiatlwowecki.pl\/wp-content\/uploads\/2025\/12\/20251203_102336-36x20.jpg 36w, https:\/\/powiatlwowecki.pl\/wp-content\/uploads\/2025\/12\/20251203_102336-48x27.jpg 48w, https:\/\/powiatlwowecki.pl\/wp-content\/uploads\/2025\/12\/20251203_102336-200x113.jpg 200w, https:\/\/powiatlwowecki.pl\/wp-content\/uploads\/2025\/12\/20251203_102336-300x169.jpg 300w, https:\/\/powiatlwowecki.pl\/wp-content\/uploads\/2025\/12\/20251203_102336-400x225.jpg 400w, https:\/\/powiatlwowecki.pl\/wp-content\/uploads\/2025\/12\/20251203_102336-600x338.jpg 600w, https:\/\/powiatlwowecki.pl\/wp-content\/uploads\/2025\/12\/20251203_102336-768x432.jpg 768w, https:\/\/powiatlwowecki.pl\/wp-content\/uploads\/2025\/12\/20251203_102336-800x450.jpg 800w, https:\/\/powiatlwowecki.pl\/wp-content\/uploads\/2025\/12\/20251203_102336-1024x577.jpg 1024w, https:\/\/powiatlwowecki.pl\/wp-content\/uploads\/2025\/12\/20251203_102336-1200x676.jpg 1200w, https:\/\/powiatlwowecki.pl\/wp-content\/uploads\/2025\/12\/20251203_102336-1536x865.jpg 1536w, https:\/\/powiatlwowecki.pl\/wp-content\/uploads\/2025\/12\/20251203_102336-scaled.jpg 2560w\" sizes=\"(max-width: 2560px) 100vw, 2560px\" \/> <img decoding=\"async\" class=\"alignnone size-full wp-image-11389\" src=\"https:\/\/powiatlwowecki.pl\/wp-content\/uploads\/2025\/12\/20251203_102341-scaled.jpg\" alt=\"\" width=\"2560\" height=\"1441\" srcset=\"https:\/\/powiatlwowecki.pl\/wp-content\/uploads\/2025\/12\/20251203_102341-24x14.jpg 24w, https:\/\/powiatlwowecki.pl\/wp-content\/uploads\/2025\/12\/20251203_102341-36x20.jpg 36w, https:\/\/powiatlwowecki.pl\/wp-content\/uploads\/2025\/12\/20251203_102341-48x27.jpg 48w, https:\/\/powiatlwowecki.pl\/wp-content\/uploads\/2025\/12\/20251203_102341-200x113.jpg 200w, https:\/\/powiatlwowecki.pl\/wp-content\/uploads\/2025\/12\/20251203_102341-300x169.jpg 300w, https:\/\/powiatlwowecki.pl\/wp-content\/uploads\/2025\/12\/20251203_102341-400x225.jpg 400w, https:\/\/powiatlwowecki.pl\/wp-content\/uploads\/2025\/12\/20251203_102341-600x338.jpg 600w, https:\/\/powiatlwowecki.pl\/wp-content\/uploads\/2025\/12\/20251203_102341-768x432.jpg 768w, https:\/\/powiatlwowecki.pl\/wp-content\/uploads\/2025\/12\/20251203_102341-800x450.jpg 800w, https:\/\/powiatlwowecki.pl\/wp-content\/uploads\/2025\/12\/20251203_102341-1024x577.jpg 1024w, https:\/\/powiatlwowecki.pl\/wp-content\/uploads\/2025\/12\/20251203_102341-1200x676.jpg 1200w, https:\/\/powiatlwowecki.pl\/wp-content\/uploads\/2025\/12\/20251203_102341-1536x865.jpg 1536w, https:\/\/powiatlwowecki.pl\/wp-content\/uploads\/2025\/12\/20251203_102341-scaled.jpg 2560w\" sizes=\"(max-width: 2560px) 100vw, 2560px\" \/> <img decoding=\"async\" class=\"alignnone size-full wp-image-11390\" src=\"https:\/\/powiatlwowecki.pl\/wp-content\/uploads\/2025\/12\/20251203_111410-scaled.jpg\" alt=\"\" width=\"2560\" height=\"1441\" srcset=\"https:\/\/powiatlwowecki.pl\/wp-content\/uploads\/2025\/12\/20251203_111410-24x14.jpg 24w, https:\/\/powiatlwowecki.pl\/wp-content\/uploads\/2025\/12\/20251203_111410-36x20.jpg 36w, https:\/\/powiatlwowecki.pl\/wp-content\/uploads\/2025\/12\/20251203_111410-48x27.jpg 48w, https:\/\/powiatlwowecki.pl\/wp-content\/uploads\/2025\/12\/20251203_111410-200x113.jpg 200w, https:\/\/powiatlwowecki.pl\/wp-content\/uploads\/2025\/12\/20251203_111410-300x169.jpg 300w, https:\/\/powiatlwowecki.pl\/wp-content\/uploads\/2025\/12\/20251203_111410-400x225.jpg 400w, https:\/\/powiatlwowecki.pl\/wp-content\/uploads\/2025\/12\/20251203_111410-600x338.jpg 600w, https:\/\/powiatlwowecki.pl\/wp-content\/uploads\/2025\/12\/20251203_111410-768x432.jpg 768w, https:\/\/powiatlwowecki.pl\/wp-content\/uploads\/2025\/12\/20251203_111410-800x450.jpg 800w, https:\/\/powiatlwowecki.pl\/wp-content\/uploads\/2025\/12\/20251203_111410-1024x577.jpg 1024w, https:\/\/powiatlwowecki.pl\/wp-content\/uploads\/2025\/12\/20251203_111410-1200x676.jpg 1200w, https:\/\/powiatlwowecki.pl\/wp-content\/uploads\/2025\/12\/20251203_111410-1536x865.jpg 1536w, https:\/\/powiatlwowecki.pl\/wp-content\/uploads\/2025\/12\/20251203_111410-scaled.jpg 2560w\" sizes=\"(max-width: 2560px) 100vw, 2560px\" \/> <img decoding=\"async\" class=\"alignnone size-full wp-image-11391\" src=\"https:\/\/powiatlwowecki.pl\/wp-content\/uploads\/2025\/12\/20251204_080529-scaled.jpg\" alt=\"\" width=\"2560\" height=\"1441\" srcset=\"https:\/\/powiatlwowecki.pl\/wp-content\/uploads\/2025\/12\/20251204_080529-24x14.jpg 24w, https:\/\/powiatlwowecki.pl\/wp-content\/uploads\/2025\/12\/20251204_080529-36x20.jpg 36w, https:\/\/powiatlwowecki.pl\/wp-content\/uploads\/2025\/12\/20251204_080529-48x27.jpg 48w, https:\/\/powiatlwowecki.pl\/wp-content\/uploads\/2025\/12\/20251204_080529-200x113.jpg 200w, https:\/\/powiatlwowecki.pl\/wp-content\/uploads\/2025\/12\/20251204_080529-300x169.jpg 300w, https:\/\/powiatlwowecki.pl\/wp-content\/uploads\/2025\/12\/20251204_080529-400x225.jpg 400w, https:\/\/powiatlwowecki.pl\/wp-content\/uploads\/2025\/12\/20251204_080529-600x338.jpg 600w, https:\/\/powiatlwowecki.pl\/wp-content\/uploads\/2025\/12\/20251204_080529-768x432.jpg 768w, https:\/\/powiatlwowecki.pl\/wp-content\/uploads\/2025\/12\/20251204_080529-800x450.jpg 800w, https:\/\/powiatlwowecki.pl\/wp-content\/uploads\/2025\/12\/20251204_080529-1024x577.jpg 1024w, https:\/\/powiatlwowecki.pl\/wp-content\/uploads\/2025\/12\/20251204_080529-1200x676.jpg 1200w, https:\/\/powiatlwowecki.pl\/wp-content\/uploads\/2025\/12\/20251204_080529-1536x865.jpg 1536w, https:\/\/powiatlwowecki.pl\/wp-content\/uploads\/2025\/12\/20251204_080529-scaled.jpg 2560w\" sizes=\"(max-width: 2560px) 100vw, 2560px\" \/> <img decoding=\"async\" class=\"alignnone size-full wp-image-11392\" src=\"https:\/\/powiatlwowecki.pl\/wp-content\/uploads\/2025\/12\/20251204_080534-scaled.jpg\" alt=\"\" width=\"2560\" height=\"1441\" srcset=\"https:\/\/powiatlwowecki.pl\/wp-content\/uploads\/2025\/12\/20251204_080534-24x14.jpg 24w, https:\/\/powiatlwowecki.pl\/wp-content\/uploads\/2025\/12\/20251204_080534-36x20.jpg 36w, https:\/\/powiatlwowecki.pl\/wp-content\/uploads\/2025\/12\/20251204_080534-48x27.jpg 48w, https:\/\/powiatlwowecki.pl\/wp-content\/uploads\/2025\/12\/20251204_080534-200x113.jpg 200w, https:\/\/powiatlwowecki.pl\/wp-content\/uploads\/2025\/12\/20251204_080534-300x169.jpg 300w, https:\/\/powiatlwowecki.pl\/wp-content\/uploads\/2025\/12\/20251204_080534-400x225.jpg 400w, https:\/\/powiatlwowecki.pl\/wp-content\/uploads\/2025\/12\/20251204_080534-600x338.jpg 600w, https:\/\/powiatlwowecki.pl\/wp-content\/uploads\/2025\/12\/20251204_080534-768x432.jpg 768w, https:\/\/powiatlwowecki.pl\/wp-content\/uploads\/2025\/12\/20251204_080534-800x450.jpg 800w, https:\/\/powiatlwowecki.pl\/wp-content\/uploads\/2025\/12\/20251204_080534-1024x577.jpg 1024w, https:\/\/powiatlwowecki.pl\/wp-content\/uploads\/2025\/12\/20251204_080534-1200x676.jpg 1200w, https:\/\/powiatlwowecki.pl\/wp-content\/uploads\/2025\/12\/20251204_080534-1536x865.jpg 1536w, https:\/\/powiatlwowecki.pl\/wp-content\/uploads\/2025\/12\/20251204_080534-scaled.jpg 2560w\" sizes=\"(max-width: 2560px) 100vw, 2560px\" \/> <img decoding=\"async\" class=\"alignnone size-full wp-image-11393\" src=\"https:\/\/powiatlwowecki.pl\/wp-content\/uploads\/2025\/12\/20251204_080818-scaled.jpg\" alt=\"\" width=\"2560\" height=\"1441\" srcset=\"https:\/\/powiatlwowecki.pl\/wp-content\/uploads\/2025\/12\/20251204_080818-24x14.jpg 24w, https:\/\/powiatlwowecki.pl\/wp-content\/uploads\/2025\/12\/20251204_080818-36x20.jpg 36w, https:\/\/powiatlwowecki.pl\/wp-content\/uploads\/2025\/12\/20251204_080818-48x27.jpg 48w, https:\/\/powiatlwowecki.pl\/wp-content\/uploads\/2025\/12\/20251204_080818-200x113.jpg 200w, https:\/\/powiatlwowecki.pl\/wp-content\/uploads\/2025\/12\/20251204_080818-300x169.jpg 300w, https:\/\/powiatlwowecki.pl\/wp-content\/uploads\/2025\/12\/20251204_080818-400x225.jpg 400w, https:\/\/powiatlwowecki.pl\/wp-content\/uploads\/2025\/12\/20251204_080818-600x338.jpg 600w, https:\/\/powiatlwowecki.pl\/wp-content\/uploads\/2025\/12\/20251204_080818-768x432.jpg 768w, https:\/\/powiatlwowecki.pl\/wp-content\/uploads\/2025\/12\/20251204_080818-800x450.jpg 800w, https:\/\/powiatlwowecki.pl\/wp-content\/uploads\/2025\/12\/20251204_080818-1024x577.jpg 1024w, https:\/\/powiatlwowecki.pl\/wp-content\/uploads\/2025\/12\/20251204_080818-1200x676.jpg 1200w, https:\/\/powiatlwowecki.pl\/wp-content\/uploads\/2025\/12\/20251204_080818-1536x865.jpg 1536w, https:\/\/powiatlwowecki.pl\/wp-content\/uploads\/2025\/12\/20251204_080818-scaled.jpg 2560w\" sizes=\"(max-width: 2560px) 100vw, 2560px\" \/><\/strong><\/p>\n","protected":false},"excerpt":{"rendered":"<p>W dniach 3\u20134 grudnia 2025 r. w siedzibie Starostwa Powiatowego w Lw\u00f3wku \u015al\u0105skim odby\u0142o si\u0119 \u201eSzkolenie zasadnicze z zakresu ochrony ludno\u015bci i obrony cywilnej dla kadry w urz\u0119dach obs\u0142uguj\u0105cych organy ochrony ludno\u015bci oraz w innych  [&#8230;]<\/p>\n","protected":false},"author":4,"featured_media":11384,"comment_status":"closed","ping_status":"closed","sticky":false,"template":"","format":"standard","meta":{"_acf_changed":false,"footnotes":""},"categories":[5,95],"tags":[],"class_list":["post-11381","post","type-post","status-publish","format-standard","has-post-thumbnail","hentry","category-aktualnosci","category-pczk"],"acf":{"kal_data_wydarzenia":""},"_links":{"self":[{"href":"https:\/\/powiatlwowecki.pl\/plci_json_endpoint\/wp\/v2\/posts\/11381","targetHints":{"allow":["GET"]}}],"collection":[{"href":"https:\/\/powiatlwowecki.pl\/plci_json_endpoint\/wp\/v2\/posts"}],"about":[{"href":"https:\/\/powiatlwowecki.pl\/plci_json_endpoint\/wp\/v2\/types\/post"}],"author":[{"embeddable":true,"href":"https:\/\/powiatlwowecki.pl\/plci_json_endpoint\/wp\/v2\/users\/4"}],"replies":[{"embeddable":true,"href":"https:\/\/powiatlwowecki.pl\/plci_json_endpoint\/wp\/v2\/comments?post=11381"}],"version-history":[{"count":2,"href":"https:\/\/powiatlwowecki.pl\/plci_json_endpoint\/wp\/v2\/posts\/11381\/revisions"}],"predecessor-version":[{"id":11395,"href":"https:\/\/powiatlwowecki.pl\/plci_json_endpoint\/wp\/v2\/posts\/11381\/revisions\/11395"}],"wp:featuredmedia":[{"embeddable":true,"href":"https:\/\/powiatlwowecki.pl\/plci_json_endpoint\/wp\/v2\/media\/11384"}],"wp:attachment":[{"href":"https:\/\/powiatlwowecki.pl\/plci_json_endpoint\/wp\/v2\/media?parent=11381"}],"wp:term":[{"taxonomy":"category","embeddable":true,"href":"https:\/\/powiatlwowecki.pl\/plci_json_endpoint\/wp\/v2\/categories?post=11381"},{"taxonomy":"post_tag","embeddable":true,"href":"https:\/\/powiatlwowecki.pl\/plci_json_endpoint\/wp\/v2\/tags?post=11381"}],"curies":[{"name":"wp","href":"https:\/\/api.w.org\/{rel}","templated":true}]}}