{"id":11037,"date":"2025-10-14T12:05:15","date_gmt":"2025-10-14T10:05:15","guid":{"rendered":"https:\/\/powiatlwowecki.pl\/?p=11037"},"modified":"2025-10-14T12:08:49","modified_gmt":"2025-10-14T10:08:49","slug":"zaproszenie-dla-mieszkancow-powiatu-lwoweckiego","status":"publish","type":"post","link":"https:\/\/powiatlwowecki.pl\/zaproszenie-dla-mieszkancow-powiatu-lwoweckiego\/","title":{"rendered":"ZAPROSZENIE DLA MIESZKA\u0143C\u00d3W POWIATU LW\u00d3WECKIEGO"},"content":{"rendered":"<p data-start=\"226\" data-end=\"399\">Wojewoda Dolno\u015bl\u0105ski oraz Starosta Lw\u00f3wecki serdecznie zapraszaj\u0105 wszystkich mieszka\u0144c\u00f3w na <strong data-start=\"316\" data-end=\"350\">otwarte spotkanie informacyjne<\/strong> w ramach inicjatywy <strong data-start=\"371\" data-end=\"396\">#BezpiecznyDolny\u015al\u0105sk<\/strong>.<\/p>\n<p data-start=\"401\" data-end=\"561\">\ud83d\uddd3 <strong data-start=\"404\" data-end=\"413\">Data:<\/strong> 21 pa\u017adziernika 2025 r. (wtorek)<br data-start=\"446\" data-end=\"449\" \/>\ud83d\udd50 <strong data-start=\"452\" data-end=\"464\">Godzina:<\/strong> 13:00<br data-start=\"470\" data-end=\"473\" \/>\ud83d\udccd <strong data-start=\"476\" data-end=\"488\">Miejsce:<\/strong> Miejsko-Gminny O\u015brodek Kultury, ul. Kolejowa 33a, 59-620 Gryf\u00f3w \u015al\u0105ski<\/p>\n<p data-start=\"563\" data-end=\"763\">Podczas spotkania poznacie Pa\u0144stwo <strong data-start=\"598\" data-end=\"659\">lokalne plany dotycz\u0105ce bezpiecze\u0144stwa i ochrony ludno\u015bci<\/strong>, dowiecie si\u0119, jak dzia\u0142aj\u0105 s\u0142u\u017cby oraz jak samodzielnie przygotowa\u0107 si\u0119 na r\u00f3\u017cne sytuacje kryzysowe.<\/p>\n<h3 data-start=\"765\" data-end=\"787\">Program spotkania:<\/h3>\n<ul data-start=\"788\" data-end=\"1396\">\n<li data-start=\"788\" data-end=\"891\">\n<p data-start=\"790\" data-end=\"891\"><strong data-start=\"790\" data-end=\"805\">13:00\u201315:00<\/strong> \u2013 Pokazy i warsztaty ekspert\u00f3w, m.in. ze Stra\u017cy Po\u017carnej w zakresie bezpiecze\u0144stwa.<\/p>\n<\/li>\n<li data-start=\"892\" data-end=\"1021\">\n<p data-start=\"894\" data-end=\"1021\"><strong data-start=\"894\" data-end=\"903\">13:30<\/strong> \u2013 Wyst\u0105pienie Wojewody Dolno\u015bl\u0105skiego <strong data-start=\"942\" data-end=\"959\">Anny \u017babskiej<\/strong>: <em data-start=\"961\" data-end=\"1019\">Czym jest OLiOC? Co robimy, aby zapewni\u0107 bezpiecze\u0144stwo?<\/em><\/p>\n<\/li>\n<li data-start=\"1022\" data-end=\"1182\">\n<p data-start=\"1024\" data-end=\"1182\"><strong data-start=\"1024\" data-end=\"1033\">13:45<\/strong> \u2013 Wyst\u0105pienie Starosty Lw\u00f3weckiego <strong data-start=\"1069\" data-end=\"1097\">Ma\u0142gorzaty Szczepa\u0144skiej<\/strong>: <em data-start=\"1099\" data-end=\"1180\">Plany i dzia\u0142ania OLiOC w powiecie lw\u00f3weckim. Jak wykorzystujemy rz\u0105dow\u0105 pomoc?<\/em><\/p>\n<\/li>\n<li data-start=\"1183\" data-end=\"1254\">\n<p data-start=\"1185\" data-end=\"1254\"><strong data-start=\"1185\" data-end=\"1194\">14:00<\/strong> \u2013 Wyst\u0105pienia przedstawicieli gmin z powiatu lw\u00f3weckiego.<\/p>\n<\/li>\n<li data-start=\"1255\" data-end=\"1357\">\n<p data-start=\"1257\" data-end=\"1357\"><strong data-start=\"1257\" data-end=\"1266\">14:15<\/strong> \u2013 Panel dyskusyjny na temat bezpiecze\u0144stwa i ochrony z udzia\u0142em ekspert\u00f3w i mieszka\u0144c\u00f3w.<\/p>\n<\/li>\n<li data-start=\"1358\" data-end=\"1396\">\n<p data-start=\"1360\" data-end=\"1396\"><strong data-start=\"1360\" data-end=\"1369\">15:00<\/strong> \u2013 Zako\u0144czenie spotkania.<img decoding=\"async\" class=\"alignnone size-full wp-image-11038\" src=\"https:\/\/powiatlwowecki.pl\/wp-content\/uploads\/2025\/10\/plakat-OLiOC-PL.jpeg\" alt=\"\" width=\"1080\" height=\"1350\" \/><\/p>\n<\/li>\n<\/ul>\n<hr data-start=\"1398\" data-end=\"1401\" \/>\n<p data-start=\"1403\" data-end=\"1552\">To doskona\u0142a okazja, by dowiedzie\u0107 si\u0119, <strong data-start=\"1443\" data-end=\"1490\">jak wsp\u00f3lnie budowa\u0107 bezpieczny Dolny \u015al\u0105sk<\/strong>.<br data-start=\"1491\" data-end=\"1494\" \/>Serdecznie zapraszamy wszystkich mieszka\u0144c\u00f3w do udzia\u0142u!<\/p>\n","protected":false},"excerpt":{"rendered":"<p>Wojewoda Dolno\u015bl\u0105ski oraz Starosta Lw\u00f3wecki serdecznie zapraszaj\u0105 wszystkich mieszka\u0144c\u00f3w na otwarte spotkanie informacyjne w ramach inicjatywy #BezpiecznyDolny\u015al\u0105sk. \ud83d\uddd3 Data: 21 pa\u017adziernika 2025 r. (wtorek)\ud83d\udd50 Godzina: 13:00\ud83d\udccd Miejsce: Miejsko-Gminny O\u015brodek Kultury, ul. Kolejowa 33a, 59-620 Gryf\u00f3w  [&#8230;]<\/p>\n","protected":false},"author":4,"featured_media":11038,"comment_status":"closed","ping_status":"closed","sticky":false,"template":"","format":"standard","meta":{"_acf_changed":false,"footnotes":""},"categories":[5,95],"tags":[],"class_list":["post-11037","post","type-post","status-publish","format-standard","has-post-thumbnail","hentry","category-aktualnosci","category-pczk"],"acf":{"kal_data_wydarzenia":""},"_links":{"self":[{"href":"https:\/\/powiatlwowecki.pl\/plci_json_endpoint\/wp\/v2\/posts\/11037","targetHints":{"allow":["GET"]}}],"collection":[{"href":"https:\/\/powiatlwowecki.pl\/plci_json_endpoint\/wp\/v2\/posts"}],"about":[{"href":"https:\/\/powiatlwowecki.pl\/plci_json_endpoint\/wp\/v2\/types\/post"}],"author":[{"embeddable":true,"href":"https:\/\/powiatlwowecki.pl\/plci_json_endpoint\/wp\/v2\/users\/4"}],"replies":[{"embeddable":true,"href":"https:\/\/powiatlwowecki.pl\/plci_json_endpoint\/wp\/v2\/comments?post=11037"}],"version-history":[{"count":2,"href":"https:\/\/powiatlwowecki.pl\/plci_json_endpoint\/wp\/v2\/posts\/11037\/revisions"}],"predecessor-version":[{"id":11040,"href":"https:\/\/powiatlwowecki.pl\/plci_json_endpoint\/wp\/v2\/posts\/11037\/revisions\/11040"}],"wp:featuredmedia":[{"embeddable":true,"href":"https:\/\/powiatlwowecki.pl\/plci_json_endpoint\/wp\/v2\/media\/11038"}],"wp:attachment":[{"href":"https:\/\/powiatlwowecki.pl\/plci_json_endpoint\/wp\/v2\/media?parent=11037"}],"wp:term":[{"taxonomy":"category","embeddable":true,"href":"https:\/\/powiatlwowecki.pl\/plci_json_endpoint\/wp\/v2\/categories?post=11037"},{"taxonomy":"post_tag","embeddable":true,"href":"https:\/\/powiatlwowecki.pl\/plci_json_endpoint\/wp\/v2\/tags?post=11037"}],"curies":[{"name":"wp","href":"https:\/\/api.w.org\/{rel}","templated":true}]}}