{"id":10816,"date":"2025-09-17T10:30:23","date_gmt":"2025-09-17T08:30:23","guid":{"rendered":"https:\/\/powiatlwowecki.pl\/?p=10816"},"modified":"2025-09-17T10:30:23","modified_gmt":"2025-09-17T08:30:23","slug":"instytut-adn-sp-z-o-o-sp-k-w-partnerstwie-z-fundacja-kultury-bez-barier-zapraszaja-do-udzialu-w-projekcie-2","status":"publish","type":"post","link":"https:\/\/powiatlwowecki.pl\/instytut-adn-sp-z-o-o-sp-k-w-partnerstwie-z-fundacja-kultury-bez-barier-zapraszaja-do-udzialu-w-projekcie-2\/","title":{"rendered":"Instytut ADN Sp. z o.o., sp.k., w partnerstwie z Fundacj\u0105 Kultury bez Barier zapraszaj\u0105 do udzia\u0142u w projekcie"},"content":{"rendered":"<p><div class=\"fusion-fullwidth fullwidth-box fusion-builder-row-1 fusion-flex-container nonhundred-percent-fullwidth non-hundred-percent-height-scrolling\" style=\"--awb-border-radius-top-left:0px;--awb-border-radius-top-right:0px;--awb-border-radius-bottom-right:0px;--awb-border-radius-bottom-left:0px;--awb-flex-wrap:wrap;\" ><div class=\"fusion-builder-row fusion-row fusion-flex-align-items-flex-start fusion-flex-content-wrap\" style=\"max-width:1248px;margin-left: calc(-4% \/ 2 );margin-right: calc(-4% \/ 2 );\"><div class=\"fusion-layout-column fusion_builder_column fusion-builder-column-0 fusion_builder_column_2_3 2_3 fusion-flex-column\" style=\"--awb-bg-size:cover;--awb-width-large:66.666666666667%;--awb-margin-top-large:0px;--awb-spacing-right-large:3.84%;--awb-margin-bottom-large:0px;--awb-spacing-left-large:2.88%;--awb-width-medium:100%;--awb-spacing-right-medium:1.92%;--awb-spacing-left-medium:1.92%;--awb-width-small:100%;--awb-spacing-right-small:1.92%;--awb-spacing-left-small:1.92%;\"><div class=\"fusion-column-wrapper fusion-flex-justify-content-flex-start fusion-content-layout-column\"><div class=\"fusion-text fusion-text-1\"><p>Dofinansowanie przeznaczamy na realizacj\u0119 szkole\u0144 i doradztwa poszkoleniowego w zakresie dost\u0119pno\u015bci, w tym uniwersalnego projektowania us\u0142ug i produkt\u00f3w. W przypadku udzia\u0142u w szkoleniach stacjonarnych, zapewnimy nocleg, wy\u017cywienie oraz zwrot koszt\u00f3w dojazdu. Szkolenia organizujemy na terenie ca\u0142ej Polski.<\/p>\n<p><img decoding=\"async\" class=\"size-medium wp-image-10388 alignleft\" src=\"https:\/\/powiatlwowecki.pl\/wp-content\/uploads\/2025\/07\/Plakat-promocyjny-Instytut-Dostepnosci-300x171.jpg\" alt=\"\" width=\"300\" height=\"171\" srcset=\"https:\/\/powiatlwowecki.pl\/wp-content\/uploads\/2025\/07\/Plakat-promocyjny-Instytut-Dostepnosci-24x14.jpg 24w, https:\/\/powiatlwowecki.pl\/wp-content\/uploads\/2025\/07\/Plakat-promocyjny-Instytut-Dostepnosci-36x21.jpg 36w, https:\/\/powiatlwowecki.pl\/wp-content\/uploads\/2025\/07\/Plakat-promocyjny-Instytut-Dostepnosci-48x27.jpg 48w, https:\/\/powiatlwowecki.pl\/wp-content\/uploads\/2025\/07\/Plakat-promocyjny-Instytut-Dostepnosci-200x114.jpg 200w, https:\/\/powiatlwowecki.pl\/wp-content\/uploads\/2025\/07\/Plakat-promocyjny-Instytut-Dostepnosci-300x171.jpg 300w, https:\/\/powiatlwowecki.pl\/wp-content\/uploads\/2025\/07\/Plakat-promocyjny-Instytut-Dostepnosci-400x228.jpg 400w, https:\/\/powiatlwowecki.pl\/wp-content\/uploads\/2025\/07\/Plakat-promocyjny-Instytut-Dostepnosci-600x342.jpg 600w, https:\/\/powiatlwowecki.pl\/wp-content\/uploads\/2025\/07\/Plakat-promocyjny-Instytut-Dostepnosci.jpg 714w\" sizes=\"(max-width: 300px) 100vw, 300px\" \/>Udzia\u0142 w projekcie jest BEZP\u0141ATNY<br \/>\n100% dofinansowania w ramach pomocy de minimis<br \/>\nW trakcie zaj\u0119\u0107 praktycznych b\u0119dzie mo\u017cliwo\u015b\u0107 wypr\u00f3bowania narz\u0119dzi symulacyjnych, kt\u00f3re pomog\u0105 zrozumie\u0107 r\u00f3\u017cnorodno\u015b\u0107 ogranicze\u0144 funkcjonalnych.<br \/>\nDo projektu zapraszamy w\u0142a\u015bcicielki, w\u0142a\u015bcicieli, pracownice i pracownik\u00f3w z mikro, ma\u0142ych, \u015brednich i du\u017cych przedsi\u0119biorstw z obszaru ca\u0142ej Polski.<\/p>\n<p><a href=\"http:\/\/www.akademiadostepnosci.pl\/\">Zeskanuj kod &#8211; przejd\u017a do strony<\/a><\/p>\n<p><img decoding=\"async\" class=\"alignnone size-full wp-image-10389\" src=\"https:\/\/powiatlwowecki.pl\/wp-content\/uploads\/2025\/07\/Zaproszenie-29-07_2025.jpg\" alt=\"\" width=\"232\" height=\"232\" srcset=\"https:\/\/powiatlwowecki.pl\/wp-content\/uploads\/2025\/07\/Zaproszenie-29-07_2025-24x24.jpg 24w, https:\/\/powiatlwowecki.pl\/wp-content\/uploads\/2025\/07\/Zaproszenie-29-07_2025-36x36.jpg 36w, https:\/\/powiatlwowecki.pl\/wp-content\/uploads\/2025\/07\/Zaproszenie-29-07_2025-48x48.jpg 48w, https:\/\/powiatlwowecki.pl\/wp-content\/uploads\/2025\/07\/Zaproszenie-29-07_2025-66x66.jpg 66w, https:\/\/powiatlwowecki.pl\/wp-content\/uploads\/2025\/07\/Zaproszenie-29-07_2025-150x150.jpg 150w, https:\/\/powiatlwowecki.pl\/wp-content\/uploads\/2025\/07\/Zaproszenie-29-07_2025-200x200.jpg 200w, https:\/\/powiatlwowecki.pl\/wp-content\/uploads\/2025\/07\/Zaproszenie-29-07_2025.jpg 232w\" sizes=\"(max-width: 232px) 100vw, 232px\" \/><\/p>\n<div class=\"video-shortcode\">\n<blockquote class=\"wp-embedded-content\" data-secret=\"JkGosMQYoj\">\n<p><a href=\"https:\/\/akademiadostepnosci.pl\/\">Strona g\u0142\u00f3wna<\/a><\/p>\n<\/blockquote>\n<p><iframe class=\"wp-embedded-content\" sandbox=\"allow-scripts\" security=\"restricted\" style=\"position: absolute; visibility: hidden;\" title=\"&#8222;Strona g\u0142\u00f3wna&#8221; &#8212; Instytut Dost\u0119pno\u015bci\" src=\"https:\/\/akademiadostepnosci.pl\/embed\/#?secret=UORnuHLD8Z#?secret=JkGosMQYoj\" data-secret=\"JkGosMQYoj\" width=\"600\" height=\"338\" frameborder=\"0\" marginwidth=\"0\" marginheight=\"0\" scrolling=\"no\"><\/iframe><\/div>\n<\/div><\/div><\/div><div class=\"fusion-layout-column fusion_builder_column fusion-builder-column-1 fusion_builder_column_1_3 1_3 fusion-flex-column\" style=\"--awb-bg-size:cover;--awb-width-large:33.333333333333%;--awb-margin-top-large:0px;--awb-spacing-right-large:5.76%;--awb-margin-bottom-large:20px;--awb-spacing-left-large:3.84%;--awb-width-medium:100%;--awb-order-medium:0;--awb-spacing-right-medium:1.92%;--awb-spacing-left-medium:1.92%;--awb-width-small:100%;--awb-order-small:0;--awb-spacing-right-small:1.92%;--awb-spacing-left-small:1.92%;\"><div class=\"fusion-column-wrapper fusion-column-has-shadow fusion-flex-justify-content-flex-start fusion-content-layout-column\"><div class=\"fusion-content-boxes content-boxes columns row fusion-columns-1 fusion-columns-total-3 fusion-content-boxes-1 content-boxes-icon-with-title content-left\" style=\"--awb-hover-accent-color:#f44336;--awb-circle-hover-accent-color:#f44336;--awb-item-margin-bottom:40px;\" data-animationOffset=\"top-into-view\"><div style=\"--awb-backgroundcolor:var(--awb-color4);\" class=\"fusion-column content-box-column content-box-column content-box-column-1 col-lg-12 col-md-12 col-sm-12 fusion-content-box-hover content-box-column-last-in-row\"><div class=\"col content-box-wrapper content-wrapper-background link-area-link-icon link-type-text content-icon-wrapper-yes icon-hover-animation-slide\" data-animationOffset=\"top-into-view\"><div class=\"heading icon-left\"><a class=\"heading-link\" style=\"float:left;\" href=\"https:\/\/powiatlwowecki.pl\/wp-content\/uploads\/2025\/09\/Korzysci-Z-Dostepnosci.pdf\" target=\"_self\"><h2 class=\"content-box-heading\" style=\"--h2_typography-font-size:24px;line-height:29px;\">Korzy\u015bci Z Dost\u0119pno\u015bci <\/h2><\/a><\/div><div class=\"fusion-clearfix\"><\/div><a class=\" fusion-read-more\" style=\"float:left;\" href=\"https:\/\/powiatlwowecki.pl\/wp-content\/uploads\/2025\/09\/Korzysci-Z-Dostepnosci.pdf\" target=\"_self\">Pobierz<\/a><div class=\"fusion-clearfix\"><\/div><\/div><\/div><div style=\"--awb-backgroundcolor:var(--awb-color4);\" class=\"fusion-column content-box-column content-box-column content-box-column-2 col-lg-12 col-md-12 col-sm-12 fusion-content-box-hover content-box-column-last-in-row\"><div class=\"col content-box-wrapper content-wrapper-background link-area-link-icon link-type-text content-icon-wrapper-yes icon-hover-animation-slide\" data-animationOffset=\"top-into-view\"><div class=\"heading icon-left\"><a class=\"heading-link\" style=\"float:left;\" href=\"https:\/\/powiatlwowecki.pl\/wp-content\/uploads\/2025\/09\/Zaproszenie-24-09_2025.pdf\" target=\"_self\"><h2 class=\"content-box-heading\" style=\"--h2_typography-font-size:24px;line-height:29px;\">Zaproszenie <\/h2><\/a><\/div><div class=\"fusion-clearfix\"><\/div><a class=\" fusion-read-more\" style=\"float:left;\" href=\"https:\/\/powiatlwowecki.pl\/wp-content\/uploads\/2025\/09\/Zaproszenie-24-09_2025.pdf\" target=\"_self\">PDF<\/a><div class=\"fusion-clearfix\"><\/div><\/div><\/div><div style=\"--awb-backgroundcolor:var(--awb-color4);\" class=\"fusion-column content-box-column content-box-column content-box-column-3 col-lg-12 col-md-12 col-sm-12 fusion-content-box-hover content-box-column-last content-box-column-last-in-row\"><div class=\"col content-box-wrapper content-wrapper-background link-area-link-icon link-type-text content-icon-wrapper-yes icon-hover-animation-slide\" data-animationOffset=\"top-into-view\"><div class=\"heading icon-left\"><a class=\"heading-link\" style=\"float:left;\" href=\"https:\/\/powiatlwowecki.pl\/wp-content\/uploads\/2025\/09\/Plakat-promocyjny-Instytut-Dostepnosci.pdf\" target=\"_self\"><h2 class=\"content-box-heading\" style=\"--h2_typography-font-size:24px;line-height:29px;\">Plakat <\/h2><\/a><\/div><div class=\"fusion-clearfix\"><\/div><a class=\" fusion-read-more\" style=\"float:left;\" href=\"https:\/\/powiatlwowecki.pl\/wp-content\/uploads\/2025\/09\/Plakat-promocyjny-Instytut-Dostepnosci.pdf\" target=\"_self\">PDF<\/a><div class=\"fusion-clearfix\"><\/div><\/div><\/div><div class=\"fusion-clearfix\"><\/div><\/div><\/div><\/div><\/div><\/div><div class=\"fusion-fullwidth fullwidth-box fusion-builder-row-2 fusion-flex-container has-pattern-background has-mask-background nonhundred-percent-fullwidth non-hundred-percent-height-scrolling\" style=\"--awb-border-radius-top-left:0px;--awb-border-radius-top-right:0px;--awb-border-radius-bottom-right:0px;--awb-border-radius-bottom-left:0px;--awb-flex-wrap:wrap;\" ><div class=\"fusion-builder-row fusion-row fusion-flex-align-items-flex-start fusion-flex-content-wrap\" style=\"max-width:1248px;margin-left: calc(-4% \/ 2 );margin-right: calc(-4% \/ 2 );\"><\/div><\/div><div class=\"fusion-fullwidth fullwidth-box fusion-builder-row-3 fusion-flex-container nonhundred-percent-fullwidth non-hundred-percent-height-scrolling\" style=\"--awb-border-radius-top-left:0px;--awb-border-radius-top-right:0px;--awb-border-radius-bottom-right:0px;--awb-border-radius-bottom-left:0px;--awb-flex-wrap:wrap;\" ><div class=\"fusion-builder-row fusion-row fusion-flex-align-items-flex-start fusion-flex-content-wrap\" style=\"max-width:1248px;margin-left: calc(-4% \/ 2 );margin-right: calc(-4% \/ 2 );\"><div class=\"fusion-layout-column fusion_builder_column fusion-builder-column-2 fusion_builder_column_2_3 2_3 fusion-flex-column\" style=\"--awb-bg-size:cover;--awb-width-large:66.666666666667%;--awb-margin-top-large:0px;--awb-spacing-right-large:3.84%;--awb-margin-bottom-large:0px;--awb-spacing-left-large:2.88%;--awb-width-medium:100%;--awb-spacing-right-medium:1.92%;--awb-spacing-left-medium:1.92%;--awb-width-small:100%;--awb-spacing-right-small:1.92%;--awb-spacing-left-small:1.92%;\"><div class=\"fusion-column-wrapper fusion-flex-justify-content-flex-start fusion-content-layout-column\"><\/div><\/div><\/div><\/div><\/p>\n","protected":false},"excerpt":{"rendered":"","protected":false},"author":8,"featured_media":10388,"comment_status":"closed","ping_status":"closed","sticky":false,"template":"","format":"standard","meta":{"_acf_changed":false,"footnotes":""},"categories":[5],"tags":[],"class_list":["post-10816","post","type-post","status-publish","format-standard","has-post-thumbnail","hentry","category-aktualnosci"],"acf":{"kal_data_wydarzenia":"20250924"},"_links":{"self":[{"href":"https:\/\/powiatlwowecki.pl\/plci_json_endpoint\/wp\/v2\/posts\/10816","targetHints":{"allow":["GET"]}}],"collection":[{"href":"https:\/\/powiatlwowecki.pl\/plci_json_endpoint\/wp\/v2\/posts"}],"about":[{"href":"https:\/\/powiatlwowecki.pl\/plci_json_endpoint\/wp\/v2\/types\/post"}],"author":[{"embeddable":true,"href":"https:\/\/powiatlwowecki.pl\/plci_json_endpoint\/wp\/v2\/users\/8"}],"replies":[{"embeddable":true,"href":"https:\/\/powiatlwowecki.pl\/plci_json_endpoint\/wp\/v2\/comments?post=10816"}],"version-history":[{"count":2,"href":"https:\/\/powiatlwowecki.pl\/plci_json_endpoint\/wp\/v2\/posts\/10816\/revisions"}],"predecessor-version":[{"id":10818,"href":"https:\/\/powiatlwowecki.pl\/plci_json_endpoint\/wp\/v2\/posts\/10816\/revisions\/10818"}],"wp:featuredmedia":[{"embeddable":true,"href":"https:\/\/powiatlwowecki.pl\/plci_json_endpoint\/wp\/v2\/media\/10388"}],"wp:attachment":[{"href":"https:\/\/powiatlwowecki.pl\/plci_json_endpoint\/wp\/v2\/media?parent=10816"}],"wp:term":[{"taxonomy":"category","embeddable":true,"href":"https:\/\/powiatlwowecki.pl\/plci_json_endpoint\/wp\/v2\/categories?post=10816"},{"taxonomy":"post_tag","embeddable":true,"href":"https:\/\/powiatlwowecki.pl\/plci_json_endpoint\/wp\/v2\/tags?post=10816"}],"curies":[{"name":"wp","href":"https:\/\/api.w.org\/{rel}","templated":true}]}}