{"id":10790,"date":"2025-09-15T14:48:35","date_gmt":"2025-09-15T12:48:35","guid":{"rendered":"https:\/\/powiatlwowecki.pl\/?p=10790"},"modified":"2025-09-15T15:02:28","modified_gmt":"2025-09-15T13:02:28","slug":"spotkanie-w-placowce-strazy-granicznej-w-zgorzelcu","status":"publish","type":"post","link":"https:\/\/powiatlwowecki.pl\/spotkanie-w-placowce-strazy-granicznej-w-zgorzelcu\/","title":{"rendered":"Spotkanie w Plac\u00f3wce Stra\u017cy Granicznej w Zgorzelcu"},"content":{"rendered":"<div class=\"fusion-fullwidth fullwidth-box fusion-builder-row-1 fusion-flex-container nonhundred-percent-fullwidth non-hundred-percent-height-scrolling\" style=\"--awb-border-radius-top-left:0px;--awb-border-radius-top-right:0px;--awb-border-radius-bottom-right:0px;--awb-border-radius-bottom-left:0px;--awb-flex-wrap:wrap;\" ><div class=\"fusion-builder-row fusion-row fusion-flex-align-items-flex-start fusion-flex-content-wrap\" style=\"max-width:1248px;margin-left: calc(-4% \/ 2 );margin-right: calc(-4% \/ 2 );\"><div class=\"fusion-layout-column fusion_builder_column fusion-builder-column-0 fusion_builder_column_1_1 1_1 fusion-flex-column\" style=\"--awb-bg-size:cover;--awb-width-large:100%;--awb-margin-top-large:0px;--awb-spacing-right-large:1.92%;--awb-margin-bottom-large:0px;--awb-spacing-left-large:1.92%;--awb-width-medium:100%;--awb-spacing-right-medium:1.92%;--awb-spacing-left-medium:1.92%;--awb-width-small:100%;--awb-spacing-right-small:1.92%;--awb-spacing-left-small:1.92%;\"><div class=\"fusion-column-wrapper fusion-flex-justify-content-flex-start fusion-content-layout-column\"><div class=\"fusion-text fusion-text-1\"><p>15 wrze\u015bnia 2025 roku w siedzibie Plac\u00f3wki Stra\u017cy Granicznej w Zgorzelcu odby\u0142o si\u0119 spotkanie Komendant Plac\u00f3wki, pp\u0142k SG Julii Mandeckiej, z przedstawicielami Powiatu Lw\u00f3weckiego oraz Zespo\u0142u Szk\u00f3\u0142 Og\u00f3lnokszta\u0142c\u0105cych i Zawodowych w Gryfowie \u015al\u0105skim.<\/p>\n<p>Podczas rozm\u00f3w om\u00f3wiono dwa g\u0142\u00f3wne zagadnienia. Pierwszym z nich by\u0142o oficjalne zaproszenie pp\u0142k SG Julii Mandeckiej do udzia\u0142u w pracach Powiatowego Zespo\u0142u Zarz\u0105dzania Kryzysowego w Lw\u00f3wku \u015al\u0105skim. Jak podkre\u015blono w tre\u015bci zaproszenia, powierzone obowi\u0105zki Komendanta Plac\u00f3wki Stra\u017cy Granicznej w Zgorzelcu, pe\u0142nione od 4 lutego 2021 roku, a tak\u017ce do\u015bwiadczenie i kompetencje Pani Komendant, stanowi\u0105 cenny wk\u0142ad w skuteczno\u015b\u0107 dzia\u0142a\u0144 podejmowanych przez Zesp\u00f3\u0142. Udzia\u0142 w tym gremium ma s\u0142u\u017cy\u0107 zapewnieniu jeszcze lepszej wsp\u00f3\u0142pracy s\u0142u\u017cb i instytucji odpowiedzialnych za bezpiecze\u0144stwo mieszka\u0144c\u00f3w powiatu lw\u00f3weckiego.<\/p>\n<p>Drugim tematem spotkania by\u0142a wsp\u00f3\u0142praca pomi\u0119dzy Plac\u00f3wk\u0105 Stra\u017cy Granicznej a ZSOiZ w Gryfowie \u015al\u0105skim w zwi\u0105zku z planowanym uruchomieniem klasy mundurowej o profilu stra\u017cy granicznej. Nowy kierunek kszta\u0142cenia ma na celu nie tylko przygotowanie m\u0142odzie\u017cy do przysz\u0142ej s\u0142u\u017cby w formacjach mundurowych, lecz tak\u017ce rozw\u00f3j lokalnych inicjatyw edukacyjnych i wychowawczych. W ramach wsp\u00f3\u0142pracy przewidziano m.in.:<\/p>\n<ul>\n<li>organizacja zaj\u0119\u0107 dydaktycznych i warsztat\u00f3w prowadzonych przez funkcjonariuszy Stra\u017cy Granicznej,<\/li>\n<li>udzia\u0142 uczni\u00f3w w prelekcjach i spotkaniach po\u015bwi\u0119conych bezpiecze\u0144stwu granic, migracjom oraz profilaktyce zagro\u017ce\u0144,<\/li>\n<li>mo\u017cliwo\u015b\u0107 uczestnictwa m\u0142odzie\u017cy w wizytach studyjnych i zaj\u0119ciach praktycznych w Plac\u00f3wce SG,<\/li>\n<li>prezentacja sprz\u0119tu i \u015brodk\u00f3w technicznych wykorzystywanych w codziennej s\u0142u\u017cbie,<\/li>\n<li>udzia\u0142 klas mundurowych w uroczysto\u015bciach pa\u0144stwowych i \u015brodowiskowych organizowanych wsp\u00f3lnie przez szko\u0142\u0119 i SG,<\/li>\n<li>kszta\u0142towanie w\u015br\u00f3d uczni\u00f3w postaw patriotycznych, obywatelskich i proobronnych.<\/li>\n<\/ul>\n<p>Podj\u0119te ustalenia stanowi\u0105 wa\u017cny krok w kierunku zacie\u015bnienia relacji mi\u0119dzy \u015brodowiskiem lokalnym, szko\u0142\u0105 i formacjami mundurowymi, a tak\u017ce wpisuj\u0105 si\u0119 w dzia\u0142ania na rzecz bezpiecze\u0144stwa oraz wychowania m\u0142odego pokolenia w duchu odpowiedzialno\u015bci i s\u0142u\u017cby dla Ojczyzny<\/p>\n<p>W spotkaniu udzia\u0142 wzi\u0119li:<\/p>\n<p>pp\u0142k SG Julia Mandecka \u2013 Komendant Plac\u00f3wki Stra\u017cy Granicznej w Zgorzelcu,<\/p>\n<p>Piotr Konsur \u2013 Wiceprzewodnicz\u0105cy Rady Powiatu Lw\u00f3weckiego,<\/p>\n<p>\u0141ukasz Strzelecki \u2013 Kierownik Powiatowego Centrum Zarz\u0105dzania Kryzysowego,<\/p>\n<p>Dariusz Majchrowski \u2013 przedstawiciel ZSOiZ Gryf\u00f3w \u015al\u0105ski,<\/p>\n<p>Justyna Zatchiej-Dam \u2013 przedstawicielka ZSOiZ Gryf\u00f3w \u015al\u0105ski.<\/p>\n<p>Rozmowy przebieg\u0142y w bardzo dobrej atmosferze. Pani Komendant potwierdzi\u0142a gotowo\u015b\u0107 do wsp\u00f3\u0142pracy zar\u00f3wno w ramach Powiatowego Zespo\u0142u Zarz\u0105dzania Kryzysowego, jak i przy wsp\u00f3lnych przedsi\u0119wzi\u0119ciach edukacyjnych.<\/p>\n<\/div><div class=\"awb-gallery-wrapper awb-gallery-wrapper-1 button-span-no\" style=\"--more-btn-alignment:center;\"><div style=\"margin:-5px;--awb-bordersize:0px;\" class=\"fusion-gallery fusion-gallery-container fusion-grid-3 fusion-columns-total-1 fusion-gallery-layout-grid fusion-gallery-1\"><div style=\"padding:5px;\" class=\"fusion-grid-column fusion-gallery-column fusion-gallery-column-3 hover-type-none\"><div class=\"fusion-gallery-image\"><a href=\"https:\/\/powiatlwowecki.pl\/wp-content\/uploads\/2025\/09\/Zdjecie-WhatsApp-2025-09-15-o-12.42.38_c7b8559a.jpg\" rel=\"noreferrer\" data-rel=\"iLightbox[gallery_image_1]\" class=\"fusion-lightbox\" target=\"_self\"><img decoding=\"async\" src=\"https:\/\/powiatlwowecki.pl\/wp-content\/uploads\/2025\/09\/Zdjecie-WhatsApp-2025-09-15-o-12.42.38_c7b8559a.jpg\" width=\"1200\" height=\"1600\" alt=\"\" title=\"Zdj\u0119cie WhatsApp 2025-09-15 o 12.42.38_c7b8559a\" aria-label=\"Zdj\u0119cie WhatsApp 2025-09-15 o 12.42.38_c7b8559a\" class=\"img-responsive wp-image-10789\" srcset=\"https:\/\/powiatlwowecki.pl\/wp-content\/uploads\/2025\/09\/Zdjecie-WhatsApp-2025-09-15-o-12.42.38_c7b8559a-200x267.jpg 200w, https:\/\/powiatlwowecki.pl\/wp-content\/uploads\/2025\/09\/Zdjecie-WhatsApp-2025-09-15-o-12.42.38_c7b8559a-400x533.jpg 400w, https:\/\/powiatlwowecki.pl\/wp-content\/uploads\/2025\/09\/Zdjecie-WhatsApp-2025-09-15-o-12.42.38_c7b8559a-600x800.jpg 600w, https:\/\/powiatlwowecki.pl\/wp-content\/uploads\/2025\/09\/Zdjecie-WhatsApp-2025-09-15-o-12.42.38_c7b8559a-800x1067.jpg 800w, https:\/\/powiatlwowecki.pl\/wp-content\/uploads\/2025\/09\/Zdjecie-WhatsApp-2025-09-15-o-12.42.38_c7b8559a.jpg 1200w\" sizes=\"(min-width: 2200px) 100vw, (min-width: 784px) 397px, (min-width: 712px) 595px, (min-width: 640px) 712px, \" \/><\/a><\/div><\/div><\/div><\/div><\/div><\/div><\/div><\/div>\n","protected":false},"excerpt":{"rendered":"","protected":false},"author":8,"featured_media":10788,"comment_status":"closed","ping_status":"closed","sticky":false,"template":"","format":"standard","meta":{"_acf_changed":false,"footnotes":""},"categories":[5,95],"tags":[],"class_list":["post-10790","post","type-post","status-publish","format-standard","has-post-thumbnail","hentry","category-aktualnosci","category-pczk"],"acf":{"kal_data_wydarzenia":""},"_links":{"self":[{"href":"https:\/\/powiatlwowecki.pl\/plci_json_endpoint\/wp\/v2\/posts\/10790","targetHints":{"allow":["GET"]}}],"collection":[{"href":"https:\/\/powiatlwowecki.pl\/plci_json_endpoint\/wp\/v2\/posts"}],"about":[{"href":"https:\/\/powiatlwowecki.pl\/plci_json_endpoint\/wp\/v2\/types\/post"}],"author":[{"embeddable":true,"href":"https:\/\/powiatlwowecki.pl\/plci_json_endpoint\/wp\/v2\/users\/8"}],"replies":[{"embeddable":true,"href":"https:\/\/powiatlwowecki.pl\/plci_json_endpoint\/wp\/v2\/comments?post=10790"}],"version-history":[{"count":1,"href":"https:\/\/powiatlwowecki.pl\/plci_json_endpoint\/wp\/v2\/posts\/10790\/revisions"}],"predecessor-version":[{"id":10791,"href":"https:\/\/powiatlwowecki.pl\/plci_json_endpoint\/wp\/v2\/posts\/10790\/revisions\/10791"}],"wp:featuredmedia":[{"embeddable":true,"href":"https:\/\/powiatlwowecki.pl\/plci_json_endpoint\/wp\/v2\/media\/10788"}],"wp:attachment":[{"href":"https:\/\/powiatlwowecki.pl\/plci_json_endpoint\/wp\/v2\/media?parent=10790"}],"wp:term":[{"taxonomy":"category","embeddable":true,"href":"https:\/\/powiatlwowecki.pl\/plci_json_endpoint\/wp\/v2\/categories?post=10790"},{"taxonomy":"post_tag","embeddable":true,"href":"https:\/\/powiatlwowecki.pl\/plci_json_endpoint\/wp\/v2\/tags?post=10790"}],"curies":[{"name":"wp","href":"https:\/\/api.w.org\/{rel}","templated":true}]}}