{"id":10714,"date":"2025-09-03T14:32:40","date_gmt":"2025-09-03T12:32:40","guid":{"rendered":"https:\/\/powiatlwowecki.pl\/?p=10714"},"modified":"2025-09-03T14:34:01","modified_gmt":"2025-09-03T12:34:01","slug":"ruszyl-remont-drogi-powiatowej-wlen-pilchowice-utrudnienia-potrwaja-do-konca-listopada","status":"publish","type":"post","link":"https:\/\/powiatlwowecki.pl\/ruszyl-remont-drogi-powiatowej-wlen-pilchowice-utrudnienia-potrwaja-do-konca-listopada\/","title":{"rendered":"Ruszy\u0142 remont drogi powiatowej Wle\u0144\u2013Pilchowice. Utrudnienia potrwaj\u0105 do ko\u0144ca listopada"},"content":{"rendered":"<div class=\"fusion-fullwidth fullwidth-box fusion-builder-row-1 fusion-flex-container nonhundred-percent-fullwidth non-hundred-percent-height-scrolling\" style=\"--awb-border-radius-top-left:0px;--awb-border-radius-top-right:0px;--awb-border-radius-bottom-right:0px;--awb-border-radius-bottom-left:0px;--awb-flex-wrap:wrap;\" ><div class=\"fusion-builder-row fusion-row fusion-flex-align-items-flex-start fusion-flex-content-wrap\" style=\"max-width:1248px;margin-left: calc(-4% \/ 2 );margin-right: calc(-4% \/ 2 );\"><div class=\"fusion-layout-column fusion_builder_column fusion-builder-column-0 fusion_builder_column_1_1 1_1 fusion-flex-column\" style=\"--awb-bg-size:cover;--awb-width-large:100%;--awb-margin-top-large:0px;--awb-spacing-right-large:1.92%;--awb-margin-bottom-large:0px;--awb-spacing-left-large:1.92%;--awb-width-medium:100%;--awb-spacing-right-medium:1.92%;--awb-spacing-left-medium:1.92%;--awb-width-small:100%;--awb-spacing-right-small:1.92%;--awb-spacing-left-small:1.92%;\"><div class=\"fusion-column-wrapper fusion-flex-justify-content-flex-start fusion-content-layout-column\"><div class=\"fusion-text fusion-text-1\"><p>Mieszka\u0144cy i kierowcy poruszaj\u0105cy si\u0119 drog\u0105 powiatow\u0105 Wle\u0144\u2013Pilchowice mog\u0105 ju\u017c zauwa\u017cy\u0107 pierwsze maszyny i ekipy budowlane \u2013 oficjalnie ruszy\u0142y prace remontowe na tej trasie. Inwestycja obejmuje trzy odcinki o \u0142\u0105cznej d\u0142ugo\u015bci ponad 4,5 km:<\/p>\n<p>km 6+400 \u2013 6+990<\/p>\n<p>km 8+030 \u2013 9+890<\/p>\n<p>km 10+690 \u2013 12+920<\/p>\n<p>W pierwszej kolejno\u015bci prace prowadzone s\u0105 na odcinku od skrzy\u017cowania w stron\u0119 Kleczy do przejazdu kolejowego we Wleniu.<\/p>\n<p>Na miejscu pracuj\u0105 ci\u0119\u017ckie maszyny \u2013 trwa m.in. wycinanie poboczy, oczyszczanie row\u00f3w, frezowanie nawierzchni oraz przygotowania do budowy nowych zjazd\u00f3w. Droga pozostaje przejezdna, ale kierowcy musz\u0105 liczy\u0107 si\u0119 z utrudnieniami \u2013 na niekt\u00f3rych odcinkach wprowadzono ruch wahad\u0142owy.<\/p>\n<p>Zako\u0144czenie wszystkich prac planowane jest na koniec listopada 2025 roku. Do tego czasu nale\u017cy spodziewa\u0107 si\u0119 stopniowego przemieszczania frontu rob\u00f3t na kolejne odcinki drogi.<\/p>\n<p>Dzi\u0119kujemy mieszka\u0144com i u\u017cytkownikom drogi za wyrozumia\u0142o\u015b\u0107 i cierpliwo\u015b\u0107. Remont ten znacz\u0105co poprawi bezpiecze\u0144stwo oraz komfort jazdy \u2013 zar\u00f3wno dla mieszka\u0144c\u00f3w, jak i turyst\u00f3w odwiedzaj\u0105cych malownicze okolice Wlenia i Pilchowic.<\/p>\n<\/div><div class=\"awb-gallery-wrapper awb-gallery-wrapper-1 button-span-no\" style=\"--more-btn-alignment:center;\"><div style=\"margin:-5px;--awb-bordersize:0px;\" class=\"fusion-gallery fusion-gallery-container fusion-grid-3 fusion-columns-total-6 fusion-gallery-layout-grid fusion-gallery-1\"><div style=\"padding:5px;\" class=\"fusion-grid-column fusion-gallery-column fusion-gallery-column-3 hover-type-none\"><div class=\"fusion-gallery-image\"><a href=\"https:\/\/powiatlwowecki.pl\/wp-content\/uploads\/2025\/09\/Zdjecie-WhatsApp-2025-09-03-o-11.15.27_6cbdff6b.jpg\" rel=\"noreferrer\" data-rel=\"iLightbox[gallery_image_1]\" class=\"fusion-lightbox\" target=\"_self\"><img decoding=\"async\" src=\"https:\/\/powiatlwowecki.pl\/wp-content\/uploads\/2025\/09\/Zdjecie-WhatsApp-2025-09-03-o-11.15.27_6cbdff6b.jpg\" width=\"1200\" height=\"1600\" alt=\"\" title=\"Zdj\u0119cie WhatsApp 2025-09-03 o 11.15.27_6cbdff6b\" aria-label=\"Zdj\u0119cie WhatsApp 2025-09-03 o 11.15.27_6cbdff6b\" class=\"img-responsive wp-image-10708\" srcset=\"https:\/\/powiatlwowecki.pl\/wp-content\/uploads\/2025\/09\/Zdjecie-WhatsApp-2025-09-03-o-11.15.27_6cbdff6b-200x267.jpg 200w, https:\/\/powiatlwowecki.pl\/wp-content\/uploads\/2025\/09\/Zdjecie-WhatsApp-2025-09-03-o-11.15.27_6cbdff6b-400x533.jpg 400w, https:\/\/powiatlwowecki.pl\/wp-content\/uploads\/2025\/09\/Zdjecie-WhatsApp-2025-09-03-o-11.15.27_6cbdff6b-600x800.jpg 600w, https:\/\/powiatlwowecki.pl\/wp-content\/uploads\/2025\/09\/Zdjecie-WhatsApp-2025-09-03-o-11.15.27_6cbdff6b-800x1067.jpg 800w, https:\/\/powiatlwowecki.pl\/wp-content\/uploads\/2025\/09\/Zdjecie-WhatsApp-2025-09-03-o-11.15.27_6cbdff6b.jpg 1200w\" sizes=\"(min-width: 2200px) 100vw, (min-width: 784px) 397px, (min-width: 712px) 595px, (min-width: 640px) 712px, \" \/><\/a><\/div><\/div><div style=\"padding:5px;\" class=\"fusion-grid-column fusion-gallery-column fusion-gallery-column-3 hover-type-none\"><div class=\"fusion-gallery-image\"><a href=\"https:\/\/powiatlwowecki.pl\/wp-content\/uploads\/2025\/09\/Zdjecie-WhatsApp-2025-09-03-o-11.15.27_4491d747.jpg\" rel=\"noreferrer\" data-rel=\"iLightbox[gallery_image_1]\" class=\"fusion-lightbox\" target=\"_self\"><img decoding=\"async\" src=\"https:\/\/powiatlwowecki.pl\/wp-content\/uploads\/2025\/09\/Zdjecie-WhatsApp-2025-09-03-o-11.15.27_4491d747.jpg\" width=\"1200\" height=\"1600\" alt=\"\" title=\"Zdj\u0119cie WhatsApp 2025-09-03 o 11.15.27_4491d747\" aria-label=\"Zdj\u0119cie WhatsApp 2025-09-03 o 11.15.27_4491d747\" class=\"img-responsive wp-image-10709\" srcset=\"https:\/\/powiatlwowecki.pl\/wp-content\/uploads\/2025\/09\/Zdjecie-WhatsApp-2025-09-03-o-11.15.27_4491d747-200x267.jpg 200w, https:\/\/powiatlwowecki.pl\/wp-content\/uploads\/2025\/09\/Zdjecie-WhatsApp-2025-09-03-o-11.15.27_4491d747-400x533.jpg 400w, https:\/\/powiatlwowecki.pl\/wp-content\/uploads\/2025\/09\/Zdjecie-WhatsApp-2025-09-03-o-11.15.27_4491d747-600x800.jpg 600w, https:\/\/powiatlwowecki.pl\/wp-content\/uploads\/2025\/09\/Zdjecie-WhatsApp-2025-09-03-o-11.15.27_4491d747-800x1067.jpg 800w, https:\/\/powiatlwowecki.pl\/wp-content\/uploads\/2025\/09\/Zdjecie-WhatsApp-2025-09-03-o-11.15.27_4491d747.jpg 1200w\" sizes=\"(min-width: 2200px) 100vw, (min-width: 784px) 397px, (min-width: 712px) 595px, (min-width: 640px) 712px, \" \/><\/a><\/div><\/div><div style=\"padding:5px;\" class=\"fusion-grid-column fusion-gallery-column fusion-gallery-column-3 hover-type-none\"><div class=\"fusion-gallery-image\"><a href=\"https:\/\/powiatlwowecki.pl\/wp-content\/uploads\/2025\/09\/Zdjecie-WhatsApp-2025-09-03-o-11.15.27_63327d8d.jpg\" rel=\"noreferrer\" data-rel=\"iLightbox[gallery_image_1]\" class=\"fusion-lightbox\" target=\"_self\"><img decoding=\"async\" src=\"https:\/\/powiatlwowecki.pl\/wp-content\/uploads\/2025\/09\/Zdjecie-WhatsApp-2025-09-03-o-11.15.27_63327d8d.jpg\" width=\"1200\" height=\"1600\" alt=\"\" title=\"Zdj\u0119cie WhatsApp 2025-09-03 o 11.15.27_63327d8d\" aria-label=\"Zdj\u0119cie WhatsApp 2025-09-03 o 11.15.27_63327d8d\" class=\"img-responsive wp-image-10710\" srcset=\"https:\/\/powiatlwowecki.pl\/wp-content\/uploads\/2025\/09\/Zdjecie-WhatsApp-2025-09-03-o-11.15.27_63327d8d-200x267.jpg 200w, https:\/\/powiatlwowecki.pl\/wp-content\/uploads\/2025\/09\/Zdjecie-WhatsApp-2025-09-03-o-11.15.27_63327d8d-400x533.jpg 400w, https:\/\/powiatlwowecki.pl\/wp-content\/uploads\/2025\/09\/Zdjecie-WhatsApp-2025-09-03-o-11.15.27_63327d8d-600x800.jpg 600w, https:\/\/powiatlwowecki.pl\/wp-content\/uploads\/2025\/09\/Zdjecie-WhatsApp-2025-09-03-o-11.15.27_63327d8d-800x1067.jpg 800w, https:\/\/powiatlwowecki.pl\/wp-content\/uploads\/2025\/09\/Zdjecie-WhatsApp-2025-09-03-o-11.15.27_63327d8d.jpg 1200w\" sizes=\"(min-width: 2200px) 100vw, (min-width: 784px) 397px, (min-width: 712px) 595px, (min-width: 640px) 712px, \" \/><\/a><\/div><\/div><div class=\"clearfix\"><\/div><div style=\"padding:5px;\" class=\"fusion-grid-column fusion-gallery-column fusion-gallery-column-3 hover-type-none\"><div class=\"fusion-gallery-image\"><a href=\"https:\/\/powiatlwowecki.pl\/wp-content\/uploads\/2025\/09\/Zdjecie-WhatsApp-2025-09-03-o-11.15.27_fb016ac5.jpg\" rel=\"noreferrer\" data-rel=\"iLightbox[gallery_image_1]\" class=\"fusion-lightbox\" target=\"_self\"><img decoding=\"async\" src=\"https:\/\/powiatlwowecki.pl\/wp-content\/uploads\/2025\/09\/Zdjecie-WhatsApp-2025-09-03-o-11.15.27_fb016ac5.jpg\" width=\"1200\" height=\"1600\" alt=\"\" title=\"Zdj\u0119cie WhatsApp 2025-09-03 o 11.15.27_fb016ac5\" aria-label=\"Zdj\u0119cie WhatsApp 2025-09-03 o 11.15.27_fb016ac5\" class=\"img-responsive wp-image-10711\" srcset=\"https:\/\/powiatlwowecki.pl\/wp-content\/uploads\/2025\/09\/Zdjecie-WhatsApp-2025-09-03-o-11.15.27_fb016ac5-200x267.jpg 200w, https:\/\/powiatlwowecki.pl\/wp-content\/uploads\/2025\/09\/Zdjecie-WhatsApp-2025-09-03-o-11.15.27_fb016ac5-400x533.jpg 400w, https:\/\/powiatlwowecki.pl\/wp-content\/uploads\/2025\/09\/Zdjecie-WhatsApp-2025-09-03-o-11.15.27_fb016ac5-600x800.jpg 600w, https:\/\/powiatlwowecki.pl\/wp-content\/uploads\/2025\/09\/Zdjecie-WhatsApp-2025-09-03-o-11.15.27_fb016ac5-800x1067.jpg 800w, https:\/\/powiatlwowecki.pl\/wp-content\/uploads\/2025\/09\/Zdjecie-WhatsApp-2025-09-03-o-11.15.27_fb016ac5.jpg 1200w\" sizes=\"(min-width: 2200px) 100vw, (min-width: 784px) 397px, (min-width: 712px) 595px, (min-width: 640px) 712px, \" \/><\/a><\/div><\/div><div style=\"padding:5px;\" class=\"fusion-grid-column fusion-gallery-column fusion-gallery-column-3 hover-type-none\"><div class=\"fusion-gallery-image\"><a href=\"https:\/\/powiatlwowecki.pl\/wp-content\/uploads\/2025\/09\/Zdjecie-WhatsApp-2025-09-03-o-11.15.28_f45edb78-e1756902832606.jpg\" rel=\"noreferrer\" data-rel=\"iLightbox[gallery_image_1]\" class=\"fusion-lightbox\" target=\"_self\"><img decoding=\"async\" src=\"https:\/\/powiatlwowecki.pl\/wp-content\/uploads\/2025\/09\/Zdjecie-WhatsApp-2025-09-03-o-11.15.28_f45edb78-e1756902832606.jpg\" width=\"1200\" height=\"747\" alt=\"\" title=\"Zdj\u0119cie WhatsApp 2025-09-03 o 11.15.28_f45edb78\" aria-label=\"Zdj\u0119cie WhatsApp 2025-09-03 o 11.15.28_f45edb78\" class=\"img-responsive wp-image-10712\" srcset=\"https:\/\/powiatlwowecki.pl\/wp-content\/uploads\/2025\/09\/Zdjecie-WhatsApp-2025-09-03-o-11.15.28_f45edb78-e1756902832606-200x125.jpg 200w, https:\/\/powiatlwowecki.pl\/wp-content\/uploads\/2025\/09\/Zdjecie-WhatsApp-2025-09-03-o-11.15.28_f45edb78-e1756902832606-400x249.jpg 400w, https:\/\/powiatlwowecki.pl\/wp-content\/uploads\/2025\/09\/Zdjecie-WhatsApp-2025-09-03-o-11.15.28_f45edb78-e1756902832606-600x374.jpg 600w, https:\/\/powiatlwowecki.pl\/wp-content\/uploads\/2025\/09\/Zdjecie-WhatsApp-2025-09-03-o-11.15.28_f45edb78-e1756902832606-800x498.jpg 800w, https:\/\/powiatlwowecki.pl\/wp-content\/uploads\/2025\/09\/Zdjecie-WhatsApp-2025-09-03-o-11.15.28_f45edb78-e1756902832606.jpg 1200w\" sizes=\"(min-width: 2200px) 100vw, (min-width: 784px) 397px, (min-width: 712px) 595px, (min-width: 640px) 712px, \" \/><\/a><\/div><\/div><div style=\"padding:5px;\" class=\"fusion-grid-column fusion-gallery-column fusion-gallery-column-3 hover-type-none\"><div class=\"fusion-gallery-image\"><a href=\"https:\/\/powiatlwowecki.pl\/wp-content\/uploads\/2025\/09\/Zdjecie-WhatsApp-2025-09-03-o-11.15.28_fabaebcb.jpg\" rel=\"noreferrer\" data-rel=\"iLightbox[gallery_image_1]\" class=\"fusion-lightbox\" target=\"_self\"><img decoding=\"async\" src=\"https:\/\/powiatlwowecki.pl\/wp-content\/uploads\/2025\/09\/Zdjecie-WhatsApp-2025-09-03-o-11.15.28_fabaebcb.jpg\" width=\"1204\" height=\"1600\" alt=\"\" title=\"Zdj\u0119cie WhatsApp 2025-09-03 o 11.15.28_fabaebcb\" aria-label=\"Zdj\u0119cie WhatsApp 2025-09-03 o 11.15.28_fabaebcb\" class=\"img-responsive wp-image-10713\" srcset=\"https:\/\/powiatlwowecki.pl\/wp-content\/uploads\/2025\/09\/Zdjecie-WhatsApp-2025-09-03-o-11.15.28_fabaebcb-200x266.jpg 200w, https:\/\/powiatlwowecki.pl\/wp-content\/uploads\/2025\/09\/Zdjecie-WhatsApp-2025-09-03-o-11.15.28_fabaebcb-400x532.jpg 400w, https:\/\/powiatlwowecki.pl\/wp-content\/uploads\/2025\/09\/Zdjecie-WhatsApp-2025-09-03-o-11.15.28_fabaebcb-600x797.jpg 600w, https:\/\/powiatlwowecki.pl\/wp-content\/uploads\/2025\/09\/Zdjecie-WhatsApp-2025-09-03-o-11.15.28_fabaebcb-800x1063.jpg 800w, https:\/\/powiatlwowecki.pl\/wp-content\/uploads\/2025\/09\/Zdjecie-WhatsApp-2025-09-03-o-11.15.28_fabaebcb-1200x1595.jpg 1200w, https:\/\/powiatlwowecki.pl\/wp-content\/uploads\/2025\/09\/Zdjecie-WhatsApp-2025-09-03-o-11.15.28_fabaebcb.jpg 1204w\" sizes=\"(min-width: 2200px) 100vw, (min-width: 784px) 397px, (min-width: 712px) 595px, (min-width: 640px) 712px, \" \/><\/a><\/div><\/div><div class=\"clearfix\"><\/div><\/div><\/div><\/div><\/div><\/div><\/div>\n","protected":false},"excerpt":{"rendered":"","protected":false},"author":8,"featured_media":10712,"comment_status":"closed","ping_status":"closed","sticky":false,"template":"","format":"standard","meta":{"_acf_changed":false,"footnotes":""},"categories":[5],"tags":[],"class_list":["post-10714","post","type-post","status-publish","format-standard","has-post-thumbnail","hentry","category-aktualnosci"],"acf":{"kal_data_wydarzenia":""},"_links":{"self":[{"href":"https:\/\/powiatlwowecki.pl\/plci_json_endpoint\/wp\/v2\/posts\/10714","targetHints":{"allow":["GET"]}}],"collection":[{"href":"https:\/\/powiatlwowecki.pl\/plci_json_endpoint\/wp\/v2\/posts"}],"about":[{"href":"https:\/\/powiatlwowecki.pl\/plci_json_endpoint\/wp\/v2\/types\/post"}],"author":[{"embeddable":true,"href":"https:\/\/powiatlwowecki.pl\/plci_json_endpoint\/wp\/v2\/users\/8"}],"replies":[{"embeddable":true,"href":"https:\/\/powiatlwowecki.pl\/plci_json_endpoint\/wp\/v2\/comments?post=10714"}],"version-history":[{"count":1,"href":"https:\/\/powiatlwowecki.pl\/plci_json_endpoint\/wp\/v2\/posts\/10714\/revisions"}],"predecessor-version":[{"id":10715,"href":"https:\/\/powiatlwowecki.pl\/plci_json_endpoint\/wp\/v2\/posts\/10714\/revisions\/10715"}],"wp:featuredmedia":[{"embeddable":true,"href":"https:\/\/powiatlwowecki.pl\/plci_json_endpoint\/wp\/v2\/media\/10712"}],"wp:attachment":[{"href":"https:\/\/powiatlwowecki.pl\/plci_json_endpoint\/wp\/v2\/media?parent=10714"}],"wp:term":[{"taxonomy":"category","embeddable":true,"href":"https:\/\/powiatlwowecki.pl\/plci_json_endpoint\/wp\/v2\/categories?post=10714"},{"taxonomy":"post_tag","embeddable":true,"href":"https:\/\/powiatlwowecki.pl\/plci_json_endpoint\/wp\/v2\/tags?post=10714"}],"curies":[{"name":"wp","href":"https:\/\/api.w.org\/{rel}","templated":true}]}}