{"id":10430,"date":"2025-07-25T13:30:43","date_gmt":"2025-07-25T11:30:43","guid":{"rendered":"https:\/\/powiatlwowecki.pl\/?p=10430"},"modified":"2025-07-25T13:31:26","modified_gmt":"2025-07-25T11:31:26","slug":"remont-mostu-w-ciagu-ulica-fryderyka-chopina-w-mirsku","status":"publish","type":"post","link":"https:\/\/powiatlwowecki.pl\/remont-mostu-w-ciagu-ulica-fryderyka-chopina-w-mirsku\/","title":{"rendered":"\u201eRemont mostu w ci\u0105gu ulica Fryderyka Chopina w Mirsku\u201d"},"content":{"rendered":"<div class=\"fusion-fullwidth fullwidth-box fusion-builder-row-1 fusion-flex-container nonhundred-percent-fullwidth non-hundred-percent-height-scrolling\" style=\"--awb-border-radius-top-left:0px;--awb-border-radius-top-right:0px;--awb-border-radius-bottom-right:0px;--awb-border-radius-bottom-left:0px;--awb-flex-wrap:wrap;\" ><div class=\"fusion-builder-row fusion-row fusion-flex-align-items-flex-start fusion-flex-content-wrap\" style=\"max-width:1248px;margin-left: calc(-4% \/ 2 );margin-right: calc(-4% \/ 2 );\"><div class=\"fusion-layout-column fusion_builder_column fusion-builder-column-0 fusion_builder_column_1_1 1_1 fusion-flex-column\" style=\"--awb-bg-size:cover;--awb-width-large:100%;--awb-margin-top-large:0px;--awb-spacing-right-large:1.92%;--awb-margin-bottom-large:0px;--awb-spacing-left-large:1.92%;--awb-width-medium:100%;--awb-spacing-right-medium:1.92%;--awb-spacing-left-medium:1.92%;--awb-width-small:100%;--awb-spacing-right-small:1.92%;--awb-spacing-left-small:1.92%;\"><div class=\"fusion-column-wrapper fusion-flex-justify-content-flex-start fusion-content-layout-column\"><div class=\"fusion-text fusion-text-1\"><p>W dniu 25.07.2025r. Powiat Lw\u00f3wecki przekaza\u0142 Wykonawcy Himmel i Papesch Opole sp. z o.o. plac budowy dla zadania \u201eRemont mostu w ci\u0105gu ulica Fryderyka Chopina w Mirsku\u201d<\/p>\n<p>Warto\u015b\u0107 zadania\u00a0 wynosi 2 373 151,34 r. i jest w ca\u0142o\u015bci finansowany ze \u015brodk\u00f3w przeznaczonych dla powiatu lw\u00f3weckiego dotkni\u0119tego powodzi\u0105 we wrze\u015bniu 2024r. W chwili obecnej trwaj\u0105 prace nad projektem organizacji ruchy na czas rob\u00f3t. Sugerowanym przez zdp objazdem ma by\u0107 droga powiatowa przez Giebu\u0142t\u00f3w. Kolejne informacje w sprawie zamkni\u0119cia drogi do mostu, b\u0119dziemy przekazywa\u0107 na bie\u017c\u0105co.<\/p>\n<\/div><div class=\"awb-gallery-wrapper awb-gallery-wrapper-1 button-span-no\" style=\"--more-btn-alignment:center;\"><div style=\"margin:-5px;--awb-bordersize:0px;\" class=\"fusion-gallery fusion-gallery-container fusion-grid-3 fusion-columns-total-4 fusion-gallery-layout-grid fusion-gallery-1\"><div style=\"padding:5px;\" class=\"fusion-grid-column fusion-gallery-column fusion-gallery-column-3 hover-type-none\"><div class=\"fusion-gallery-image\"><a href=\"https:\/\/powiatlwowecki.pl\/wp-content\/uploads\/2025\/07\/Zdjecie-WhatsApp-2025-07-25-o-13.17.18_794d272f.jpg\" rel=\"noreferrer\" data-rel=\"iLightbox[gallery_image_1]\" class=\"fusion-lightbox\" target=\"_self\"><img decoding=\"async\" src=\"https:\/\/powiatlwowecki.pl\/wp-content\/uploads\/2025\/07\/Zdjecie-WhatsApp-2025-07-25-o-13.17.18_794d272f.jpg\" width=\"1200\" height=\"1599\" alt=\"\" title=\"Zdj\u0119cie WhatsApp 2025-07-25 o 13.17.18_794d272f\" aria-label=\"Zdj\u0119cie WhatsApp 2025-07-25 o 13.17.18_794d272f\" class=\"img-responsive wp-image-10425\" srcset=\"https:\/\/powiatlwowecki.pl\/wp-content\/uploads\/2025\/07\/Zdjecie-WhatsApp-2025-07-25-o-13.17.18_794d272f-200x267.jpg 200w, https:\/\/powiatlwowecki.pl\/wp-content\/uploads\/2025\/07\/Zdjecie-WhatsApp-2025-07-25-o-13.17.18_794d272f-400x533.jpg 400w, https:\/\/powiatlwowecki.pl\/wp-content\/uploads\/2025\/07\/Zdjecie-WhatsApp-2025-07-25-o-13.17.18_794d272f-600x800.jpg 600w, https:\/\/powiatlwowecki.pl\/wp-content\/uploads\/2025\/07\/Zdjecie-WhatsApp-2025-07-25-o-13.17.18_794d272f-800x1066.jpg 800w, https:\/\/powiatlwowecki.pl\/wp-content\/uploads\/2025\/07\/Zdjecie-WhatsApp-2025-07-25-o-13.17.18_794d272f.jpg 1200w\" sizes=\"(min-width: 2200px) 100vw, (min-width: 784px) 397px, (min-width: 712px) 595px, (min-width: 640px) 712px, \" \/><\/a><\/div><\/div><div style=\"padding:5px;\" class=\"fusion-grid-column fusion-gallery-column fusion-gallery-column-3 hover-type-none\"><div class=\"fusion-gallery-image\"><a href=\"https:\/\/powiatlwowecki.pl\/wp-content\/uploads\/2025\/07\/Zdjecie-WhatsApp-2025-07-25-o-13.17.18_5240c082.jpg\" rel=\"noreferrer\" data-rel=\"iLightbox[gallery_image_1]\" class=\"fusion-lightbox\" target=\"_self\"><img decoding=\"async\" src=\"https:\/\/powiatlwowecki.pl\/wp-content\/uploads\/2025\/07\/Zdjecie-WhatsApp-2025-07-25-o-13.17.18_5240c082.jpg\" width=\"1200\" height=\"1600\" alt=\"\" title=\"Zdj\u0119cie WhatsApp 2025-07-25 o 13.17.18_5240c082\" aria-label=\"Zdj\u0119cie WhatsApp 2025-07-25 o 13.17.18_5240c082\" class=\"img-responsive wp-image-10426\" srcset=\"https:\/\/powiatlwowecki.pl\/wp-content\/uploads\/2025\/07\/Zdjecie-WhatsApp-2025-07-25-o-13.17.18_5240c082-200x267.jpg 200w, https:\/\/powiatlwowecki.pl\/wp-content\/uploads\/2025\/07\/Zdjecie-WhatsApp-2025-07-25-o-13.17.18_5240c082-400x533.jpg 400w, https:\/\/powiatlwowecki.pl\/wp-content\/uploads\/2025\/07\/Zdjecie-WhatsApp-2025-07-25-o-13.17.18_5240c082-600x800.jpg 600w, https:\/\/powiatlwowecki.pl\/wp-content\/uploads\/2025\/07\/Zdjecie-WhatsApp-2025-07-25-o-13.17.18_5240c082-800x1067.jpg 800w, https:\/\/powiatlwowecki.pl\/wp-content\/uploads\/2025\/07\/Zdjecie-WhatsApp-2025-07-25-o-13.17.18_5240c082.jpg 1200w\" sizes=\"(min-width: 2200px) 100vw, (min-width: 784px) 397px, (min-width: 712px) 595px, (min-width: 640px) 712px, \" \/><\/a><\/div><\/div><div style=\"padding:5px;\" class=\"fusion-grid-column fusion-gallery-column fusion-gallery-column-3 hover-type-none\"><div class=\"fusion-gallery-image\"><a href=\"https:\/\/powiatlwowecki.pl\/wp-content\/uploads\/2025\/07\/Zdjecie-WhatsApp-2025-07-25-o-13.17.18_9524385e.jpg\" rel=\"noreferrer\" data-rel=\"iLightbox[gallery_image_1]\" class=\"fusion-lightbox\" target=\"_self\"><img decoding=\"async\" src=\"https:\/\/powiatlwowecki.pl\/wp-content\/uploads\/2025\/07\/Zdjecie-WhatsApp-2025-07-25-o-13.17.18_9524385e.jpg\" width=\"1200\" height=\"1600\" alt=\"\" title=\"Zdj\u0119cie WhatsApp 2025-07-25 o 13.17.18_9524385e\" aria-label=\"Zdj\u0119cie WhatsApp 2025-07-25 o 13.17.18_9524385e\" class=\"img-responsive wp-image-10427\" srcset=\"https:\/\/powiatlwowecki.pl\/wp-content\/uploads\/2025\/07\/Zdjecie-WhatsApp-2025-07-25-o-13.17.18_9524385e-200x267.jpg 200w, https:\/\/powiatlwowecki.pl\/wp-content\/uploads\/2025\/07\/Zdjecie-WhatsApp-2025-07-25-o-13.17.18_9524385e-400x533.jpg 400w, https:\/\/powiatlwowecki.pl\/wp-content\/uploads\/2025\/07\/Zdjecie-WhatsApp-2025-07-25-o-13.17.18_9524385e-600x800.jpg 600w, https:\/\/powiatlwowecki.pl\/wp-content\/uploads\/2025\/07\/Zdjecie-WhatsApp-2025-07-25-o-13.17.18_9524385e-800x1067.jpg 800w, https:\/\/powiatlwowecki.pl\/wp-content\/uploads\/2025\/07\/Zdjecie-WhatsApp-2025-07-25-o-13.17.18_9524385e.jpg 1200w\" sizes=\"(min-width: 2200px) 100vw, (min-width: 784px) 397px, (min-width: 712px) 595px, (min-width: 640px) 712px, \" \/><\/a><\/div><\/div><div class=\"clearfix\"><\/div><div style=\"padding:5px;\" class=\"fusion-grid-column fusion-gallery-column fusion-gallery-column-3 hover-type-none\"><div class=\"fusion-gallery-image\"><a href=\"https:\/\/powiatlwowecki.pl\/wp-content\/uploads\/2025\/07\/Zdjecie-WhatsApp-2025-07-25-o-13.23.02_e11e0608-e1753449329573.jpg\" rel=\"noreferrer\" data-rel=\"iLightbox[gallery_image_1]\" class=\"fusion-lightbox\" target=\"_self\"><img decoding=\"async\" src=\"https:\/\/powiatlwowecki.pl\/wp-content\/uploads\/2025\/07\/Zdjecie-WhatsApp-2025-07-25-o-13.23.02_e11e0608-e1753449329573.jpg\" width=\"1200\" height=\"725\" alt=\"\" title=\"Zdj\u0119cie WhatsApp 2025-07-25 o 13.23.02_e11e0608\" aria-label=\"Zdj\u0119cie WhatsApp 2025-07-25 o 13.23.02_e11e0608\" class=\"img-responsive wp-image-10428\" srcset=\"https:\/\/powiatlwowecki.pl\/wp-content\/uploads\/2025\/07\/Zdjecie-WhatsApp-2025-07-25-o-13.23.02_e11e0608-e1753449329573-200x121.jpg 200w, https:\/\/powiatlwowecki.pl\/wp-content\/uploads\/2025\/07\/Zdjecie-WhatsApp-2025-07-25-o-13.23.02_e11e0608-e1753449329573-400x242.jpg 400w, https:\/\/powiatlwowecki.pl\/wp-content\/uploads\/2025\/07\/Zdjecie-WhatsApp-2025-07-25-o-13.23.02_e11e0608-e1753449329573-600x363.jpg 600w, https:\/\/powiatlwowecki.pl\/wp-content\/uploads\/2025\/07\/Zdjecie-WhatsApp-2025-07-25-o-13.23.02_e11e0608-e1753449329573-800x483.jpg 800w, https:\/\/powiatlwowecki.pl\/wp-content\/uploads\/2025\/07\/Zdjecie-WhatsApp-2025-07-25-o-13.23.02_e11e0608-e1753449329573.jpg 1200w\" sizes=\"(min-width: 2200px) 100vw, (min-width: 784px) 397px, (min-width: 712px) 595px, (min-width: 640px) 712px, \" \/><\/a><\/div><\/div><\/div><\/div><\/div><\/div><\/div><\/div>\n","protected":false},"excerpt":{"rendered":"","protected":false},"author":8,"featured_media":10428,"comment_status":"closed","ping_status":"closed","sticky":false,"template":"","format":"standard","meta":{"_acf_changed":false,"footnotes":""},"categories":[5],"tags":[],"class_list":["post-10430","post","type-post","status-publish","format-standard","has-post-thumbnail","hentry","category-aktualnosci"],"acf":{"kal_data_wydarzenia":""},"_links":{"self":[{"href":"https:\/\/powiatlwowecki.pl\/plci_json_endpoint\/wp\/v2\/posts\/10430","targetHints":{"allow":["GET"]}}],"collection":[{"href":"https:\/\/powiatlwowecki.pl\/plci_json_endpoint\/wp\/v2\/posts"}],"about":[{"href":"https:\/\/powiatlwowecki.pl\/plci_json_endpoint\/wp\/v2\/types\/post"}],"author":[{"embeddable":true,"href":"https:\/\/powiatlwowecki.pl\/plci_json_endpoint\/wp\/v2\/users\/8"}],"replies":[{"embeddable":true,"href":"https:\/\/powiatlwowecki.pl\/plci_json_endpoint\/wp\/v2\/comments?post=10430"}],"version-history":[{"count":1,"href":"https:\/\/powiatlwowecki.pl\/plci_json_endpoint\/wp\/v2\/posts\/10430\/revisions"}],"predecessor-version":[{"id":10431,"href":"https:\/\/powiatlwowecki.pl\/plci_json_endpoint\/wp\/v2\/posts\/10430\/revisions\/10431"}],"wp:featuredmedia":[{"embeddable":true,"href":"https:\/\/powiatlwowecki.pl\/plci_json_endpoint\/wp\/v2\/media\/10428"}],"wp:attachment":[{"href":"https:\/\/powiatlwowecki.pl\/plci_json_endpoint\/wp\/v2\/media?parent=10430"}],"wp:term":[{"taxonomy":"category","embeddable":true,"href":"https:\/\/powiatlwowecki.pl\/plci_json_endpoint\/wp\/v2\/categories?post=10430"},{"taxonomy":"post_tag","embeddable":true,"href":"https:\/\/powiatlwowecki.pl\/plci_json_endpoint\/wp\/v2\/tags?post=10430"}],"curies":[{"name":"wp","href":"https:\/\/api.w.org\/{rel}","templated":true}]}}