{"id":10380,"date":"2025-07-22T14:04:28","date_gmt":"2025-07-22T12:04:28","guid":{"rendered":"https:\/\/powiatlwowecki.pl\/?p=10380"},"modified":"2025-07-23T08:55:22","modified_gmt":"2025-07-23T06:55:22","slug":"posiedzenie-powiatowego-zespolu-zarzadzania-kryzysowego-w-dniu-21-lipca-2025-r","status":"publish","type":"post","link":"https:\/\/powiatlwowecki.pl\/posiedzenie-powiatowego-zespolu-zarzadzania-kryzysowego-w-dniu-21-lipca-2025-r\/","title":{"rendered":"Posiedzenie Powiatowego Zespo\u0142u Zarz\u0105dzania Kryzysowego w dniu 21 lipca 2025 r."},"content":{"rendered":"<div class=\"fusion-fullwidth fullwidth-box fusion-builder-row-1 fusion-flex-container nonhundred-percent-fullwidth non-hundred-percent-height-scrolling\" style=\"--awb-border-radius-top-left:0px;--awb-border-radius-top-right:0px;--awb-border-radius-bottom-right:0px;--awb-border-radius-bottom-left:0px;--awb-flex-wrap:wrap;\" ><div class=\"fusion-builder-row fusion-row fusion-flex-align-items-flex-start fusion-flex-content-wrap\" style=\"max-width:1248px;margin-left: calc(-4% \/ 2 );margin-right: calc(-4% \/ 2 );\"><div class=\"fusion-layout-column fusion_builder_column fusion-builder-column-0 fusion_builder_column_1_1 1_1 fusion-flex-column\" style=\"--awb-bg-size:cover;--awb-width-large:100%;--awb-margin-top-large:0px;--awb-spacing-right-large:1.92%;--awb-margin-bottom-large:0px;--awb-spacing-left-large:1.92%;--awb-width-medium:100%;--awb-spacing-right-medium:1.92%;--awb-spacing-left-medium:1.92%;--awb-width-small:100%;--awb-spacing-right-small:1.92%;--awb-spacing-left-small:1.92%;\"><div class=\"fusion-column-wrapper fusion-flex-justify-content-flex-start fusion-content-layout-column\"><div class=\"fusion-text fusion-text-1\"><p>W dniu 21 lipca 2025 roku w siedzibie Starostwa Powiatowego w Lw\u00f3wku \u015al\u0105skim odby\u0142o si\u0119 posiedzenie Powiatowego Zespo\u0142u Zarz\u0105dzania Kryzysowego. Spotkaniu przewodniczy\u0142a Ma\u0142gorzata Szczepa\u0144ska &#8211; Starosta Lw\u00f3wecki.<\/p>\n<p><strong>G\u0142\u00f3wnym tematem posiedzenia by\u0142o zaplanowanie podzia\u0142u \u015brodk\u00f3w finansowych w ramach Programu Ochrony Ludno\u015bci i Obrony Cywilnej na lata 2025\u20132026.<\/strong> Om\u00f3wiono propozycje alokacji \u015brodk\u00f3w z uwzgl\u0119dnieniem potrzeb jednostek samorz\u0105dowych oraz ustalono priorytety dzia\u0142a\u0144 inwestycyjnych na najbli\u017csze lata.<\/p>\n<p>W trakcie posiedzenia poruszono r\u00f3wnie\u017c nast\u0119puj\u0105ce kwestie:<\/p>\n<ul>\n<li><strong>Zagro\u017cenie wyst\u0105pienia ni\u017cu genue\u0144skiego nad obszarem Polski<\/strong> \u2013 om\u00f3wiono mo\u017cliwe skutki tego zjawiska meteorologicznego, w tym intensywne opady i lokalne podtopienia. Zwr\u00f3cono szczeg\u00f3ln\u0105 uwag\u0119 na potrzeb\u0119 sprawnej komunikacji mi\u0119dzy s\u0142u\u017cbami i gotowo\u015bci operacyjnej.<\/li>\n<li><strong>Doposa\u017cenie magazyn\u00f3w przeciwpowodziowych<\/strong> \u2013 wskazano konieczno\u015b\u0107 systematycznego uzupe\u0142niania sprz\u0119tu i materia\u0142\u00f3w magazynowych, co pozwoli na szybk\u0105 reakcj\u0119 w przypadku wyst\u0105pienia powodzi.<\/li>\n<\/ul>\n<p>Przedstawiciel Pa\u0144stwowego Gospodarstwa Wodnego Wody Polskie Zarz\u0105d Zlewni w Lw\u00f3wku \u015al\u0105skim przekaza\u0142 informacje na temat prowadzonych prac w zakresie odbudowy wa\u0142\u00f3w przeciwpowodziowych, oczyszczania koryt rzek oraz ciek\u00f3w wodnych na terenie powiatu lw\u00f3weckiego. Zwr\u00f3cono uwag\u0119 na znaczenie tych dzia\u0142a\u0144 dla ograniczenia ryzyka powodziowego w regionie.<\/p>\n<p>W spotkaniu udzia\u0142 wzi\u0119li przedstawiciele kluczowych instytucji i s\u0142u\u017cb:<\/p>\n<ul>\n<li>Starosta Lw\u00f3wecki,<\/li>\n<li>Piotr Konsur \u2013 radny Rady Powiatu Lw\u00f3weckiego<\/li>\n<li>Komendant Powiatowy Pa\u0144stwowej Stra\u017cy Po\u017carnej w Lw\u00f3wku \u015al\u0105skim,<\/li>\n<li>Komendant Powiatowy Policji w Lw\u00f3wku \u015al\u0105skim,<\/li>\n<li>Naczelnik Wydzia\u0142u Operacyjno \u2013 Szkoleniowego KP PSP w Lw\u00f3wku \u015al\u0105skim<\/li>\n<li>Dyrektor Powiatowej Stacji Sanitarno\u2013Epidemiologicznej w Lw\u00f3wku \u015al\u0105skim,<\/li>\n<li>Powiatowy Lekarz Weterynarii w Lw\u00f3wku \u015al\u0105skim,<\/li>\n<li>Z-ca Dyrektora Zarz\u0105du Zlewni w Lw\u00f3wku \u015al\u0105skim \u2013 Pa\u0144stwowe Gospodarstwo Wodne Wody Polskie,<\/li>\n<li>Kierownik Oddzia\u0142u Wojew\u00f3dzkiego Inspektoratu Ochrony Ro\u015blin i Nasiennictwa w Lw\u00f3wku \u015al\u0105skim,<\/li>\n<li>Kierownik Zarz\u0105du Dr\u00f3g Powiatowych w Lw\u00f3wku \u015al\u0105skim,<\/li>\n<li>Kierownik Powiatowego Centrum Zarz\u0105dzania Kryzysowego w Lw\u00f3wku \u015al\u0105skim,<\/li>\n<li>Burmistrz Gminy i Miasta Lw\u00f3wek \u015al\u0105ski,<\/li>\n<li>Sekretarz Gminy i Miasta Gryf\u00f3w \u015al\u0105ski,<\/li>\n<li>Burmistrz Gminy i Miasta Lubomierz,<\/li>\n<li>Burmistrz Miasta i Gminy Mirsk,<\/li>\n<li>Pracownicy odpowiedzialni za ochron\u0119 ludno\u015bci oraz zarz\u0105dzanie kryzysowe w gminach<\/li>\n<\/ul>\n<p>Spotkanie zako\u0144czy\u0142o si\u0119 podkre\u015bleniem konieczno\u015bci dalszej \u015bcis\u0142ej wsp\u00f3\u0142pracy mi\u0119dzy s\u0142u\u017cbami, instytucjami i samorz\u0105dami. Ustalono tak\u017ce kierunki dalszych dzia\u0142a\u0144 organizacyjnych i technicznych, maj\u0105cych na celu popraw\u0119 bezpiecze\u0144stwa mieszka\u0144c\u00f3w powiatu lw\u00f3weckiego.<\/p>\n<\/div><div class=\"awb-gallery-wrapper awb-gallery-wrapper-1 button-span-no\" style=\"--more-btn-alignment:center;\"><div style=\"margin:-5px;--awb-bordersize:0px;\" class=\"fusion-gallery fusion-gallery-container fusion-grid-3 fusion-columns-total-3 fusion-gallery-layout-grid fusion-gallery-1\"><div style=\"padding:5px;\" class=\"fusion-grid-column fusion-gallery-column fusion-gallery-column-3 hover-type-none\"><div class=\"fusion-gallery-image\"><a href=\"https:\/\/powiatlwowecki.pl\/wp-content\/uploads\/2025\/07\/Zdjecie-WhatsApp-2025-07-22-o-13.33.39_4b1cef10-scaled.jpg\" rel=\"noreferrer\" data-rel=\"iLightbox[gallery_image_1]\" class=\"fusion-lightbox\" target=\"_self\"><img decoding=\"async\" src=\"https:\/\/powiatlwowecki.pl\/wp-content\/uploads\/2025\/07\/Zdjecie-WhatsApp-2025-07-22-o-13.33.39_4b1cef10-scaled.jpg\" width=\"2560\" height=\"1920\" alt=\"\" title=\"Zdj\u0119cie WhatsApp 2025-07-22 o 13.33.39_4b1cef10\" aria-label=\"Zdj\u0119cie WhatsApp 2025-07-22 o 13.33.39_4b1cef10\" class=\"img-responsive wp-image-10377\" srcset=\"https:\/\/powiatlwowecki.pl\/wp-content\/uploads\/2025\/07\/Zdjecie-WhatsApp-2025-07-22-o-13.33.39_4b1cef10-200x150.jpg 200w, https:\/\/powiatlwowecki.pl\/wp-content\/uploads\/2025\/07\/Zdjecie-WhatsApp-2025-07-22-o-13.33.39_4b1cef10-400x300.jpg 400w, https:\/\/powiatlwowecki.pl\/wp-content\/uploads\/2025\/07\/Zdjecie-WhatsApp-2025-07-22-o-13.33.39_4b1cef10-600x450.jpg 600w, https:\/\/powiatlwowecki.pl\/wp-content\/uploads\/2025\/07\/Zdjecie-WhatsApp-2025-07-22-o-13.33.39_4b1cef10-800x600.jpg 800w, https:\/\/powiatlwowecki.pl\/wp-content\/uploads\/2025\/07\/Zdjecie-WhatsApp-2025-07-22-o-13.33.39_4b1cef10-1200x900.jpg 1200w, https:\/\/powiatlwowecki.pl\/wp-content\/uploads\/2025\/07\/Zdjecie-WhatsApp-2025-07-22-o-13.33.39_4b1cef10-scaled.jpg 2560w\" sizes=\"(min-width: 2200px) 100vw, (min-width: 784px) 397px, (min-width: 712px) 595px, (min-width: 640px) 712px, \" \/><\/a><\/div><\/div><div style=\"padding:5px;\" class=\"fusion-grid-column fusion-gallery-column fusion-gallery-column-3 hover-type-none\"><div class=\"fusion-gallery-image\"><a href=\"https:\/\/powiatlwowecki.pl\/wp-content\/uploads\/2025\/07\/Zdjecie-WhatsApp-2025-07-22-o-13.33.39_29f721e6-scaled.jpg\" rel=\"noreferrer\" data-rel=\"iLightbox[gallery_image_1]\" class=\"fusion-lightbox\" target=\"_self\"><img decoding=\"async\" src=\"https:\/\/powiatlwowecki.pl\/wp-content\/uploads\/2025\/07\/Zdjecie-WhatsApp-2025-07-22-o-13.33.39_29f721e6-scaled.jpg\" width=\"2560\" height=\"1920\" alt=\"\" title=\"Zdj\u0119cie WhatsApp 2025-07-22 o 13.33.39_29f721e6\" aria-label=\"Zdj\u0119cie WhatsApp 2025-07-22 o 13.33.39_29f721e6\" class=\"img-responsive wp-image-10378\" srcset=\"https:\/\/powiatlwowecki.pl\/wp-content\/uploads\/2025\/07\/Zdjecie-WhatsApp-2025-07-22-o-13.33.39_29f721e6-200x150.jpg 200w, https:\/\/powiatlwowecki.pl\/wp-content\/uploads\/2025\/07\/Zdjecie-WhatsApp-2025-07-22-o-13.33.39_29f721e6-400x300.jpg 400w, https:\/\/powiatlwowecki.pl\/wp-content\/uploads\/2025\/07\/Zdjecie-WhatsApp-2025-07-22-o-13.33.39_29f721e6-600x450.jpg 600w, https:\/\/powiatlwowecki.pl\/wp-content\/uploads\/2025\/07\/Zdjecie-WhatsApp-2025-07-22-o-13.33.39_29f721e6-800x600.jpg 800w, https:\/\/powiatlwowecki.pl\/wp-content\/uploads\/2025\/07\/Zdjecie-WhatsApp-2025-07-22-o-13.33.39_29f721e6-1200x900.jpg 1200w, https:\/\/powiatlwowecki.pl\/wp-content\/uploads\/2025\/07\/Zdjecie-WhatsApp-2025-07-22-o-13.33.39_29f721e6-scaled.jpg 2560w\" sizes=\"(min-width: 2200px) 100vw, (min-width: 784px) 397px, (min-width: 712px) 595px, (min-width: 640px) 712px, \" \/><\/a><\/div><\/div><div style=\"padding:5px;\" class=\"fusion-grid-column fusion-gallery-column fusion-gallery-column-3 hover-type-none\"><div class=\"fusion-gallery-image\"><a href=\"https:\/\/powiatlwowecki.pl\/wp-content\/uploads\/2025\/07\/Zdjecie-WhatsApp-2025-07-22-o-13.33.40_790a37b1-scaled-e1753186524595.jpg\" rel=\"noreferrer\" data-rel=\"iLightbox[gallery_image_1]\" class=\"fusion-lightbox\" target=\"_self\"><img decoding=\"async\" src=\"https:\/\/powiatlwowecki.pl\/wp-content\/uploads\/2025\/07\/Zdjecie-WhatsApp-2025-07-22-o-13.33.40_790a37b1-scaled-e1753186524595.jpg\" width=\"2560\" height=\"1310\" alt=\"\" title=\"Zdj\u0119cie WhatsApp 2025-07-22 o 13.33.40_790a37b1\" aria-label=\"Zdj\u0119cie WhatsApp 2025-07-22 o 13.33.40_790a37b1\" class=\"img-responsive wp-image-10379\" srcset=\"https:\/\/powiatlwowecki.pl\/wp-content\/uploads\/2025\/07\/Zdjecie-WhatsApp-2025-07-22-o-13.33.40_790a37b1-scaled-e1753186524595-200x102.jpg 200w, https:\/\/powiatlwowecki.pl\/wp-content\/uploads\/2025\/07\/Zdjecie-WhatsApp-2025-07-22-o-13.33.40_790a37b1-scaled-e1753186524595-400x205.jpg 400w, https:\/\/powiatlwowecki.pl\/wp-content\/uploads\/2025\/07\/Zdjecie-WhatsApp-2025-07-22-o-13.33.40_790a37b1-scaled-e1753186524595-600x307.jpg 600w, https:\/\/powiatlwowecki.pl\/wp-content\/uploads\/2025\/07\/Zdjecie-WhatsApp-2025-07-22-o-13.33.40_790a37b1-scaled-e1753186524595-800x409.jpg 800w, https:\/\/powiatlwowecki.pl\/wp-content\/uploads\/2025\/07\/Zdjecie-WhatsApp-2025-07-22-o-13.33.40_790a37b1-scaled-e1753186524595-1200x614.jpg 1200w, https:\/\/powiatlwowecki.pl\/wp-content\/uploads\/2025\/07\/Zdjecie-WhatsApp-2025-07-22-o-13.33.40_790a37b1-scaled-e1753186524595.jpg 2560w\" sizes=\"(min-width: 2200px) 100vw, (min-width: 784px) 397px, (min-width: 712px) 595px, (min-width: 640px) 712px, \" \/><\/a><\/div><\/div><div class=\"clearfix\"><\/div><\/div><\/div><\/div><\/div><\/div><\/div>\n","protected":false},"excerpt":{"rendered":"","protected":false},"author":8,"featured_media":10379,"comment_status":"closed","ping_status":"closed","sticky":false,"template":"","format":"standard","meta":{"_acf_changed":false,"footnotes":""},"categories":[5,95],"tags":[],"class_list":["post-10380","post","type-post","status-publish","format-standard","has-post-thumbnail","hentry","category-aktualnosci","category-pczk"],"acf":{"kal_data_wydarzenia":""},"_links":{"self":[{"href":"https:\/\/powiatlwowecki.pl\/plci_json_endpoint\/wp\/v2\/posts\/10380","targetHints":{"allow":["GET"]}}],"collection":[{"href":"https:\/\/powiatlwowecki.pl\/plci_json_endpoint\/wp\/v2\/posts"}],"about":[{"href":"https:\/\/powiatlwowecki.pl\/plci_json_endpoint\/wp\/v2\/types\/post"}],"author":[{"embeddable":true,"href":"https:\/\/powiatlwowecki.pl\/plci_json_endpoint\/wp\/v2\/users\/8"}],"replies":[{"embeddable":true,"href":"https:\/\/powiatlwowecki.pl\/plci_json_endpoint\/wp\/v2\/comments?post=10380"}],"version-history":[{"count":2,"href":"https:\/\/powiatlwowecki.pl\/plci_json_endpoint\/wp\/v2\/posts\/10380\/revisions"}],"predecessor-version":[{"id":10382,"href":"https:\/\/powiatlwowecki.pl\/plci_json_endpoint\/wp\/v2\/posts\/10380\/revisions\/10382"}],"wp:featuredmedia":[{"embeddable":true,"href":"https:\/\/powiatlwowecki.pl\/plci_json_endpoint\/wp\/v2\/media\/10379"}],"wp:attachment":[{"href":"https:\/\/powiatlwowecki.pl\/plci_json_endpoint\/wp\/v2\/media?parent=10380"}],"wp:term":[{"taxonomy":"category","embeddable":true,"href":"https:\/\/powiatlwowecki.pl\/plci_json_endpoint\/wp\/v2\/categories?post=10380"},{"taxonomy":"post_tag","embeddable":true,"href":"https:\/\/powiatlwowecki.pl\/plci_json_endpoint\/wp\/v2\/tags?post=10380"}],"curies":[{"name":"wp","href":"https:\/\/api.w.org\/{rel}","templated":true}]}}