{"id":10373,"date":"2025-07-22T11:17:16","date_gmt":"2025-07-22T09:17:16","guid":{"rendered":"https:\/\/powiatlwowecki.pl\/?p=10373"},"modified":"2025-07-22T11:17:16","modified_gmt":"2025-07-22T09:17:16","slug":"kompendium-wiedzy-dla-odbiorcow-energii-elektrycznej-w-gospodarstwach-domowych","status":"publish","type":"post","link":"https:\/\/powiatlwowecki.pl\/kompendium-wiedzy-dla-odbiorcow-energii-elektrycznej-w-gospodarstwach-domowych\/","title":{"rendered":"Kompendium wiedzy dla odbiorc\u00f3w energii elektrycznej w gospodarstwach domowych"},"content":{"rendered":"<div class=\"fusion-fullwidth fullwidth-box fusion-builder-row-1 fusion-flex-container nonhundred-percent-fullwidth non-hundred-percent-height-scrolling\" style=\"--awb-border-radius-top-left:0px;--awb-border-radius-top-right:0px;--awb-border-radius-bottom-right:0px;--awb-border-radius-bottom-left:0px;--awb-flex-wrap:wrap;\" ><div class=\"fusion-builder-row fusion-row fusion-flex-align-items-flex-start fusion-flex-content-wrap\" style=\"max-width:1248px;margin-left: calc(-4% \/ 2 );margin-right: calc(-4% \/ 2 );\"><div class=\"fusion-layout-column fusion_builder_column fusion-builder-column-0 fusion_builder_column_1_1 1_1 fusion-flex-column\" style=\"--awb-bg-size:cover;--awb-width-large:100%;--awb-margin-top-large:0px;--awb-spacing-right-large:1.92%;--awb-margin-bottom-large:0px;--awb-spacing-left-large:1.92%;--awb-width-medium:100%;--awb-spacing-right-medium:1.92%;--awb-spacing-left-medium:1.92%;--awb-width-small:100%;--awb-spacing-right-small:1.92%;--awb-spacing-left-small:1.92%;\"><div class=\"fusion-column-wrapper fusion-flex-justify-content-flex-start fusion-content-layout-column\"><div class=\"fusion-text fusion-text-1\"><p>Wyniki <a href=\"https:\/\/www.ure.gov.pl\/pl\/urzad\/informacje-ogolne\/edukacja-i-komunikacja\/badanie-opinii-publicznej\/12729,Rachunki-pod-kontrola-konsumenta-najnowsze-badanie-opinii-uczestnikow-rynku-ener.html\">ostatniego badania opinii publicznej<\/a> przeprowadzonego na zlecenie Urz\u0119du Regulacji Energetyki wskazuj\u0105 na potrzeb\u0119 podnoszenia \u015bwiadomo\u015bci odbiorc\u00f3w indywidualnych na temat funkcjonowania rynku energii elektrycznej i praw przys\u0142uguj\u0105cych konsumentom, tak aby mogli oni podejmowa\u0107 \u015bwiadome decyzje w zakresie wyboru optymalnej dla nich oferty sprzeda\u017cy energii i zarz\u0105dza\u0107 swoimi rachunkami.<\/p>\n<p>Badanie pozwoli\u0142o zidentyfikowa\u0107 obszary wymagaj\u0105ce szczeg\u00f3lnej uwagi, takie jak: rodzaje ofert sprzeda\u017cy energii elektrycznej dost\u0119pne na rynku, sk\u0142adowe i struktura rachunku za energi\u0119, mechanizmy mro\u017cenia cen, czas na odst\u0105pienie od umowy, problem oszustw na rynku energii.<\/p>\n<p>W celu wzmocnienia pozycji odbiorc\u00f3w energii w gospodarstwach domowych, w prosty i przyjazny spos\u00f3b przybli\u017camy poszczeg\u00f3lne sk\u0142adniki rachunku oraz omawiamy ww. obszary \u2013 a tak\u017ce t\u0142umaczymy jak wygl\u0105da proces dostarczania energii do gospodarstwa domowego.<\/p>\n<p><a href=\"https:\/\/powiatlwowecki.pl\/wp-content\/uploads\/2025\/07\/Zbior-praw-konsumenta-energii-elektrycznej-wersja-kolorowa.pdf\"><span style=\"font-size: 24pt;\">Zbi\u00f3r praw konsumenta energii elektrycznej (wersja kolorowa)<\/span><\/a><\/p>\n<\/div><div class=\"awb-gallery-wrapper awb-gallery-wrapper-1 button-span-no\" style=\"--more-btn-alignment:center;\"><div style=\"margin:-5px;--awb-bordersize:0px;\" class=\"fusion-gallery fusion-gallery-container fusion-grid-3 fusion-columns-total-2 fusion-gallery-layout-grid fusion-gallery-1\"><div style=\"padding:5px;\" class=\"fusion-grid-column fusion-gallery-column fusion-gallery-column-3 hover-type-none\"><div class=\"fusion-gallery-image\"><a href=\"https:\/\/powiatlwowecki.pl\/wp-content\/uploads\/2025\/07\/Ulotka_rachunek-pod-kontrola-konsumenta_str.-1-scaled.jpg\" rel=\"noreferrer\" data-rel=\"iLightbox[gallery_image_1]\" class=\"fusion-lightbox\" target=\"_self\"><img decoding=\"async\" src=\"https:\/\/powiatlwowecki.pl\/wp-content\/uploads\/2025\/07\/Ulotka_rachunek-pod-kontrola-konsumenta_str.-1-scaled.jpg\" width=\"1810\" height=\"2560\" alt=\"\" title=\"Ulotka_rachunek pod kontrol\u0105 konsumenta_str. 1\" aria-label=\"Ulotka_rachunek pod kontrol\u0105 konsumenta_str. 1\" class=\"img-responsive wp-image-10369\" srcset=\"https:\/\/powiatlwowecki.pl\/wp-content\/uploads\/2025\/07\/Ulotka_rachunek-pod-kontrola-konsumenta_str.-1-200x283.jpg 200w, https:\/\/powiatlwowecki.pl\/wp-content\/uploads\/2025\/07\/Ulotka_rachunek-pod-kontrola-konsumenta_str.-1-400x566.jpg 400w, https:\/\/powiatlwowecki.pl\/wp-content\/uploads\/2025\/07\/Ulotka_rachunek-pod-kontrola-konsumenta_str.-1-600x849.jpg 600w, https:\/\/powiatlwowecki.pl\/wp-content\/uploads\/2025\/07\/Ulotka_rachunek-pod-kontrola-konsumenta_str.-1-800x1132.jpg 800w, https:\/\/powiatlwowecki.pl\/wp-content\/uploads\/2025\/07\/Ulotka_rachunek-pod-kontrola-konsumenta_str.-1-1200x1697.jpg 1200w, https:\/\/powiatlwowecki.pl\/wp-content\/uploads\/2025\/07\/Ulotka_rachunek-pod-kontrola-konsumenta_str.-1-scaled.jpg 1810w\" sizes=\"(min-width: 2200px) 100vw, (min-width: 784px) 397px, (min-width: 712px) 595px, (min-width: 640px) 712px, \" \/><\/a><\/div><\/div><div style=\"padding:5px;\" class=\"fusion-grid-column fusion-gallery-column fusion-gallery-column-3 hover-type-none\"><div class=\"fusion-gallery-image\"><a href=\"https:\/\/powiatlwowecki.pl\/wp-content\/uploads\/2025\/07\/Ulotka_rachunek-pod-kontrola-konsumenta_str.-2-scaled.jpg\" rel=\"noreferrer\" data-rel=\"iLightbox[gallery_image_1]\" class=\"fusion-lightbox\" target=\"_self\"><img decoding=\"async\" src=\"https:\/\/powiatlwowecki.pl\/wp-content\/uploads\/2025\/07\/Ulotka_rachunek-pod-kontrola-konsumenta_str.-2-scaled.jpg\" width=\"1810\" height=\"2560\" alt=\"\" title=\"Ulotka_rachunek pod kontrol\u0105 konsumenta_str. 2\" aria-label=\"Ulotka_rachunek pod kontrol\u0105 konsumenta_str. 2\" class=\"img-responsive wp-image-10370\" srcset=\"https:\/\/powiatlwowecki.pl\/wp-content\/uploads\/2025\/07\/Ulotka_rachunek-pod-kontrola-konsumenta_str.-2-200x283.jpg 200w, https:\/\/powiatlwowecki.pl\/wp-content\/uploads\/2025\/07\/Ulotka_rachunek-pod-kontrola-konsumenta_str.-2-400x566.jpg 400w, https:\/\/powiatlwowecki.pl\/wp-content\/uploads\/2025\/07\/Ulotka_rachunek-pod-kontrola-konsumenta_str.-2-600x849.jpg 600w, https:\/\/powiatlwowecki.pl\/wp-content\/uploads\/2025\/07\/Ulotka_rachunek-pod-kontrola-konsumenta_str.-2-800x1132.jpg 800w, https:\/\/powiatlwowecki.pl\/wp-content\/uploads\/2025\/07\/Ulotka_rachunek-pod-kontrola-konsumenta_str.-2-1200x1697.jpg 1200w, https:\/\/powiatlwowecki.pl\/wp-content\/uploads\/2025\/07\/Ulotka_rachunek-pod-kontrola-konsumenta_str.-2-scaled.jpg 1810w\" sizes=\"(min-width: 2200px) 100vw, (min-width: 784px) 397px, (min-width: 712px) 595px, (min-width: 640px) 712px, \" \/><\/a><\/div><\/div><\/div><\/div><\/div><\/div><\/div><\/div>\n","protected":false},"excerpt":{"rendered":"","protected":false},"author":8,"featured_media":10374,"comment_status":"closed","ping_status":"closed","sticky":false,"template":"","format":"standard","meta":{"_acf_changed":false,"footnotes":""},"categories":[5],"tags":[],"class_list":["post-10373","post","type-post","status-publish","format-standard","has-post-thumbnail","hentry","category-aktualnosci"],"acf":{"kal_data_wydarzenia":""},"_links":{"self":[{"href":"https:\/\/powiatlwowecki.pl\/plci_json_endpoint\/wp\/v2\/posts\/10373","targetHints":{"allow":["GET"]}}],"collection":[{"href":"https:\/\/powiatlwowecki.pl\/plci_json_endpoint\/wp\/v2\/posts"}],"about":[{"href":"https:\/\/powiatlwowecki.pl\/plci_json_endpoint\/wp\/v2\/types\/post"}],"author":[{"embeddable":true,"href":"https:\/\/powiatlwowecki.pl\/plci_json_endpoint\/wp\/v2\/users\/8"}],"replies":[{"embeddable":true,"href":"https:\/\/powiatlwowecki.pl\/plci_json_endpoint\/wp\/v2\/comments?post=10373"}],"version-history":[{"count":1,"href":"https:\/\/powiatlwowecki.pl\/plci_json_endpoint\/wp\/v2\/posts\/10373\/revisions"}],"predecessor-version":[{"id":10375,"href":"https:\/\/powiatlwowecki.pl\/plci_json_endpoint\/wp\/v2\/posts\/10373\/revisions\/10375"}],"wp:featuredmedia":[{"embeddable":true,"href":"https:\/\/powiatlwowecki.pl\/plci_json_endpoint\/wp\/v2\/media\/10374"}],"wp:attachment":[{"href":"https:\/\/powiatlwowecki.pl\/plci_json_endpoint\/wp\/v2\/media?parent=10373"}],"wp:term":[{"taxonomy":"category","embeddable":true,"href":"https:\/\/powiatlwowecki.pl\/plci_json_endpoint\/wp\/v2\/categories?post=10373"},{"taxonomy":"post_tag","embeddable":true,"href":"https:\/\/powiatlwowecki.pl\/plci_json_endpoint\/wp\/v2\/tags?post=10373"}],"curies":[{"name":"wp","href":"https:\/\/api.w.org\/{rel}","templated":true}]}}