{"id":10367,"date":"2025-07-21T19:00:04","date_gmt":"2025-07-21T17:00:04","guid":{"rendered":"https:\/\/powiatlwowecki.pl\/?p=10367"},"modified":"2025-07-21T15:09:55","modified_gmt":"2025-07-21T13:09:55","slug":"powiat-lwowecki-w-debacie-o-przyszlosci-sudetow-spotkanie-sygnatariuszy-porozumienia-sudety-2035-w-palacu-brunow","status":"publish","type":"post","link":"https:\/\/powiatlwowecki.pl\/powiat-lwowecki-w-debacie-o-przyszlosci-sudetow-spotkanie-sygnatariuszy-porozumienia-sudety-2035-w-palacu-brunow\/","title":{"rendered":"Powiat Lw\u00f3wecki w debacie o przysz\u0142o\u015bci Sudet\u00f3w. Spotkanie Sygnatariuszy Porozumienia Sudety 2035 w Pa\u0142acu Brun\u00f3w."},"content":{"rendered":"<div class=\"fusion-fullwidth fullwidth-box fusion-builder-row-1 fusion-flex-container nonhundred-percent-fullwidth non-hundred-percent-height-scrolling\" style=\"--awb-border-radius-top-left:0px;--awb-border-radius-top-right:0px;--awb-border-radius-bottom-right:0px;--awb-border-radius-bottom-left:0px;--awb-flex-wrap:wrap;\" ><div class=\"fusion-builder-row fusion-row fusion-flex-align-items-flex-start fusion-flex-content-wrap\" style=\"max-width:1248px;margin-left: calc(-4% \/ 2 );margin-right: calc(-4% \/ 2 );\"><div class=\"fusion-layout-column fusion_builder_column fusion-builder-column-0 fusion_builder_column_1_1 1_1 fusion-flex-column\" style=\"--awb-bg-size:cover;--awb-width-large:100%;--awb-margin-top-large:0px;--awb-spacing-right-large:1.92%;--awb-margin-bottom-large:0px;--awb-spacing-left-large:1.92%;--awb-width-medium:100%;--awb-spacing-right-medium:1.92%;--awb-spacing-left-medium:1.92%;--awb-width-small:100%;--awb-spacing-right-small:1.92%;--awb-spacing-left-small:1.92%;\"><div class=\"fusion-column-wrapper fusion-flex-justify-content-flex-start fusion-content-layout-column\"><div class=\"fusion-text fusion-text-1\"><p>18 lipca 2025 r. w Pa\u0142acu Brun\u00f3w odby\u0142o si\u0119 kolejne spotkanie Sygnatariuszy Porozumienia Sudety 2035 \u2013 inicjatywy zrzeszaj\u0105cej samorz\u0105dy po\u0142udniowego Dolnego \u015al\u0105ska, kt\u00f3rej celem jest wsp\u00f3lna odpowied\u017a na wyzwania stoj\u0105ce przed regionem. W wydarzeniu uczestniczy\u0142a r\u00f3wnie\u017c Starosta Lw\u00f3wecka Ma\u0142gorzata Szczepa\u0144ska, reprezentuj\u0105ca Powiat Lw\u00f3wecki \u2013 aktywnie zaanga\u017cowany w dzia\u0142ania na rzecz zr\u00f3wnowa\u017conego rozwoju i przeciwdzia\u0142ania negatywnym trendom demograficznym.<\/p>\n<p>G\u0142\u00f3wnym tematem spotkania by\u0142a trwa\u0142a depopulacja, kt\u00f3ra w coraz wi\u0119kszym stopniu dotyka szczeg\u00f3lnie g\u00f3rskie i przygraniczne obszary Dolnego \u015al\u0105ska. Jak wynika z najnowszego raportu G\u0142\u00f3wnego Urz\u0119du Statystycznego, w wielu gminach po\u0142udnia wojew\u00f3dztwa spadek liczby mieszka\u0144c\u00f3w si\u0119ga od 8 do 20 procent, a w niekt\u00f3rych przypadkach nawet wi\u0119cej \u2013 i to tylko na przestrzeni ostatnich kilkunastu lat.<\/p>\n<p>\u2013 Spadek liczby mieszka\u0144c\u00f3w to zjawisko, z kt\u00f3rego musimy wyci\u0105ga\u0107 wnioski. To realne wyzwanie dla szk\u00f3\u0142, transportu, lokalnych spo\u0142eczno\u015bci i ca\u0142ej infrastruktury publicznej \u2013 podkre\u015bla\u0142 Marsza\u0142ek Wojew\u00f3dztwa Dolno\u015bl\u0105skiego Pawe\u0142 Gancarz.<\/p>\n<p>Podczas obrad eksperci \u2013 dr Karol Janas z Instytutu Rozwoju Miast i Region\u00f3w w Krakowie oraz dr hab. Marian Kacharz z Uniwersytetu Przyrodniczego we Wroc\u0142awiu \u2013 zaprezentowali szczeg\u00f3\u0142owe analizy demograficzne, ukazuj\u0105ce tempo wyludniania si\u0119 wielu miejscowo\u015bci oraz konsekwencje spo\u0142eczne i gospodarcze tego zjawiska. Wskazano r\u00f3wnie\u017c na konieczno\u015b\u0107 adaptacji polityki samorz\u0105dowej do zmieniaj\u0105cej si\u0119 struktury ludno\u015bci.<\/p>\n<p>Zjawisko depopulacji dotyka r\u00f3wnie\u017c nasz powiat i wymaga wsp\u00f3lnej, ponadlokalnej strategii \u2013 zaznaczy\u0142a Starosta Lw\u00f3wecka Ma\u0142gorzata Szczepa\u0144ska. \u2013 Tylko wsp\u00f3\u0142pracuj\u0105c z s\u0105siednimi samorz\u0105dami i bazuj\u0105c na rzetelnych analizach, jeste\u015bmy w stanie skutecznie reagowa\u0107 i budowa\u0107 przysz\u0142o\u015b\u0107 naszego regionu.<\/p>\n<p>Powiat Lw\u00f3wecki aktywnie uczestniczy w dzia\u0142aniach podejmowanych w ramach Porozumienia Sudety 2035 i anga\u017cuje si\u0119 w projekty oparte na wsp\u00f3\u0142pracy mi\u0119dzygminnej i mi\u0119dzyregionalnej. Spotkanie w Pa\u0142acu Brun\u00f3w by\u0142o krokiem w stron\u0119 wypracowania wsp\u00f3lnych, d\u0142ugofalowych rozwi\u0105za\u0144, kt\u00f3re pozwol\u0105 przeciwdzia\u0142a\u0107 wyludnianiu i sprawi\u0107, by po\u0142udnie Dolnego \u015al\u0105ska \u2013 mimo licznych wyzwa\u0144 \u2013 nie zosta\u0142o w tyle.<\/p>\n<\/div><div class=\"awb-gallery-wrapper awb-gallery-wrapper-1 button-span-no\" style=\"--more-btn-alignment:center;\"><div style=\"margin:-5px;--awb-bordersize:0px;\" class=\"fusion-gallery fusion-gallery-container fusion-grid-3 fusion-columns-total-2 fusion-gallery-layout-grid fusion-gallery-1\"><div style=\"padding:5px;\" class=\"fusion-grid-column fusion-gallery-column fusion-gallery-column-3 hover-type-none\"><div class=\"fusion-gallery-image\"><a href=\"https:\/\/powiatlwowecki.pl\/wp-content\/uploads\/2025\/07\/konferencja.jpg\" rel=\"noreferrer\" data-rel=\"iLightbox[gallery_image_1]\" class=\"fusion-lightbox\" target=\"_self\"><img decoding=\"async\" src=\"https:\/\/powiatlwowecki.pl\/wp-content\/uploads\/2025\/07\/konferencja.jpg\" width=\"1600\" height=\"899\" alt=\"\" title=\"konferencja\" aria-label=\"konferencja\" class=\"img-responsive wp-image-10366\" srcset=\"https:\/\/powiatlwowecki.pl\/wp-content\/uploads\/2025\/07\/konferencja-200x112.jpg 200w, https:\/\/powiatlwowecki.pl\/wp-content\/uploads\/2025\/07\/konferencja-400x225.jpg 400w, https:\/\/powiatlwowecki.pl\/wp-content\/uploads\/2025\/07\/konferencja-600x337.jpg 600w, https:\/\/powiatlwowecki.pl\/wp-content\/uploads\/2025\/07\/konferencja-800x450.jpg 800w, https:\/\/powiatlwowecki.pl\/wp-content\/uploads\/2025\/07\/konferencja-1200x674.jpg 1200w, https:\/\/powiatlwowecki.pl\/wp-content\/uploads\/2025\/07\/konferencja.jpg 1600w\" sizes=\"(min-width: 2200px) 100vw, (min-width: 784px) 397px, (min-width: 712px) 595px, (min-width: 640px) 712px, \" \/><\/a><\/div><\/div><div style=\"padding:5px;\" class=\"fusion-grid-column fusion-gallery-column fusion-gallery-column-3 hover-type-none\"><div class=\"fusion-gallery-image\"><a href=\"https:\/\/powiatlwowecki.pl\/wp-content\/uploads\/2025\/07\/konferencja-2.jpg\" rel=\"noreferrer\" data-rel=\"iLightbox[gallery_image_1]\" class=\"fusion-lightbox\" target=\"_self\"><img decoding=\"async\" src=\"https:\/\/powiatlwowecki.pl\/wp-content\/uploads\/2025\/07\/konferencja-2.jpg\" width=\"1024\" height=\"768\" alt=\"\" title=\"konferencja 2\" aria-label=\"konferencja 2\" class=\"img-responsive wp-image-10365\" srcset=\"https:\/\/powiatlwowecki.pl\/wp-content\/uploads\/2025\/07\/konferencja-2-200x150.jpg 200w, https:\/\/powiatlwowecki.pl\/wp-content\/uploads\/2025\/07\/konferencja-2-400x300.jpg 400w, https:\/\/powiatlwowecki.pl\/wp-content\/uploads\/2025\/07\/konferencja-2-600x450.jpg 600w, https:\/\/powiatlwowecki.pl\/wp-content\/uploads\/2025\/07\/konferencja-2-800x600.jpg 800w, https:\/\/powiatlwowecki.pl\/wp-content\/uploads\/2025\/07\/konferencja-2.jpg 1024w\" sizes=\"(min-width: 2200px) 100vw, (min-width: 784px) 397px, (min-width: 712px) 595px, (min-width: 640px) 712px, \" \/><\/a><\/div><\/div><\/div><\/div><\/div><\/div><\/div><\/div>\n","protected":false},"excerpt":{"rendered":"","protected":false},"author":8,"featured_media":10366,"comment_status":"closed","ping_status":"closed","sticky":false,"template":"","format":"standard","meta":{"_acf_changed":false,"footnotes":""},"categories":[5],"tags":[],"class_list":["post-10367","post","type-post","status-publish","format-standard","has-post-thumbnail","hentry","category-aktualnosci"],"acf":{"kal_data_wydarzenia":""},"_links":{"self":[{"href":"https:\/\/powiatlwowecki.pl\/plci_json_endpoint\/wp\/v2\/posts\/10367","targetHints":{"allow":["GET"]}}],"collection":[{"href":"https:\/\/powiatlwowecki.pl\/plci_json_endpoint\/wp\/v2\/posts"}],"about":[{"href":"https:\/\/powiatlwowecki.pl\/plci_json_endpoint\/wp\/v2\/types\/post"}],"author":[{"embeddable":true,"href":"https:\/\/powiatlwowecki.pl\/plci_json_endpoint\/wp\/v2\/users\/8"}],"replies":[{"embeddable":true,"href":"https:\/\/powiatlwowecki.pl\/plci_json_endpoint\/wp\/v2\/comments?post=10367"}],"version-history":[{"count":1,"href":"https:\/\/powiatlwowecki.pl\/plci_json_endpoint\/wp\/v2\/posts\/10367\/revisions"}],"predecessor-version":[{"id":10368,"href":"https:\/\/powiatlwowecki.pl\/plci_json_endpoint\/wp\/v2\/posts\/10367\/revisions\/10368"}],"wp:featuredmedia":[{"embeddable":true,"href":"https:\/\/powiatlwowecki.pl\/plci_json_endpoint\/wp\/v2\/media\/10366"}],"wp:attachment":[{"href":"https:\/\/powiatlwowecki.pl\/plci_json_endpoint\/wp\/v2\/media?parent=10367"}],"wp:term":[{"taxonomy":"category","embeddable":true,"href":"https:\/\/powiatlwowecki.pl\/plci_json_endpoint\/wp\/v2\/categories?post=10367"},{"taxonomy":"post_tag","embeddable":true,"href":"https:\/\/powiatlwowecki.pl\/plci_json_endpoint\/wp\/v2\/tags?post=10367"}],"curies":[{"name":"wp","href":"https:\/\/api.w.org\/{rel}","templated":true}]}}